{"id":1006,"date":"2019-11-20T14:15:34","date_gmt":"2019-11-20T13:15:34","guid":{"rendered":"https:\/\/magazine.lapeyre.fr\/?p=1006"},"modified":"2025-03-13T10:07:09","modified_gmt":"2025-03-13T09:07:09","slug":"toit-terrasse","status":"publish","type":"post","link":"https:\/\/www.lapeyre.fr\/c\/magazine\/toit-terrasse\/","title":{"rendered":"Bien choisir votre toit de terrasse"},"content":{"rendered":"\r\n<p><strong>Et si votre terrasse s\u2019offrait un joli toit\u00a0? Qu\u2019il soit en aluminium ou en fer, \u00e9quip\u00e9 de stores enroulables ou encore de lames orientables, le toit vous permet de profiter au maximum de votre terrasse, \u00e0 l\u2019abri du soleil et de la pluie. D\u00e9couvrez l\u2019option qui convient le mieux \u00e0 votre maison et \u00e0 votre budget.<\/strong><\/p>\r\n\r\n\r\n\r\n<h2 class=\"wp-block-heading\">Une tonnelle adoss\u00e9e pour prot\u00e9ger votre terrasse<\/h2>\r\n\r\n\r\n\r\n<p>Si votre maison est une construction traditionnelle et que vous souhaitez maintenir son identit\u00e9, pr\u00e9f\u00e9rez une tonnelle adoss\u00e9e en acier ! Une tonnelle est g\u00e9n\u00e9ralement de style rustique avec de jolies courbes travaill\u00e9es. De plus, sa toile d\u2019ombrage peut \u00eatre r\u00e9tractable pour r\u00e9gler l\u2019ombre ou la lumi\u00e8re du soleil \u00e0 votre convenance. Cette toile donne aussi du cachet \u00e0 votre terrasse en s\u2019int\u00e9grant harmonieusement \u00e0 l\u2019environnement naturel de votre jardin.<\/p>\r\n\r\n\r\n\r\n<p>Notez que certains mod\u00e8les de tonnelles se d\u00e9clinent dans un style plus contemporain et moderne. Dans les deux cas, sa structure en fer la rend tr\u00e8s solide, r\u00e9sistante aux vents violents et durable.<\/p>\r\n\r\n\r\n\r\n<p>Selon la superficie \u00e0 couvrir, la tonnelle peut \u00eatre livr\u00e9e avec 2 ou 3 poteaux.<\/p>\r\n\r\n\r\n\r\n<figure class=\"wp-block-image size-full\"><img loading=\"lazy\" decoding=\"async\" width=\"674\" height=\"449\" class=\"wp-image-1008\" src=\"\/wp-content\/uploads\/2019\/11\/toit-terrasse2.jpg\" alt=\"Toit de terrasse aluminium\" srcset=\"https:\/\/www.lapeyre.fr\/wp-content\/uploads\/2019\/11\/toit-terrasse2.jpg 674w, https:\/\/www.lapeyre.fr\/wp-content\/uploads\/2019\/11\/toit-terrasse2-300x200.jpg 300w\" sizes=\"auto, (max-width: 674px) 100vw, 674px\" \/><\/figure>\r\n\r\n\r\n\r\n<h2 class=\"wp-block-heading\">Le <a href=\"https:\/\/www.lapeyre.fr\/toits-terrasse-CCN688024\">toit de terrasse<\/a> en aluminium pour un ext\u00e9rieur design<\/h2>\r\n\r\n\r\n\r\n<p>Pour donner une touche de modernit\u00e9 \u00e0 votre terrasse, optez pour\u00a0la pergola en <a href=\"https:\/\/www.lapeyre.fr\/toits-terrasse-CCN688024#facet:258465108117109105110105117109&amp;facetContent:&amp;productBeginIndex:0&amp;contentBeginIndex:0&amp;orderBy:6&amp;orderByContent:&amp;pageView:grid&amp;pageViewContent:&amp;minPrice:&amp;maxPrice:&amp;pageSize:&amp;\">aluminium <\/a>! L\u00e9ger, hyper r\u00e9sistant et facile d\u2019entretien, ce toit est en plus tr\u00e8s lumineux gr\u00e2ce \u00e0 sa couverture en polycarbonate transparent trait\u00e9 anti-UV. Il est disponible en 16 formats standards de 8 \u00e0 26\u00a0m\u00b2.<\/p>\r\n\r\n\r\n\r\n<p>Le soleil tape trop fort\u00a0? Vous pouvez placer des rideaux de fa\u00e7ade ou un voilage (kit ombrage) qui vous permettra de continuer \u00e0 profiter de votre terrasse aux heures les plus chaudes de la journ\u00e9e. Ces \u00e9l\u00e9ments sont livr\u00e9s en option.\u00a0<\/p>\r\n\r\n\r\n\r\n<p>Petite fantaisie offerte par l\u2019aluminium\u00a0: vous pouvez choisir votre toit parmi une large palette de couleurs \u00e0 la carte\u00a0!<\/p>\r\n\r\n\r\n\r\n<h2 class=\"wp-block-heading\"><strong><a href=\"https:\/\/www.lapeyre.fr\/terrasses-ombrages-SCU688012\">Terrasse<\/a> : focus sur l\u2019am\u00e9nagement ext\u00e9rieur<\/strong><\/h2>\r\n\r\n\r\n\r\n<p>Pour compl\u00e9ter l\u2018am\u00e9nagement ext\u00e9rieur et mettre en valeur votre terrasse couverte, voici quelques conseils d\u00e9co.<\/p>\r\n\r\n\r\n\r\n<figure class=\"wp-block-image size-full\"><img loading=\"lazy\" decoding=\"async\" width=\"867\" height=\"596\" class=\"wp-image-1007\" src=\"\/wp-content\/uploads\/2019\/11\/toit-terrasse3.jpg\" alt=\"Am\u00e9nagement terrasse avec toit\" srcset=\"https:\/\/www.lapeyre.fr\/wp-content\/uploads\/2019\/11\/toit-terrasse3.jpg 867w, https:\/\/www.lapeyre.fr\/wp-content\/uploads\/2019\/11\/toit-terrasse3-300x206.jpg 300w, https:\/\/www.lapeyre.fr\/wp-content\/uploads\/2019\/11\/toit-terrasse3-768x528.jpg 768w\" sizes=\"auto, (max-width: 867px) 100vw, 867px\" \/><\/figure>\r\n\r\n\r\n\r\n<h2 class=\"wp-block-heading\"><strong>Une terrasse verdoyante<\/strong><\/h2>\r\n\r\n\r\n\r\n<p>Pour vous prot\u00e9ger du vis-\u00e0-vis et cr\u00e9er un cocon de verdure, optez pour des plantes et arbustes : bambou, pseudosasa japonica, laurier noble, ficus&#8230; Choisissez des plantes bien adapt\u00e9es au climat de votre r\u00e9gion.<\/p>\r\n\r\n\r\n\r\n<h2 class=\"wp-block-heading\"><strong>Une terrasse r\u00e9tro<\/strong><\/h2>\r\n\r\n\r\n\r\n<p>Vous aimez l\u2019esprit guinguette ? Tr\u00e8s en vogue, la terrasse de style guinguette met en avant des \u00e9l\u00e9ments de d\u00e9co d\u2019inspiration vintage, aux coloris pastel : chaises d\u00e9pareill\u00e9es, tapis \u00e0 motifs, boules japonaises, guirlandes lumineuses ou lanternes\u2026<\/p>\r\n\r\n\r\n\r\n<h2 class=\"wp-block-heading\"><strong>Une terrasse boh\u00e8me<\/strong><\/h2>\r\n\r\n\r\n\r\n<p>Cosy, la terrasse boh\u00e8me invite \u00e0 la d\u00e9tente et \u00e0 la r\u00eaverie. Nomade, elle joue sur l\u2019accumulation de tapis et coussins aux coloris vari\u00e9s associ\u00e9s \u00e0 de jolis voiles d\u2019ombrage et meubles en rotin.<\/p>\r\n\n<p style=\"text-align: center;\"><a class=\"bouton bleu\" id=\"btn-rdv-magazine\" href=\"https:\/\/www.lapeyre.fr\/prise-de-rdv\">Prendre RDV<\/a><\/p>","protected":false},"excerpt":{"rendered":"<p>Et si votre terrasse s\u2019offrait un joli toit\u00a0? Qu\u2019il soit en aluminium ou en fer, \u00e9quip\u00e9 de&#8230;<\/p>\n","protected":false},"author":1005,"featured_media":1009,"comment_status":"open","ping_status":"open","sticky":false,"template":"","format":"standard","meta":{"_acf_changed":false,"footnotes":""},"categories":[982,979],"tags":[26],"class_list":{"2":"type-post","6":"hentry"},"acf":[],"_links":{"self":[{"href":"https:\/\/www.lapeyre.fr\/c\/magazine\/wp-json\/wp\/v2\/posts\/1006","targetHints":{"allow":["GET"]}}],"collection":[{"href":"https:\/\/www.lapeyre.fr\/c\/magazine\/wp-json\/wp\/v2\/posts"}],"about":[{"href":"https:\/\/www.lapeyre.fr\/c\/magazine\/wp-json\/wp\/v2\/types\/post"}],"author":[{"embeddable":true,"href":"https:\/\/www.lapeyre.fr\/c\/magazine\/wp-json\/wp\/v2\/users\/1005"}],"replies":[{"embeddable":true,"href":"https:\/\/www.lapeyre.fr\/c\/magazine\/wp-json\/wp\/v2\/comments?post=1006"}],"version-history":[{"count":0,"href":"https:\/\/www.lapeyre.fr\/c\/magazine\/wp-json\/wp\/v2\/posts\/1006\/revisions"}],"wp:featuredmedia":[{"embeddable":true,"href":"https:\/\/www.lapeyre.fr\/c\/magazine\/wp-json\/wp\/v2\/media\/1009"}],"wp:attachment":[{"href":"https:\/\/www.lapeyre.fr\/c\/magazine\/wp-json\/wp\/v2\/media?parent=1006"}],"wp:term":[{"taxonomy":"category","embeddable":true,"href":"https:\/\/www.lapeyre.fr\/c\/magazine\/wp-json\/wp\/v2\/categories?post=1006"},{"taxonomy":"post_tag","embeddable":true,"href":"https:\/\/www.lapeyre.fr\/c\/magazine\/wp-json\/wp\/v2\/tags?post=1006"}],"curies":[{"name":"wp","href":"https:\/\/api.w.org\/{rel}","templated":true}]}}