{"id":1039,"date":"2020-07-27T00:00:48","date_gmt":"2020-07-26T22:00:48","guid":{"rendered":"https:\/\/magazine.lapeyre.fr\/?p=1039"},"modified":"2025-03-11T11:52:22","modified_gmt":"2025-03-11T10:52:22","slug":"amenagement-de-terrasse-apprenez-a-poser-des-lames-ou-des-caillebotis","status":"publish","type":"post","link":"https:\/\/www.lapeyre.fr\/c\/magazine\/amenagement-de-terrasse-apprenez-a-poser-des-lames-ou-des-caillebotis\/","title":{"rendered":"Am\u00e9nagement de terrasse : apprenez \u00e0 poser des lames ou des caillebotis"},"content":{"rendered":"\r\n<p><strong>Pour am\u00e9nager votre espace terrasse ext\u00e9rieure et profiter des beaux jours, deux solutions s\u2019offrent \u00e0 vous : la pose de lames ou la pose de caillebotis. Pour l\u2019une ou l\u2019autre, Lapeyre vous explique tout.<\/strong><\/p>\r\n\r\n\r\n\r\n<figure class=\"wp-block-image size-large\"><img loading=\"lazy\" decoding=\"async\" width=\"1024\" height=\"645\" class=\"wp-image-1042\" src=\"\/wp-content\/uploads\/2019\/11\/amenagement-terrasse1-1024x645.jpg\" alt=\"Lames de terrasse et am\u00e9nagement\" srcset=\"https:\/\/www.lapeyre.fr\/wp-content\/uploads\/2019\/11\/amenagement-terrasse1-1024x645.jpg 1024w, https:\/\/www.lapeyre.fr\/wp-content\/uploads\/2019\/11\/amenagement-terrasse1-300x189.jpg 300w, https:\/\/www.lapeyre.fr\/wp-content\/uploads\/2019\/11\/amenagement-terrasse1-768x484.jpg 768w, https:\/\/www.lapeyre.fr\/wp-content\/uploads\/2019\/11\/amenagement-terrasse1.jpg 1467w\" sizes=\"auto, (max-width: 1024px) 100vw, 1024px\" \/><\/figure>\r\n\r\n\r\n\r\n<h2 class=\"wp-block-heading\">La pose de <a href=\"https:\/\/www.lapeyre.fr\/lames-terrasses-caillebotis-CCN688029\">lames de terrasse<\/a> \u00e9tape par \u00e9tape<\/h2>\r\n\r\n\r\n\r\n<h3 class=\"wp-block-heading\"><em>\u00c9tape 1 : la pose des lambourdes de votre terrasse ext\u00e9rieure<\/em><\/h3>\r\n\r\n\r\n\r\n<p>Am\u00e9nager un espace terrasse en le sur\u00e9levant gr\u00e2ce \u00e0 des lames ! Cette installation n\u00e9cessite un peu de dext\u00e9rit\u00e9 mais en suivant nos instructions d\u00e9taill\u00e9es tout devient possible.<\/p>\r\n\r\n\r\n\r\n<p>Temps de pose\u00a0: trois heures pour un bricoleur averti.<\/p>\r\n\r\n\r\n\r\n<p>Commencez par prendre les mesures de votre terrasse ext\u00e9rieure en vous rappelant qu\u2019une lame doit toujours \u00eatre soutenue \u00e0 ses extr\u00e9mit\u00e9s et par un minimum de trois lambourdes.<\/p>\r\n\r\n\r\n\r\n<p>D\u00e9coupez les lambourdes, percez et fraisez chaque point de fixation qui sera ensuite solidement viss\u00e9 au sol.<\/p>\r\n\r\n\r\n\r\n<p>Fixez maintenant les lambourdes int\u00e9rieures tous les 40\u00a0cm.<\/p>\r\n\r\n\r\n\r\n<p>Choisissez \u00e0 pr\u00e9sent la technique de fixation au sol : par vissage ou par clips.<\/p>\r\n\r\n\r\n\r\n<h3 class=\"wp-block-heading\"><em>\u00c9tape 2 : la pose de lames de terrasse<\/em><\/h3>\r\n\r\n\r\n\r\n<h4 class=\"wp-block-heading\">La pose de lames de terrasse par vissage<\/h4>\r\n\r\n\r\n\r\n<p>Pr\u00e9sentez votre premi\u00e8re lame, coupez-la puis marquez l\u2019emplacement des lambourdes. Percez les trous de fixation sur ces lignes. Pensez \u00e0 laisser un espace d\u00e9di\u00e9 \u00e0 l\u2019\u00e9coulement de l\u2019eau. Poursuivez sur toute la surface.\u00a0<\/p>\r\n\r\n\r\n\r\n<figure class=\"wp-block-image size-large\"><img loading=\"lazy\" decoding=\"async\" width=\"1024\" height=\"643\" class=\"wp-image-1041\" src=\"\/wp-content\/uploads\/2019\/11\/amenagement-terrasse2-1024x643.jpg\" alt=\"Am\u00e9nagement terrasse et accessoires\" srcset=\"https:\/\/www.lapeyre.fr\/wp-content\/uploads\/2019\/11\/amenagement-terrasse2-1024x643.jpg 1024w, https:\/\/www.lapeyre.fr\/wp-content\/uploads\/2019\/11\/amenagement-terrasse2-300x189.jpg 300w, https:\/\/www.lapeyre.fr\/wp-content\/uploads\/2019\/11\/amenagement-terrasse2-768x483.jpg 768w, https:\/\/www.lapeyre.fr\/wp-content\/uploads\/2019\/11\/amenagement-terrasse2-1536x965.jpg 1536w, https:\/\/www.lapeyre.fr\/wp-content\/uploads\/2019\/11\/amenagement-terrasse2.jpg 1698w\" sizes=\"auto, (max-width: 1024px) 100vw, 1024px\" \/><\/figure>\r\n\r\n\r\n\r\n<h4 class=\"wp-block-heading\">La pose de <a href=\"https:\/\/www.lapeyre.fr\/lames-terrasses-caillebotis-CCN688029\">lames de terrasse<\/a> par clips<\/h4>\r\n\r\n\r\n\r\n<p>Si vous utilisez les clips, la premi\u00e8re lame sera fix\u00e9e \u00e0 l\u2019aide d\u2019une colle \u00ab\u00a0sp\u00e9cial ext\u00e9rieur\u00a0\u00bb. Vissez ensuite les clips qui maintiendront les lames tout en r\u00e9servant un espace d\u00e9di\u00e9 \u00e0 l\u2019\u00e9coulement de l\u2019eau. Couvrez toute la terrasse ext\u00e9rieure et collez la derni\u00e8re lame.<\/p>\r\n\r\n\r\n\r\n<h3 class=\"wp-block-heading\"><em>\u00c9tape 3 : la pose des corni\u00e8res de votre terrasse ext\u00e9rieure<\/em><\/h3>\r\n\r\n\r\n\r\n<p>Pour la finition de votre terrasse ext\u00e9rieure, posez une corni\u00e8re. Vous vous assurez de prendre les mesures pr\u00e9cises, puis vous r\u00e9alisez une d\u00e9coupe \u00e0 45\u00b0. Il ne vous reste plus qu\u2019\u00e0 coller et \u00e0 unir les deux corni\u00e8res.<\/p>\r\n\r\n\r\n\r\n<p>Votre terrasse est pr\u00eate \u00e0 accueillir vos apr\u00e8s-midis de d\u00e9tente et vos soir\u00e9es entre amis.<\/p>\r\n\r\n\r\n\r\n<h2 class=\"wp-block-heading\">La pose des caillebotis de <a href=\"https:\/\/www.lapeyre.fr\/terrasses-ombrages-SCU688012\">terrasse<\/a><\/h2>\r\n\r\n\r\n\r\n<p>Pour am\u00e9nager votre terrasse rapidement, installez des caillebotis. La pose des caillebotis est tr\u00e8s simple et plus rapide que celle des lames de terrasse en bois. Tout en gardant un esprit nature\u00a0!<\/p>\r\n\r\n\r\n\r\n<h2 class=\"wp-block-heading\"><em>\u00c9tape 1 : la pose des lambourdes de votre terrasse ext\u00e9rieure<\/em><\/h2>\r\n\r\n\r\n\r\n<p>Pour une meilleure r\u00e9sistance, il est recommand\u00e9 d\u2019isoler vos caillebotis en les posant sur des lambourdes. Comme pour des lames, vous devez donc installer les lambourdes de fa\u00e7on parall\u00e8le, en veillant \u00e0 les espacer d\u2019une largeur \u00e9gale \u00e0 celle des caillebotis.<\/p>\r\n\r\n\r\n\r\n<figure class=\"wp-block-image size-large\"><img loading=\"lazy\" decoding=\"async\" width=\"1024\" height=\"934\" class=\"wp-image-1040\" src=\"\/wp-content\/uploads\/2019\/11\/amenagement-terrasse3-1024x934.jpg\" alt=\"Sol terrasse avec des accessoires\" srcset=\"https:\/\/www.lapeyre.fr\/wp-content\/uploads\/2019\/11\/amenagement-terrasse3-1024x934.jpg 1024w, https:\/\/www.lapeyre.fr\/wp-content\/uploads\/2019\/11\/amenagement-terrasse3-300x274.jpg 300w, https:\/\/www.lapeyre.fr\/wp-content\/uploads\/2019\/11\/amenagement-terrasse3-768x701.jpg 768w, https:\/\/www.lapeyre.fr\/wp-content\/uploads\/2019\/11\/amenagement-terrasse3.jpg 1164w\" sizes=\"auto, (max-width: 1024px) 100vw, 1024px\" \/><\/figure>\r\n\r\n\r\n\r\n<p>Fixez solidement les lambourdes dans le sol.<\/p>\r\n\r\n\r\n\r\n<h2 class=\"wp-block-heading\"><em>\u00c9tape 2 : la pose des caillebotis<\/em><\/h2>\r\n\r\n\r\n\r\n<p>Commencez la pose du premier caillebotis dans un angle. Il doit \u00eatre en appui sur les deux lambourdes.<\/p>\r\n\r\n\r\n\r\n<p>Fixez le premier caillebotis.<\/p>\r\n\r\n\r\n\r\n<p>Puis poursuivez la pose de vos caillebotis en longeant bien le mur, et fixez-les au fur et \u00e0 mesure sur les lambourdes. Une premi\u00e8re rang\u00e9e est ainsi form\u00e9e.<\/p>\r\n\r\n\r\n\r\n<p>Pour la seconde rang\u00e9e, vous pouvez cr\u00e9er un effet damier en changeant l\u2019orientation de vos caillebotis. Continuez ainsi sur toute la surface de votre terrasse !<\/p>\r\n\n<p style=\"text-align: center;\"><a class=\"bouton bleu\" id=\"btn-rdv-magazine\" href=\"https:\/\/www.lapeyre.fr\/prise-de-rdv\">Prendre RDV<\/a><\/p>","protected":false},"excerpt":{"rendered":"<p>Pour am\u00e9nager votre espace terrasse ext\u00e9rieure et profiter des beaux jours, deux solutions s\u2019offrent \u00e0 vous :&#8230;<\/p>\n","protected":false},"author":1005,"featured_media":0,"comment_status":"open","ping_status":"open","sticky":false,"template":"","format":"standard","meta":{"_acf_changed":false,"footnotes":""},"categories":[980,979],"tags":[26],"class_list":{"2":"type-post","5":"hentry"},"acf":[],"_links":{"self":[{"href":"https:\/\/www.lapeyre.fr\/c\/magazine\/wp-json\/wp\/v2\/posts\/1039","targetHints":{"allow":["GET"]}}],"collection":[{"href":"https:\/\/www.lapeyre.fr\/c\/magazine\/wp-json\/wp\/v2\/posts"}],"about":[{"href":"https:\/\/www.lapeyre.fr\/c\/magazine\/wp-json\/wp\/v2\/types\/post"}],"author":[{"embeddable":true,"href":"https:\/\/www.lapeyre.fr\/c\/magazine\/wp-json\/wp\/v2\/users\/1005"}],"replies":[{"embeddable":true,"href":"https:\/\/www.lapeyre.fr\/c\/magazine\/wp-json\/wp\/v2\/comments?post=1039"}],"version-history":[{"count":0,"href":"https:\/\/www.lapeyre.fr\/c\/magazine\/wp-json\/wp\/v2\/posts\/1039\/revisions"}],"wp:attachment":[{"href":"https:\/\/www.lapeyre.fr\/c\/magazine\/wp-json\/wp\/v2\/media?parent=1039"}],"wp:term":[{"taxonomy":"category","embeddable":true,"href":"https:\/\/www.lapeyre.fr\/c\/magazine\/wp-json\/wp\/v2\/categories?post=1039"},{"taxonomy":"post_tag","embeddable":true,"href":"https:\/\/www.lapeyre.fr\/c\/magazine\/wp-json\/wp\/v2\/tags?post=1039"}],"curies":[{"name":"wp","href":"https:\/\/api.w.org\/{rel}","templated":true}]}}