{"id":1055,"date":"2019-11-20T17:03:55","date_gmt":"2019-11-20T16:03:55","guid":{"rendered":"https:\/\/magazine.lapeyre.fr\/?p=1055"},"modified":"2025-03-13T10:06:31","modified_gmt":"2025-03-13T09:06:31","slug":"revetement-terasse-idee-cloture-jardin","status":"publish","type":"post","link":"https:\/\/www.lapeyre.fr\/c\/magazine\/revetement-terasse-idee-cloture-jardin\/","title":{"rendered":"Bien choisir votre sol de terrasse et votre cl\u00f4ture de jardin"},"content":{"rendered":"\r\n<p><strong>Pour le sol de votre <a href=\"https:\/\/www.lapeyre.fr\/terrasses-ombrages-SCU688012\" target=\"_blank\" rel=\"noreferrer noopener\" aria-label=\"terrasse (s\u2019ouvre dans un nouvel onglet)\">terrasse<\/a>, vous avez le choix : <a href=\"https:\/\/www.lapeyre.fr\/lames-terrasses-CCN0201\" target=\"_blank\" rel=\"noreferrer noopener\" aria-label=\"lames classiques (s\u2019ouvre dans un nouvel onglet)\">lames classiques<\/a>, caillebotis ou <a href=\"https:\/\/www.lapeyre.fr\/carrelage-terrasse-CCN0219\" target=\"_blank\" rel=\"noreferrer noopener\" aria-label=\"carrelage (s\u2019ouvre dans un nouvel onglet)\">carrelage<\/a>. Ces rev\u00eatements offrent une grande vari\u00e9t\u00e9 de styles. C\u00f4t\u00e9 <a href=\"https:\/\/www.lapeyre.fr\/clotures-CCN0224\" target=\"_blank\" rel=\"noreferrer noopener\" aria-label=\"cl\u00f4ture (s\u2019ouvre dans un nouvel onglet)\">cl\u00f4ture<\/a>, pour pr\u00e9server l\u2019intimit\u00e9 de votre espace, vous pouvez opter pour d\u2019\u00e9l\u00e9gants panneaux en bois et des cl\u00f4tures en composite.<\/strong><\/p>\r\n\r\n\r\n\r\n<h2 class=\"wp-block-heading\"><strong>Les rev\u00eatements de sols ext\u00e9rieurs<\/strong><\/h2>\r\n\r\n\r\n\r\n<figure class=\"wp-block-image size-large\"><img loading=\"lazy\" decoding=\"async\" width=\"1024\" height=\"637\" class=\"wp-image-1067\" src=\"\/wp-content\/uploads\/2019\/11\/sol_de_terrasse_carrelage-1024x637.jpg\" alt=\"sol de terrasse en carrelage avec feuilles mortes\r\n\" srcset=\"https:\/\/www.lapeyre.fr\/wp-content\/uploads\/2019\/11\/sol_de_terrasse_carrelage-1024x637.jpg 1024w, https:\/\/www.lapeyre.fr\/wp-content\/uploads\/2019\/11\/sol_de_terrasse_carrelage-300x187.jpg 300w, https:\/\/www.lapeyre.fr\/wp-content\/uploads\/2019\/11\/sol_de_terrasse_carrelage-768x478.jpg 768w, https:\/\/www.lapeyre.fr\/wp-content\/uploads\/2019\/11\/sol_de_terrasse_carrelage.jpg 1316w\" sizes=\"auto, (max-width: 1024px) 100vw, 1024px\" \/><\/figure>\r\n\r\n\r\n\r\n<p>Bois, galets, gazon synth\u00e9tique, m\u00e9tal ou carrelage<strong>\u00a0<\/strong>: les rev\u00eatements de sols ext\u00e9rieurs vous aident \u00e0 cr\u00e9er une ambiance design sur votre terrasse.<\/p>\r\n\r\n\r\n\r\n<h2 class=\"wp-block-heading\">La terrasse en caillebotis<\/h2>\r\n\r\n\r\n\r\n<p>Aussi simple \u00e0 installer qu\u2019innovante, la terrasse en caillebotis booste votre cr\u00e9ativit\u00e9\u00a0et permet de laisser libre cours \u00e0 votre imagination pour cr\u00e9er une terrasse originale.<\/p>\r\n\r\n\r\n\r\n<p>\u00c0 poser ou \u00e0 clipser, chaque plaque s\u2019installe en un clin d\u2019\u0153il sur votre balcon ou votre terrasse.\u00a0Nous vous proposons une palette de surfaces pour vous exprimer : h\u00eatre, acacia, aluminium, pierre, gazon synth\u00e9tique, mosa\u00efque, patchwork ou ardoise, galets ronds ou plats\u2026 Et toutes les combinaisons sont possibles si vous optez pour une pose en damier.<\/p>\r\n\r\n\r\n\r\n<figure class=\"wp-block-image size-large\"><img loading=\"lazy\" decoding=\"async\" width=\"1024\" height=\"952\" class=\"wp-image-1059\" src=\"\/wp-content\/uploads\/2019\/11\/sol_de_terrasse_parquet-1024x952.jpg\" alt=\"sol de terrasse en parquet avec chaise de jardin bleu\" srcset=\"https:\/\/www.lapeyre.fr\/wp-content\/uploads\/2019\/11\/sol_de_terrasse_parquet-1024x952.jpg 1024w, https:\/\/www.lapeyre.fr\/wp-content\/uploads\/2019\/11\/sol_de_terrasse_parquet-300x279.jpg 300w, https:\/\/www.lapeyre.fr\/wp-content\/uploads\/2019\/11\/sol_de_terrasse_parquet-768x714.jpg 768w, https:\/\/www.lapeyre.fr\/wp-content\/uploads\/2019\/11\/sol_de_terrasse_parquet.jpg 1140w\" sizes=\"auto, (max-width: 1024px) 100vw, 1024px\" \/><\/figure>\r\n\r\n\r\n\r\n<h2 class=\"wp-block-heading\">Les lames de terrasse en bois ou en composite<\/h2>\r\n\r\n\r\n\r\n<p>Une terrasse en bois, c\u2019est une transition naturelle vers le jardin. Les lames apportent chaleur et style \u00e0 votre espace ext\u00e9rieur et s\u2019int\u00e8grent facilement \u00e0 l\u2019environnement. Vous les trouvez en\u00a0bois de pin ou en composite.<\/p>\r\n\r\n\r\n\r\n<p>En pin, les lames de terrasse sont naturellement r\u00e9sistantes (certifi\u00e9 PEFC). Vous pouvez les choisir avec ou sans veinures, ou plut\u00f4t contemporaines en pin Radiata (certifi\u00e9 FSC) avec une surface stri\u00e9e en finition blanchie pour une note plus exotique.<\/p>\r\n\r\n\r\n\r\n<p>Vous poss\u00e9dez un jardin zen ? Prolongez l\u2019effet japonisant et exotique avec les lames Bambou (PEFC). \u00c9l\u00e9gantes et l\u00e9g\u00e8rement fonc\u00e9es, elles sont r\u00e9versibles et poss\u00e8dent une face lisse et une face rainur\u00e9e : id\u00e9al pour visualiser le rendu de chacune, avant la pose.<\/p>\r\n\r\n\r\n\r\n<p>Les lames dites composites (m\u00e9lange bois\/PVC) assurent une haute r\u00e9sistance et sont faciles d\u2019entretien. Pratiques, elles se posent avec des\u00a0vis inox\u00a0ou des\u00a0clips. Certaines sont r\u00e9versibles et disponibles en plusieurs teintes.<\/p>\r\n\r\n\r\n\r\n<h2 class=\"wp-block-heading\">Les carrelages pour terrasse<\/h2>\r\n\r\n\r\n\r\n<p>En mati\u00e8re de carrelage ext\u00e9rieur, les nouveaut\u00e9s Lapeyre cr\u00e9ent l\u2019illusion, m\u00eame en plein soleil. Design, nos formats rectangulaires et mosa\u00efques se parent d\u2019effets bluffants : imitation \u00ab bois vieilli \u00bb, teint\u00e9 gris-beige tr\u00e8s moderne, avec des reliefs ou encore un aspect \u00ab pierre panach\u00e9e \u00bb.<\/p>\r\n\r\n\r\n\r\n<h2 class=\"wp-block-heading\">Les panneaux en bois et cl\u00f4tures de jardin<\/h2>\r\n\r\n\r\n\r\n<p>Pour vous pr\u00e9server des regards indiscrets, optez pour des\u00a0panneaux en bois ou des cl\u00f4tures.<\/p>\r\n\r\n\r\n\r\n<figure class=\"wp-block-image size-large\"><img loading=\"lazy\" decoding=\"async\" width=\"1024\" height=\"635\" class=\"wp-image-1060\" src=\"\/wp-content\/uploads\/2019\/11\/panneau_de_terrasse_noir-1024x635.jpg\" alt=\"panneau de terrasse en bois et metal\" srcset=\"https:\/\/www.lapeyre.fr\/wp-content\/uploads\/2019\/11\/panneau_de_terrasse_noir-1024x635.jpg 1024w, https:\/\/www.lapeyre.fr\/wp-content\/uploads\/2019\/11\/panneau_de_terrasse_noir-300x186.jpg 300w, https:\/\/www.lapeyre.fr\/wp-content\/uploads\/2019\/11\/panneau_de_terrasse_noir-768x476.jpg 768w, https:\/\/www.lapeyre.fr\/wp-content\/uploads\/2019\/11\/panneau_de_terrasse_noir.jpg 1267w\" sizes=\"auto, (max-width: 1024px) 100vw, 1024px\" \/><\/figure>\r\n\r\n\r\n\r\n<h2 class=\"wp-block-heading\"><strong>Les panneaux en bois<\/strong><\/h2>\r\n\r\n\r\n\r\n<p>Esth\u00e9tiques, les panneaux permettent de pr\u00e9server l\u2019intimit\u00e9, mais aussi de cacher un mur astucieusement : certains mod\u00e8les peuvent int\u00e9grer des plantes pour cr\u00e9er un mini jardin vertical. Pour une terrasse encore plus conviviale, associez vos panneaux \u00e0 un toit ou une tonnelle de terrasse.<\/p>\r\n\r\n\r\n\r\n<h2 class=\"wp-block-heading\">Les cl\u00f4tures de jardin en composite ou en aluminium pour un entretien mini<\/h2>\r\n\r\n\r\n\r\n<p>Les cl\u00f4tures mettent votre jardin et votre terrasse \u00e0 l\u2019abri des regards. Compos\u00e9es de lames en <a href=\"https:\/\/www.lapeyre.fr\/composite-CCN688192\" target=\"_blank\" rel=\"noreferrer noopener\" aria-label=\"bois (s\u2019ouvre dans un nouvel onglet)\">bois<\/a> composite ou <a href=\"https:\/\/www.lapeyre.fr\/aluminium-CCN688191\" target=\"_blank\" rel=\"noreferrer noopener\" aria-label=\"aluminium (s\u2019ouvre dans un nouvel onglet)\">aluminium<\/a>, nos cl\u00f4tures sont r\u00e9sistantes, faciles d\u2019entretien et disponibles en plusieurs coloris et peuvent m\u00eame \u00eatre assorties au portail.<\/p>\r\n\n<p style=\"text-align: center;\"><a class=\"bouton bleu\" id=\"btn-rdv-magazine\" href=\"https:\/\/www.lapeyre.fr\/prise-de-rdv\">Prendre RDV<\/a><\/p>","protected":false},"excerpt":{"rendered":"<p>Pour le sol de votre terrasse, vous avez le choix : lames classiques, caillebotis ou carrelage. Ces&#8230;<\/p>\n","protected":false},"author":1002,"featured_media":0,"comment_status":"open","ping_status":"open","sticky":false,"template":"","format":"standard","meta":{"_acf_changed":false,"footnotes":""},"categories":[982,979],"tags":[25,26],"class_list":{"2":"type-post","5":"hentry"},"acf":[],"_links":{"self":[{"href":"https:\/\/www.lapeyre.fr\/c\/magazine\/wp-json\/wp\/v2\/posts\/1055","targetHints":{"allow":["GET"]}}],"collection":[{"href":"https:\/\/www.lapeyre.fr\/c\/magazine\/wp-json\/wp\/v2\/posts"}],"about":[{"href":"https:\/\/www.lapeyre.fr\/c\/magazine\/wp-json\/wp\/v2\/types\/post"}],"author":[{"embeddable":true,"href":"https:\/\/www.lapeyre.fr\/c\/magazine\/wp-json\/wp\/v2\/users\/1002"}],"replies":[{"embeddable":true,"href":"https:\/\/www.lapeyre.fr\/c\/magazine\/wp-json\/wp\/v2\/comments?post=1055"}],"version-history":[{"count":0,"href":"https:\/\/www.lapeyre.fr\/c\/magazine\/wp-json\/wp\/v2\/posts\/1055\/revisions"}],"wp:attachment":[{"href":"https:\/\/www.lapeyre.fr\/c\/magazine\/wp-json\/wp\/v2\/media?parent=1055"}],"wp:term":[{"taxonomy":"category","embeddable":true,"href":"https:\/\/www.lapeyre.fr\/c\/magazine\/wp-json\/wp\/v2\/categories?post=1055"},{"taxonomy":"post_tag","embeddable":true,"href":"https:\/\/www.lapeyre.fr\/c\/magazine\/wp-json\/wp\/v2\/tags?post=1055"}],"curies":[{"name":"wp","href":"https:\/\/api.w.org\/{rel}","templated":true}]}}