{"id":1056,"date":"2019-11-20T16:47:43","date_gmt":"2019-11-20T15:47:43","guid":{"rendered":"https:\/\/magazine.lapeyre.fr\/?p=1056"},"modified":"2025-03-18T14:16:20","modified_gmt":"2025-03-18T13:16:20","slug":"securite-portes-garage","status":"publish","type":"post","link":"https:\/\/www.lapeyre.fr\/c\/magazine\/securite-portes-garage\/","title":{"rendered":"La s\u00e9curit\u00e9 des portes de garage"},"content":{"rendered":"\r\n<p><strong>Votre porte de garage doit \u00eatre \u00e0 la fois un syst\u00e8me de s\u00e9curit\u00e9 anti effraction et disposer des m\u00e9canismes n\u00e9cessaires pour la protection de ses utilisateurs. Il existe plusieurs types de portes de garage.<\/strong><\/p>\r\n\r\n\r\n\r\n<h2 class=\"wp-block-heading\">Syst\u00e8me de s\u00e9curit\u00e9 anti effraction des portes de garage<\/h2>\r\n\r\n\r\n\r\n<p>Le meilleur niveau de s\u00e9curit\u00e9 est garanti par les <a href=\"https:\/\/www.lapeyre.fr\/portes-garage-CCN687939\">portes de garage<\/a> sectionnelles, enroulables et battantes, gr\u00e2ce \u00e0 la rigidit\u00e9 et \u00e0 la stabilit\u00e9 des parois en acier. Certains mod\u00e8les assurent un degr\u00e9 sup\u00e9rieur de protection avec des syst\u00e8mes de blocage sp\u00e9cifiques.<\/p>\r\n\r\n\r\n\r\n<p>Pour les portes avec hublots, choisissez du double-vitrage ou des grilles de d\u00e9fense. Pour une s\u00e9curit\u00e9 renforc\u00e9e, pensez \u00e0 la porte de garage pliante en acier.<\/p>\r\n\r\n\r\n\r\n<p>L\u2019installation d\u2019une motorisation de portes de garage offre une protection suppl\u00e9mentaire, avec une fermeture 2 ou 3 points de verrouillage selon les mod\u00e8les, et une protection \u00e9lectronique de la position ferm\u00e9e.<\/p>\r\n\r\n\r\n\r\n<figure class=\"wp-block-image size-full\"><img loading=\"lazy\" decoding=\"async\" width=\"1524\" height=\"1016\" class=\"wp-image-212\" src=\"\/wp-content\/uploads\/2019\/10\/porte-de-garage-coulissante.jpg\" alt=\"Porte de garage coulissante lat\u00e9rale d'une grande maison entour\u00e9e de verdure\" srcset=\"https:\/\/www.lapeyre.fr\/wp-content\/uploads\/2019\/10\/porte-de-garage-coulissante.jpg 1524w, https:\/\/www.lapeyre.fr\/wp-content\/uploads\/2019\/10\/porte-de-garage-coulissante-300x200.jpg 300w, https:\/\/www.lapeyre.fr\/wp-content\/uploads\/2019\/10\/porte-de-garage-coulissante-768x512.jpg 768w, https:\/\/www.lapeyre.fr\/wp-content\/uploads\/2019\/10\/porte-de-garage-coulissante-1024x683.jpg 1024w\" sizes=\"auto, (max-width: 1524px) 100vw, 1524px\" \/><\/figure>\r\n\r\n\r\n\r\n<h2 class=\"wp-block-heading\">S\u00e9curit\u00e9 anti pincement et motorisation de porte de garage<\/h2>\r\n\r\n\r\n\r\n<p>Avec un \u00e9quilibrage particuli\u00e8rement pr\u00e9cis et un dispositif anti-pince doigts, la man\u0153uvre des portes de garage sectionnelles se fait en toute s\u00e9r\u00e9nit\u00e9.<\/p>\r\n\r\n\r\n\r\n<p>Mais pour \u00eatre s\u00fbr d\u2019\u00e9viter tout accident, pensez \u00e0 un syst\u00e8me de motorisation pour vos portes sectionnelles et basculantes ! Une s\u00e9curit\u00e9 d\u00e9clenche l\u2019arr\u00eat imm\u00e9diat de la porte en cas d&rsquo;obstacle.<\/p>\r\n\r\n\r\n\r\n<p>A savoir : les portes enroulables comportent une motorisation int\u00e9gr\u00e9e.<\/p>\r\n\n<p style=\"text-align: center;\"><a class=\"bouton bleu\" id=\"btn-rdv-magazine\" href=\"https:\/\/www.lapeyre.fr\/prise-de-rdv\">Prendre RDV<\/a><\/p>","protected":false},"excerpt":{"rendered":"<p>Votre porte de garage doit \u00eatre \u00e0 la fois un syst\u00e8me de s\u00e9curit\u00e9 anti effraction et disposer&#8230;<\/p>\n","protected":false},"author":1005,"featured_media":0,"comment_status":"open","ping_status":"open","sticky":false,"template":"","format":"standard","meta":{"_acf_changed":false,"footnotes":""},"categories":[981,979],"tags":[23],"class_list":{"2":"type-post","5":"hentry"},"acf":[],"_links":{"self":[{"href":"https:\/\/www.lapeyre.fr\/c\/magazine\/wp-json\/wp\/v2\/posts\/1056","targetHints":{"allow":["GET"]}}],"collection":[{"href":"https:\/\/www.lapeyre.fr\/c\/magazine\/wp-json\/wp\/v2\/posts"}],"about":[{"href":"https:\/\/www.lapeyre.fr\/c\/magazine\/wp-json\/wp\/v2\/types\/post"}],"author":[{"embeddable":true,"href":"https:\/\/www.lapeyre.fr\/c\/magazine\/wp-json\/wp\/v2\/users\/1005"}],"replies":[{"embeddable":true,"href":"https:\/\/www.lapeyre.fr\/c\/magazine\/wp-json\/wp\/v2\/comments?post=1056"}],"version-history":[{"count":0,"href":"https:\/\/www.lapeyre.fr\/c\/magazine\/wp-json\/wp\/v2\/posts\/1056\/revisions"}],"wp:attachment":[{"href":"https:\/\/www.lapeyre.fr\/c\/magazine\/wp-json\/wp\/v2\/media?parent=1056"}],"wp:term":[{"taxonomy":"category","embeddable":true,"href":"https:\/\/www.lapeyre.fr\/c\/magazine\/wp-json\/wp\/v2\/categories?post=1056"},{"taxonomy":"post_tag","embeddable":true,"href":"https:\/\/www.lapeyre.fr\/c\/magazine\/wp-json\/wp\/v2\/tags?post=1056"}],"curies":[{"name":"wp","href":"https:\/\/api.w.org\/{rel}","templated":true}]}}