{"id":1147,"date":"2019-11-27T15:48:57","date_gmt":"2019-11-27T14:48:57","guid":{"rendered":"https:\/\/magazine.lapeyre.fr\/?p=1147"},"modified":"2025-12-16T10:52:01","modified_gmt":"2025-12-16T09:52:01","slug":"pose-porte-interieur","status":"publish","type":"post","link":"https:\/\/www.lapeyre.fr\/c\/magazine\/pose-porte-interieur\/","title":{"rendered":"Comment poser une porte d&rsquo;int\u00e9rieur ?"},"content":{"rendered":"\r\n<p><span class=\"TextRun SCXW185614849 BCX0\" lang=\"FR-FR\" xml:lang=\"FR-FR\" data-contrast=\"auto\"><span class=\"NormalTextRun SCXW185614849 BCX0\">Apprenez \u00e0 poser facilement une porte d\u2019int\u00e9rieur avec Lapeyre : mat\u00e9riel, prise de <\/span><span class=\"NormalTextRun ContextualSpellingAndGrammarErrorV2Themed SCXW185614849 BCX0\">cotes<\/span><span class=\"NormalTextRun SCXW185614849 BCX0\"> et \u00e9tapes de pose pour un r\u00e9sultat parfait.<\/span><\/span><span class=\"EOP SCXW185614849 BCX0\" data-ccp-props=\"{&quot;201341983&quot;:0,&quot;335559739&quot;:160,&quot;335559740&quot;:278}\">\u00a0<\/span><\/p>\r\n\r\n\r\n\r\n\r\n\r\n<h2 class=\"wp-block-heading\"><span class=\"TextRun SCXW173920509 BCX0\" lang=\"FR-FR\" xml:lang=\"FR-FR\" data-contrast=\"auto\"><span class=\"NormalTextRun SCXW173920509 BCX0\">Comment poser une porte d\u2019int\u00e9rieur ?<\/span><\/span><\/h2>\r\n\r\n\r\n\r\n<p><span class=\"TextRun SCXW83876476 BCX0\" lang=\"FR-FR\" xml:lang=\"FR-FR\" data-contrast=\"auto\"><span class=\"NormalTextRun SCXW83876476 BCX0\">Lapeyre rend possible toutes vos envies de travaux, d\u2019<\/span><span class=\"NormalTextRun SCXW83876476 BCX0\">am\u00e9nagement et<\/span><span class=\"NormalTextRun SCXW83876476 BCX0\"> de r\u00e9novation int\u00e9rieure. Au menu : la pose d\u2019un\u202f<\/span><span class=\"NormalTextRun SCXW83876476 BCX0\">bloc-porte d\u2019int\u00e9rieur<\/span><span class=\"NormalTextRun SCXW83876476 BCX0\">. Pour cet am\u00e9nagement, le temps de pose est de trois heures. Vous d\u00e9couvrirez tout le mat\u00e9riel dont vous avez besoin, <\/span><span class=\"NormalTextRun SCXW83876476 BCX0\">comment <\/span><span class=\"NormalTextRun SCXW83876476 BCX0\">effectuer une prise de cote et de fixer l\u2019huisserie pour que votre porte s\u2019ouvre et se ferme sans aucun frottement. Suivez minutieusement chacune des \u00e9tapes de cette installation et commencez \u00e0 changer vos portes selon vos envies !<\/span><\/span><span class=\"EOP SCXW83876476 BCX0\" data-ccp-props=\"{}\">\u00a0<\/span><\/p>\r\n<p><img loading=\"lazy\" decoding=\"async\" class=\"aligncenter wp-image-4716 size-large\" src=\"https:\/\/www.lapeyre.fr\/wp-content\/uploads\/2019\/11\/202500014_4-1024x768.jpg\" alt=\"Porte d'int\u00e9rieur QUADRAL 4 VITRAGES BP H90\" width=\"1024\" height=\"768\" srcset=\"https:\/\/www.lapeyre.fr\/wp-content\/uploads\/2019\/11\/202500014_4-1024x768.jpg 1024w, https:\/\/www.lapeyre.fr\/wp-content\/uploads\/2019\/11\/202500014_4-300x225.jpg 300w, https:\/\/www.lapeyre.fr\/wp-content\/uploads\/2019\/11\/202500014_4-768x576.jpg 768w, https:\/\/www.lapeyre.fr\/wp-content\/uploads\/2019\/11\/202500014_4-1536x1152.jpg 1536w, https:\/\/www.lapeyre.fr\/wp-content\/uploads\/2019\/11\/202500014_4-2048x1536.jpg 2048w, https:\/\/www.lapeyre.fr\/wp-content\/uploads\/2019\/11\/202500014_4-1920x1440.jpg 1920w\" sizes=\"auto, (max-width: 1024px) 100vw, 1024px\" \/><\/p>\r\n\r\n\r\n\r\n<h2 class=\"wp-block-heading\"><span class=\"TextRun SCXW187440027 BCX0\" lang=\"FR-FR\" xml:lang=\"FR-FR\" data-contrast=\"auto\"><span class=\"NormalTextRun SCXW187440027 BCX0\">Porte ou bloc-porte\u202f: quelle diff\u00e9rence\u202f?<\/span><\/span><\/h2>\r\n\r\n\r\n\r\n<p><span data-contrast=\"auto\">Avant de poser votre porte int\u00e9rieure, vous devez ma\u00eetriser quelques notions\u202f!<\/span><span data-ccp-props=\"{}\">\u00a0<\/span><\/p>\r\n<p><span data-contrast=\"auto\">La porte est la cloison visible et mobile, sans le cadre ni les accessoires de fixation. Le bloc-porte, quant \u00e0 lui, est un ensemble complet qui comprend\u202f:<\/span><span data-ccp-props=\"{}\">\u00a0<\/span><\/p>\r\n<ul>\r\n<li aria-setsize=\"-1\" data-leveltext=\"\uf0b7\" data-font=\"Symbol\" data-listid=\"1\" data-list-defn-props=\"{&quot;134224900&quot;:false,&quot;335551671&quot;:2,&quot;335552541&quot;:1,&quot;335559685&quot;:720,&quot;335559991&quot;:360,&quot;469769226&quot;:&quot;Symbol&quot;,&quot;469769242&quot;:[8226],&quot;469777803&quot;:&quot;left&quot;,&quot;469777804&quot;:&quot;\uf0b7&quot;,&quot;469777815&quot;:&quot;hybridMultilevel&quot;}\" data-aria-posinset=\"2\" data-aria-level=\"1\"><span data-contrast=\"auto\">la porte<\/span><span data-ccp-props=\"{}\">\u00a0<\/span><\/li>\r\n<\/ul>\r\n<ul>\r\n<li aria-setsize=\"-1\" data-leveltext=\"\uf0b7\" data-font=\"Symbol\" data-listid=\"1\" data-list-defn-props=\"{&quot;134224900&quot;:false,&quot;335551671&quot;:2,&quot;335552541&quot;:1,&quot;335559685&quot;:720,&quot;335559991&quot;:360,&quot;469769226&quot;:&quot;Symbol&quot;,&quot;469769242&quot;:[8226],&quot;469777803&quot;:&quot;left&quot;,&quot;469777804&quot;:&quot;\uf0b7&quot;,&quot;469777815&quot;:&quot;hybridMultilevel&quot;}\" data-aria-posinset=\"3\" data-aria-level=\"1\"><span data-contrast=\"auto\">le dormant ou b\u00e2ti<\/span><span data-ccp-props=\"{}\">\u00a0<\/span><\/li>\r\n<\/ul>\r\n<ul>\r\n<li aria-setsize=\"-1\" data-leveltext=\"\uf0b7\" data-font=\"Symbol\" data-listid=\"1\" data-list-defn-props=\"{&quot;134224900&quot;:false,&quot;335551671&quot;:2,&quot;335552541&quot;:1,&quot;335559685&quot;:720,&quot;335559991&quot;:360,&quot;469769226&quot;:&quot;Symbol&quot;,&quot;469769242&quot;:[8226],&quot;469777803&quot;:&quot;left&quot;,&quot;469777804&quot;:&quot;\uf0b7&quot;,&quot;469777815&quot;:&quot;hybridMultilevel&quot;}\" data-aria-posinset=\"4\" data-aria-level=\"1\"><span data-contrast=\"auto\">les paumelles<\/span><span data-ccp-props=\"{}\">\u00a0<\/span><\/li>\r\n<\/ul>\r\n<ul>\r\n<li aria-setsize=\"-1\" data-leveltext=\"\uf0b7\" data-font=\"Symbol\" data-listid=\"1\" data-list-defn-props=\"{&quot;134224900&quot;:false,&quot;335551671&quot;:2,&quot;335552541&quot;:1,&quot;335559685&quot;:720,&quot;335559991&quot;:360,&quot;469769226&quot;:&quot;Symbol&quot;,&quot;469769242&quot;:[8226],&quot;469777803&quot;:&quot;left&quot;,&quot;469777804&quot;:&quot;\uf0b7&quot;,&quot;469777815&quot;:&quot;hybridMultilevel&quot;}\" data-aria-posinset=\"5\" data-aria-level=\"1\"><span data-contrast=\"auto\">la serrure<\/span><span data-ccp-props=\"{}\">\u00a0<\/span><\/li>\r\n<\/ul>\r\n<ul>\r\n<li aria-setsize=\"-1\" data-leveltext=\"\uf0b7\" data-font=\"Symbol\" data-listid=\"1\" data-list-defn-props=\"{&quot;134224900&quot;:false,&quot;335551671&quot;:2,&quot;335552541&quot;:1,&quot;335559685&quot;:720,&quot;335559991&quot;:360,&quot;469769226&quot;:&quot;Symbol&quot;,&quot;469769242&quot;:[8226],&quot;469777803&quot;:&quot;left&quot;,&quot;469777804&quot;:&quot;\uf0b7&quot;,&quot;469777815&quot;:&quot;hybridMultilevel&quot;}\" data-aria-posinset=\"6\" data-aria-level=\"1\"><span data-contrast=\"auto\">la <\/span><strong><a href=\"https:\/\/www.lapeyre.fr\/produits\/menuiserie-porte-fenetre\/porte-dinterieur\/poignee-porte-dinterieur\">poign\u00e9e de porte int\u00e9rieure<\/a>\u00a0<\/strong><\/li>\r\n<\/ul>\r\n<p><b><span data-contrast=\"auto\">Bon \u00e0 savoir<\/span><\/b><span data-contrast=\"auto\">\u202f: pour installer une <\/span><a href=\"https:\/\/www.lapeyre.fr\/produits\/menuiserie-porte-fenetre\/porte-dinterieur\/porte-coulissante\"><span data-contrast=\"none\"><strong>porte coulissante<\/strong><\/span><\/a><span data-contrast=\"auto\">, il est n\u00e9cessaire d\u2019opter pour un <\/span><a href=\"https:\/\/www.lapeyre.fr\/produits\/menuiserie-porte-fenetre\/porte-dinterieur\/systeme-pour-porte-coulissante\"><span data-contrast=\"none\"><strong>syst\u00e8me sp\u00e9cifique<\/strong><\/span><\/a><span data-contrast=\"auto\">. Dans ce cas pr\u00e9cis, pas besoin de bloc-porte\u202f!<\/span><span data-ccp-props=\"{}\">\u00a0<\/span><\/p>\r\n<ul>\r\n<li aria-setsize=\"-1\" data-leveltext=\"\uf0b7\" data-font=\"Symbol\" data-listid=\"1\" data-list-defn-props=\"{&quot;134224900&quot;:false,&quot;335551671&quot;:2,&quot;335552541&quot;:1,&quot;335559685&quot;:720,&quot;335559991&quot;:360,&quot;469769226&quot;:&quot;Symbol&quot;,&quot;469769242&quot;:[8226],&quot;469777803&quot;:&quot;left&quot;,&quot;469777804&quot;:&quot;\uf0b7&quot;,&quot;469777815&quot;:&quot;hybridMultilevel&quot;}\" data-aria-posinset=\"7\" data-aria-level=\"1\"><span data-contrast=\"auto\">Porte coulissante en applique\u202f: il faut un rail et une porte coulissante.<\/span><span data-ccp-props=\"{}\">\u00a0<\/span><\/li>\r\n<\/ul>\r\n<ul>\r\n<li aria-setsize=\"-1\" data-leveltext=\"\uf0b7\" data-font=\"Symbol\" data-listid=\"1\" data-list-defn-props=\"{&quot;134224900&quot;:false,&quot;335551671&quot;:2,&quot;335552541&quot;:1,&quot;335559685&quot;:720,&quot;335559991&quot;:360,&quot;469769226&quot;:&quot;Symbol&quot;,&quot;469769242&quot;:[8226],&quot;469777803&quot;:&quot;left&quot;,&quot;469777804&quot;:&quot;\uf0b7&quot;,&quot;469777815&quot;:&quot;hybridMultilevel&quot;}\" data-aria-posinset=\"8\" data-aria-level=\"1\"><span data-contrast=\"auto\">Porte coulissante \u00e0 galandage\u202f: il faut un ch\u00e2ssis de galandage et une porte coulissante compatible.<\/span><span data-ccp-props=\"{}\">\u00a0<\/span><\/li>\r\n<\/ul>\r\n\r\n\r\n\r\n<h2 class=\"wp-block-heading\"><span class=\"NormalTextRun SCXW191587263 BCX0\">La<\/span><span class=\"NormalTextRun SCXW191587263 BCX0\"> prise de cote pr\u00e9a<\/span><span class=\"NormalTextRun SCXW191587263 BCX0\">la<\/span><span class=\"NormalTextRun SCXW191587263 BCX0\">ble \u00e0 toute pose de porte d\u2019int\u00e9rieur<\/span><\/h2>\r\n\r\n\r\n\r\n<p><span class=\"TextRun SCXW238575072 BCX0\" lang=\"FR-FR\" xml:lang=\"FR-FR\" data-contrast=\"auto\"><span class=\"NormalTextRun SCXW238575072 BCX0\">Pr\u00e9sentez le bloc porte face \u00e0 votre ouverture de <\/span><\/span><a class=\"Hyperlink SCXW238575072 BCX0\" href=\"https:\/\/www.lapeyre.fr\/produits\/menuiserie-porte-fenetre\/porte-dinterieur\" target=\"_blank\" rel=\"noreferrer noopener\"><span class=\"TextRun Underlined SCXW238575072 BCX0\" lang=\"FR-FR\" xml:lang=\"FR-FR\" data-contrast=\"none\"><span class=\"NormalTextRun SCXW238575072 BCX0\" data-ccp-charstyle=\"Hyperlink\"><strong>porte<\/strong><\/span><\/span><\/a><span class=\"TextRun SCXW238575072 BCX0\" lang=\"FR-FR\" xml:lang=\"FR-FR\" data-contrast=\"auto\"><span class=\"NormalTextRun SCXW238575072 BCX0\"> pour prendre les mesures et v\u00e9rifier qu\u2019elles sont bonnes. Choisissez le sens d\u2019ouverture et faites <\/span><span class=\"NormalTextRun SCXW238575072 BCX0\">la<\/span><span class=\"NormalTextRun SCXW238575072 BCX0\"> prise de cote. \u00d4tez les liteaux de maintien et, si votre sol est termin\u00e9, sciez les 5 mm de d\u00e9bord <\/span><span class=\"NormalTextRun SCXW238575072 BCX0\">la<\/span><span class=\"NormalTextRun SCXW238575072 BCX0\">iss\u00e9s pour le ragr\u00e9age.<\/span> <span class=\"NormalTextRun SCXW238575072 BCX0\">Assurez-vous \u00e9galement que le joint entre le mur et le b\u00e2ti est bien align\u00e9 pour un rendu esth\u00e9tique.<\/span><\/span><span class=\"EOP SCXW238575072 BCX0\" data-ccp-props=\"{}\">\u00a0<\/span><\/p>\r\n\r\n\r\n\r\n<h2 class=\"wp-block-heading\"><span class=\"NormalTextRun SCXW127167570 BCX0\">La<\/span><span class=\"NormalTextRun SCXW127167570 BCX0\"> fixation de l\u2019huisserie de votre porte d\u2019int\u00e9rieur<\/span><\/h2>\r\n\r\n\r\n\r\n<p><span class=\"TextRun SCXW192992699 BCX0\" lang=\"FR-FR\" xml:lang=\"FR-FR\" data-contrast=\"auto\"><span class=\"NormalTextRun SCXW192992699 BCX0\">Pour fixer le montant <\/span><span class=\"NormalTextRun SCXW192992699 BCX0\">du bloc-<\/span><span class=\"NormalTextRun SCXW192992699 BCX0\">porte, commencez par <\/span><span class=\"NormalTextRun SCXW192992699 BCX0\">v\u00e9rifier<\/span><span class=\"NormalTextRun SCXW192992699 BCX0\"> avec un niveau \u00e0 bulle qu\u2019il est bien vertical. Percez, fraisez et vissez le montant sur toute <\/span><span class=\"NormalTextRun SCXW192992699 BCX0\">la<\/span><span class=\"NormalTextRun SCXW192992699 BCX0\"> hauteur pour une fixation stable et solide.<\/span><\/span><span class=\"EOP SCXW192992699 BCX0\" data-ccp-props=\"{}\">\u00a0<\/span><\/p>\r\n<h2><span class=\"NormalTextRun SCXW141136022 BCX0\">La<\/span><span class=\"NormalTextRun SCXW141136022 BCX0\"> pose de l\u2019huisserie de votre porte d\u2019int\u00e9rieur<\/span><\/h2>\r\n<p>\r\n\r\n<\/p>\r\n<p><span class=\"TextRun SCXW195883955 BCX0\" lang=\"FR-FR\" xml:lang=\"FR-FR\" data-contrast=\"auto\"><span class=\"NormalTextRun SCXW195883955 BCX0\">Avant de fixer le reste de l\u2019encadrement de<\/span> <span class=\"NormalTextRun SCXW195883955 BCX0\">la<\/span><span class=\"NormalTextRun SCXW195883955 BCX0\"> porte, v\u00e9rifiez <\/span><span class=\"NormalTextRun SCXW195883955 BCX0\">la<\/span><span class=\"NormalTextRun SCXW195883955 BCX0\"> verticalit\u00e9 du montant de <\/span><span class=\"NormalTextRun SCXW195883955 BCX0\">la<\/span> <span class=\"NormalTextRun SCXW195883955 BCX0\">serrure<\/span><span class=\"NormalTextRun SCXW195883955 BCX0\"> et <\/span><span class=\"NormalTextRun SCXW195883955 BCX0\">la<\/span><span class=\"NormalTextRun SCXW195883955 BCX0\"> bonne horizontalit\u00e9 de <\/span><span class=\"NormalTextRun SCXW195883955 BCX0\">la<\/span><span class=\"NormalTextRun SCXW195883955 BCX0\"> traverse. P<\/span><span class=\"NormalTextRun SCXW195883955 BCX0\">la<\/span><span class=\"NormalTextRun SCXW195883955 BCX0\">cez <\/span><span class=\"NormalTextRun SCXW195883955 BCX0\">la<\/span><span class=\"NormalTextRun SCXW195883955 BCX0\"> porte pour vous assurer qu\u2019elle ne frotte pas au niveau du sol.<\/span><span class=\"NormalTextRun SCXW195883955 BCX0\"> Pour une porte coulissante ou \u00e0 ga<\/span><span class=\"NormalTextRun SCXW195883955 BCX0\">la<\/span><span class=\"NormalTextRun SCXW195883955 BCX0\">ndage, <\/span><span class=\"NormalTextRun SCXW195883955 BCX0\">veillez \u00e0 <\/span><span class=\"NormalTextRun SCXW195883955 BCX0\">pr\u00e9parer le <\/span><span class=\"NormalTextRun SCXW195883955 BCX0\">rail<\/span><span class=\"NormalTextRun SCXW195883955 BCX0\"> ou le ch\u00e2ssis avant <\/span><span class=\"NormalTextRun SCXW195883955 BCX0\">la<\/span> <span class=\"NormalTextRun ContextualSpellingAndGrammarErrorV2Themed SCXW195883955 BCX0\">pose<\/span><span class=\"NormalTextRun SCXW195883955 BCX0\">. <\/span><span class=\"NormalTextRun SCXW195883955 BCX0\">Cette \u00e9tape est <\/span><span class=\"NormalTextRun SCXW195883955 BCX0\">plus qu\u2019importante<\/span><span class=\"NormalTextRun SCXW195883955 BCX0\"> pour garantir une ouverture fluide et silencieuse.<\/span><\/span><span class=\"EOP SCXW195883955 BCX0\" data-ccp-props=\"{}\">\u00a0<\/span><\/p>\r\n<h2><span class=\"NormalTextRun SCXW35426361 BCX0\">La<\/span><span class=\"NormalTextRun SCXW35426361 BCX0\"> fixation de <\/span><span class=\"NormalTextRun SCXW35426361 BCX0\">la<\/span><span class=\"NormalTextRun SCXW35426361 BCX0\"> traverse et du montant de <\/span><span class=\"NormalTextRun SCXW35426361 BCX0\">la<\/span><span class=\"NormalTextRun SCXW35426361 BCX0\"> serrure<\/span><\/h2>\r\n<p>\r\n\r\n<\/p>\r\n<p><span data-contrast=\"auto\">Il ne vous reste plus qu\u2019\u00e0 fixer la traverse et le montant de la serrure en r\u00e9p\u00e9tant le m\u00eame processus que pour le montant de porte d\u00e9j\u00e0 fix\u00e9. Placez la porte dans ses gonds.<\/span><span data-ccp-props=\"{}\">\u00a0<\/span><\/p>\r\n<p><span data-contrast=\"auto\">Vous savez d\u00e9sormais comment poser une porte int\u00e9rieure\u202f! Et si vous aimez les projets de r\u00e9novation int\u00e9rieure, apprenez aussi \u00e0 prendre correctement les <\/span><strong><a href=\"https:\/\/www.lapeyre.fr\/c\/magazine\/mesures-changement-fenetres\/\">mesures pour remplacer une fen\u00eatre<\/a><\/strong><span data-contrast=\"auto\"> et ma\u00eetrisez toutes les \u00e9tapes de vos travaux, du relev\u00e9 de cotes \u00e0 la pose compl\u00e8te de la cloison\u202f!<\/span><span data-ccp-props=\"{}\">\u00a0<\/span><\/p>\r\n<p><span data-contrast=\"auto\">Pour aller plus loin dans votre projet, pensez \u00e0 prendre\u202frendez-vous\u202favec un conseiller Lapeyre, \u00e0 domicile ou en magasin. Nos experts sont l\u00e0 pour vous accompagner et concr\u00e9tiser vos envies, simplement et sereinement !<\/span><span data-ccp-props=\"{&quot;335551550&quot;:6,&quot;335551620&quot;:6}\">\u00a0<\/span><\/p>\r\n\n<p style=\"text-align: center;\"><a class=\"bouton bleu\" id=\"btn-rdv-magazine\" href=\"https:\/\/www.lapeyre.fr\/prise-de-rdv\">Prendre RDV<\/a><\/p>","protected":false},"excerpt":{"rendered":"<p>Apprenez \u00e0 poser facilement une porte d\u2019int\u00e9rieur avec Lapeyre : mat\u00e9riel, prise de cotes et \u00e9tapes de&#8230;<\/p>\n","protected":false},"author":1005,"featured_media":4716,"comment_status":"open","ping_status":"open","sticky":false,"template":"","format":"standard","meta":{"_acf_changed":false,"footnotes":""},"categories":[955,957],"tags":[22,925,926],"class_list":{"2":"type-post","6":"hentry"},"acf":[],"_links":{"self":[{"href":"https:\/\/www.lapeyre.fr\/c\/magazine\/wp-json\/wp\/v2\/posts\/1147","targetHints":{"allow":["GET"]}}],"collection":[{"href":"https:\/\/www.lapeyre.fr\/c\/magazine\/wp-json\/wp\/v2\/posts"}],"about":[{"href":"https:\/\/www.lapeyre.fr\/c\/magazine\/wp-json\/wp\/v2\/types\/post"}],"author":[{"embeddable":true,"href":"https:\/\/www.lapeyre.fr\/c\/magazine\/wp-json\/wp\/v2\/users\/1005"}],"replies":[{"embeddable":true,"href":"https:\/\/www.lapeyre.fr\/c\/magazine\/wp-json\/wp\/v2\/comments?post=1147"}],"version-history":[{"count":0,"href":"https:\/\/www.lapeyre.fr\/c\/magazine\/wp-json\/wp\/v2\/posts\/1147\/revisions"}],"wp:featuredmedia":[{"embeddable":true,"href":"https:\/\/www.lapeyre.fr\/c\/magazine\/wp-json\/wp\/v2\/media\/4716"}],"wp:attachment":[{"href":"https:\/\/www.lapeyre.fr\/c\/magazine\/wp-json\/wp\/v2\/media?parent=1147"}],"wp:term":[{"taxonomy":"category","embeddable":true,"href":"https:\/\/www.lapeyre.fr\/c\/magazine\/wp-json\/wp\/v2\/categories?post=1147"},{"taxonomy":"post_tag","embeddable":true,"href":"https:\/\/www.lapeyre.fr\/c\/magazine\/wp-json\/wp\/v2\/tags?post=1147"}],"curies":[{"name":"wp","href":"https:\/\/api.w.org\/{rel}","templated":true}]}}