{"id":1176,"date":"2025-10-13T16:00:18","date_gmt":"2025-10-13T14:00:18","guid":{"rendered":"https:\/\/magazine.lapeyre.fr\/?p=1176"},"modified":"2025-10-13T16:50:56","modified_gmt":"2025-10-13T14:50:56","slug":"portes-normes-handicapes","status":"publish","type":"post","link":"https:\/\/www.lapeyre.fr\/c\/magazine\/portes-normes-handicapes\/","title":{"rendered":"Largeur de porte pour handicap\u00e9 et PMR"},"content":{"rendered":"<p><span data-contrast=\"auto\">La loi impose aux \u00e9tablissements recevant du public (ERP) des normes dans un cadre l\u00e9gal strict.\u202fIl est\u202f<\/span><b><span data-contrast=\"auto\">obligatoire de mettre un \u00e9tablissement aux normes d\u2019accessibilit\u00e9<\/span><\/b><span data-contrast=\"auto\">\u202fpour permettre l\u2019accueil des personnes handicap\u00e9es, des personnes malvoyantes, des personnes \u00e2g\u00e9es ou encore \u00e0 mobilit\u00e9 r\u00e9duite (PMR).\u202fOutre les ERP, il est possible que vous deviez adapter votre logement aux normes d\u2019accessibilit\u00e9 PMR. Lapeyre vous explique\u202f!<\/span><span data-ccp-props=\"{}\">\u00a0<\/span><\/p>\n<p><img loading=\"lazy\" decoding=\"async\" class=\"aligncenter wp-image-4644 size-large\" src=\"https:\/\/www.lapeyre.fr\/wp-content\/uploads\/2025\/08\/Porte-MOCKA-acier-686x1024.jpg\" alt=\"Porte mocka acier\" width=\"686\" height=\"1024\" srcset=\"https:\/\/www.lapeyre.fr\/wp-content\/uploads\/2025\/08\/Porte-MOCKA-acier-686x1024.jpg 686w, https:\/\/www.lapeyre.fr\/wp-content\/uploads\/2025\/08\/Porte-MOCKA-acier-201x300.jpg 201w, https:\/\/www.lapeyre.fr\/wp-content\/uploads\/2025\/08\/Porte-MOCKA-acier-768x1146.jpg 768w, https:\/\/www.lapeyre.fr\/wp-content\/uploads\/2025\/08\/Porte-MOCKA-acier-1030x1536.jpg 1030w, https:\/\/www.lapeyre.fr\/wp-content\/uploads\/2025\/08\/Porte-MOCKA-acier-1373x2048.jpg 1373w, https:\/\/www.lapeyre.fr\/wp-content\/uploads\/2025\/08\/Porte-MOCKA-acier-1920x2864.jpg 1920w, https:\/\/www.lapeyre.fr\/wp-content\/uploads\/2025\/08\/Porte-MOCKA-acier-scaled.jpg 1716w\" sizes=\"auto, (max-width: 686px) 100vw, 686px\" \/><\/p>\n<h2><b><span data-contrast=\"auto\">Les normes PMR concernant la largeur de porte<\/span><\/b><span data-ccp-props=\"{}\">\u00a0<\/span><\/h2>\n<p><span data-contrast=\"auto\">La norme pour PMR concerne l\u2019am\u00e9nagement et l\u2019accessibilit\u00e9 de nombreuses pi\u00e8ces, comme les sanitaires, la cuisine, la salle de bains et de la douche, mais aussi le bon agencement du passage d\u2019une pi\u00e8ce \u00e0 l\u2019autre.<\/span><span data-ccp-props=\"{}\">\u00a0<\/span><\/p>\n<p><span data-contrast=\"auto\">Vous avez un ERP\u202f? Selon le nombre de personnes que vous recevez par jour, les r\u00e8gles de largeur diff\u00e8rent pour permettre de laisser passer et circuler ais\u00e9ment un fauteuil roulant.<\/span><span data-ccp-props=\"{}\">\u00a0<\/span><\/p>\n<p><span data-contrast=\"auto\">Plusieurs cas sont donc possibles concernant la dimension d\u2019une <\/span><a href=\"https:\/\/www.lapeyre.fr\/produits\/menuiserie-porte-fenetre\/porte-dinterieur\"><span data-contrast=\"none\">porte d\u2019int\u00e9rieur<\/span><\/a><span data-contrast=\"auto\"> et d\u2019entr\u00e9e pour personne en handicap :<\/span><span data-ccp-props=\"{}\">\u00a0<\/span><\/p>\n<ul>\n<li aria-setsize=\"-1\" data-leveltext=\"\uf0b7\" data-font=\"Symbol\" data-listid=\"2\" data-list-defn-props=\"{&quot;335552541&quot;:1,&quot;335559685&quot;:720,&quot;335559991&quot;:360,&quot;469769226&quot;:&quot;Symbol&quot;,&quot;469769242&quot;:[8226],&quot;469777803&quot;:&quot;left&quot;,&quot;469777804&quot;:&quot;\uf0b7&quot;,&quot;469777815&quot;:&quot;multilevel&quot;}\" data-aria-posinset=\"1\" data-aria-level=\"1\"><span data-contrast=\"auto\">Pour moins de 100 personnes par jour, votre porte doit avoir une largeur de plus de 0,90m pour un passage utile de 0,83m<\/span><span data-ccp-props=\"{}\">\u00a0<\/span><\/li>\n<\/ul>\n<ul>\n<li aria-setsize=\"-1\" data-leveltext=\"\uf0b7\" data-font=\"Symbol\" data-listid=\"3\" data-list-defn-props=\"{&quot;335552541&quot;:1,&quot;335559685&quot;:720,&quot;335559991&quot;:360,&quot;469769226&quot;:&quot;Symbol&quot;,&quot;469769242&quot;:[8226],&quot;469777803&quot;:&quot;left&quot;,&quot;469777804&quot;:&quot;\uf0b7&quot;,&quot;469777815&quot;:&quot;multilevel&quot;}\" data-aria-posinset=\"1\" data-aria-level=\"1\"><span data-contrast=\"auto\">Au-del\u00e0 de 100 personnes re\u00e7ues, votre porte doit avoir une largeur minimale de 1,40m. Si votre porte \u00e0 des vantaux, notez que la largeur minimum par vantail doit \u00eatre de 0,90m pour un passage utile de 0,83m<\/span><span data-ccp-props=\"{}\">\u00a0<\/span><\/li>\n<\/ul>\n<ul>\n<li aria-setsize=\"-1\" data-leveltext=\"\uf0b7\" data-font=\"Symbol\" data-listid=\"4\" data-list-defn-props=\"{&quot;335552541&quot;:1,&quot;335559685&quot;:720,&quot;335559991&quot;:360,&quot;469769226&quot;:&quot;Symbol&quot;,&quot;469769242&quot;:[8226],&quot;469777803&quot;:&quot;left&quot;,&quot;469777804&quot;:&quot;\uf0b7&quot;,&quot;469777815&quot;:&quot;multilevel&quot;}\" data-aria-posinset=\"1\" data-aria-level=\"1\"><span data-contrast=\"auto\">Au niveau des c\u00f4t\u00e9s de la porte, une personne \u00e0 mobilit\u00e9 r\u00e9duite doit pouvoir circuler facilement, il faut donc compter un espace de 1,70 m pour une porte \u00e0 pousser ou de 2,20m pour un mod\u00e8le de porte \u00e0 tirer<\/span><span data-ccp-props=\"{}\">\u00a0<\/span><\/li>\n<\/ul>\n<p><span data-contrast=\"auto\">En r\u00e9sum\u00e9, retenez 0,90m comme un minimum de largeur de portes PMR ! Pourquoi cette ouverture\u202f? Tout simplement car elle assure un passage ais\u00e9, m\u00eame pour les personnes se d\u00e9pla\u00e7ant en fauteuil roulant.<\/span><span data-ccp-props=\"{}\">\u00a0<\/span><\/p>\n<h2><b><span data-contrast=\"auto\">Mod\u00e8les de porte aux normes pour les handicap\u00e9s chez Lapeyre\u202f<\/span><\/b><span data-ccp-props=\"{}\">\u00a0<\/span><\/h2>\n<p><span data-contrast=\"auto\">Sachez que chez Lapeyre, la majorit\u00e9 des mod\u00e8les de\u202f<\/span><a href=\"https:\/\/www.lapeyre.fr\/produits\/menuiserie-porte-fenetre\/porte-dentree\"><b><span data-contrast=\"none\">portes d\u2019entr\u00e9e<\/span><\/b><\/a><span data-contrast=\"auto\">\u202fsont dot\u00e9es d\u2019un seuil abaiss\u00e9 pour faciliter l\u2019acc\u00e8s aux PMR. Choisissez un mod\u00e8le avec une largeur de passage de 90 cm \u00e0 minima pour \u00eatre en r\u00e8gle.<\/span><span data-ccp-props=\"{}\">\u00a0<\/span><\/p>\n<p><span data-contrast=\"auto\">Certains mod\u00e8les, comme la porte\u202f<\/span><b><span data-contrast=\"auto\">Mocka Acier<\/span><\/b><span data-contrast=\"auto\">, sont id\u00e9aux pour les personnes \u00e0 mobilit\u00e9 r\u00e9duite. Cette porte offre une largeur de 90 \u00e0 100cm.<\/span><span data-ccp-props=\"{}\">\u00a0<\/span><\/p>\n<h2><b><span data-contrast=\"auto\">Normes relatives aux autres dispositifs d\u2019accueil pour les PMR<\/span><\/b><span data-ccp-props=\"{}\">\u00a0<\/span><\/h2>\n<p><span data-contrast=\"auto\">Outre la largeur des portes PMR, d\u2019autres \u00e9quipements doivent \u00eatre adapt\u00e9s si vous recevez r\u00e9guli\u00e8rement des personnes \u00e0 mobilit\u00e9 r\u00e9duite, surtout si elles se d\u00e9placent en fauteuil roulant.<\/span><span data-ccp-props=\"{}\">\u00a0<\/span><\/p>\n<p><b><span data-contrast=\"auto\">En effet, pour l\u2019am\u00e9nagement des WC,<\/span><\/b><span data-contrast=\"auto\">\u202fvous devez pr\u00e9voir un espace de giration de 1,50 m de diam\u00e8tre \u00e0 l\u2019int\u00e9rieur ou \u00e0 l\u2019ext\u00e9rieur des sanitaires. Voici quelques mesures \u00e0 conna\u00eetre :<\/span><span data-ccp-props=\"{}\">\u00a0<\/span><\/p>\n<ul>\n<li aria-setsize=\"-1\" data-leveltext=\"\uf0b7\" data-font=\"Symbol\" data-listid=\"5\" data-list-defn-props=\"{&quot;335552541&quot;:1,&quot;335559685&quot;:720,&quot;335559991&quot;:360,&quot;469769226&quot;:&quot;Symbol&quot;,&quot;469769242&quot;:[8226],&quot;469777803&quot;:&quot;left&quot;,&quot;469777804&quot;:&quot;\uf0b7&quot;,&quot;469777815&quot;:&quot;multilevel&quot;}\" data-aria-posinset=\"1\" data-aria-level=\"1\"><span data-contrast=\"auto\">Pour les WC, la hauteur de la cuvette doit \u00eatre entre 45 cm et 50 cm.<\/span><span data-ccp-props=\"{}\">\u00a0<\/span><\/li>\n<\/ul>\n<ul>\n<li aria-setsize=\"-1\" data-leveltext=\"\uf0b7\" data-font=\"Symbol\" data-listid=\"5\" data-list-defn-props=\"{&quot;335552541&quot;:1,&quot;335559685&quot;:720,&quot;335559991&quot;:360,&quot;469769226&quot;:&quot;Symbol&quot;,&quot;469769242&quot;:[8226],&quot;469777803&quot;:&quot;left&quot;,&quot;469777804&quot;:&quot;\uf0b7&quot;,&quot;469777815&quot;:&quot;multilevel&quot;}\" data-aria-posinset=\"2\" data-aria-level=\"1\"><span data-contrast=\"auto\">Pour le lavabo, la hauteur doit \u00eatre de 85 cm au maximum.<\/span><span data-ccp-props=\"{}\">\u00a0<\/span><\/li>\n<\/ul>\n<p><span data-contrast=\"auto\">Apprenez-en plus sur les <\/span><a href=\"https:\/\/www.lapeyre.fr\/c\/magazine\/salle-de-bains-pmr-comment-adapter-son-amenagement\/\"><span data-contrast=\"none\">salles de bain PMR<\/span><\/a><span data-contrast=\"auto\">\u202fet leur accessibilit\u00e9\u202f!<\/span><span data-ccp-props=\"{}\">\u00a0<\/span><\/p>\n<p><b><span data-contrast=\"auto\">Pour ce qui est du parking<\/span><\/b><span data-contrast=\"auto\">\u202f: votre espace est rattach\u00e9 \u00e0 un parking public ? Si oui, il devra pr\u00e9voir une ou plusieurs places de stationnement pour handicap\u00e9s. Dans le cas o\u00f9 il n\u2019y a pas de parking public, vous pouvez contacter votre mairie pour faire r\u00e9server des places proches de votre lieu de travail.<\/span><span data-ccp-props=\"{}\">\u00a0<\/span><\/p>\n<p><span data-contrast=\"auto\">Mais la liste ne s\u2019arr\u00eate pas l\u00e0\u202f: les professionnels recevant du public \u00e0 mobilit\u00e9 r\u00e9duite ou avec handicap doivent aussi penser \u00e0 l\u2019acc\u00e8s ext\u00e9rieur \u2013 int\u00e9rieur, \u00e0 la largeur des couloirs, \u00e0 l\u2019absence de marches \u00e0 l\u2019int\u00e9rieur, etc.<\/span><span data-ccp-props=\"{}\">\u00a0<\/span><\/p>\n<p><span data-contrast=\"auto\">Une question\u202fsur l\u2019ouverture ou la largeur de vos portes PMR ? Un doute quant \u00e0 l\u2019accessibilit\u00e9 de votre int\u00e9rieur ou le choix de vos diff\u00e9rents \u00e9quipements\u202f? Qu\u2019il s\u2019agisse de votre logement ou de votre espace de travail recevant du public, nos experts Lapeyre vous accompagnent au mieux\u202f! Prenez rendez-vous d\u00e8s \u00e0 pr\u00e9sent.<\/span><span data-ccp-props=\"{}\">\u00a0<\/span><\/p>\n<p style=\"text-align: center;\"><a class=\"bouton bleu\" id=\"btn-rdv-magazine\" href=\"https:\/\/www.lapeyre.fr\/prise-de-rdv\">Prendre RDV<\/a><\/p>\n","protected":false},"excerpt":{"rendered":"<p>La loi impose aux \u00e9tablissements recevant du public (ERP) des normes dans un cadre l\u00e9gal strict.\u202fIl est\u202fobligatoire&#8230;<\/p>\n","protected":false},"author":1005,"featured_media":493,"comment_status":"open","ping_status":"open","sticky":false,"template":"","format":"standard","meta":{"_acf_changed":false,"footnotes":""},"categories":[955,957],"tags":[20],"class_list":{"2":"type-post","6":"hentry"},"acf":[],"_links":{"self":[{"href":"https:\/\/www.lapeyre.fr\/c\/magazine\/wp-json\/wp\/v2\/posts\/1176","targetHints":{"allow":["GET"]}}],"collection":[{"href":"https:\/\/www.lapeyre.fr\/c\/magazine\/wp-json\/wp\/v2\/posts"}],"about":[{"href":"https:\/\/www.lapeyre.fr\/c\/magazine\/wp-json\/wp\/v2\/types\/post"}],"author":[{"embeddable":true,"href":"https:\/\/www.lapeyre.fr\/c\/magazine\/wp-json\/wp\/v2\/users\/1005"}],"replies":[{"embeddable":true,"href":"https:\/\/www.lapeyre.fr\/c\/magazine\/wp-json\/wp\/v2\/comments?post=1176"}],"version-history":[{"count":0,"href":"https:\/\/www.lapeyre.fr\/c\/magazine\/wp-json\/wp\/v2\/posts\/1176\/revisions"}],"wp:featuredmedia":[{"embeddable":true,"href":"https:\/\/www.lapeyre.fr\/c\/magazine\/wp-json\/wp\/v2\/media\/493"}],"wp:attachment":[{"href":"https:\/\/www.lapeyre.fr\/c\/magazine\/wp-json\/wp\/v2\/media?parent=1176"}],"wp:term":[{"taxonomy":"category","embeddable":true,"href":"https:\/\/www.lapeyre.fr\/c\/magazine\/wp-json\/wp\/v2\/categories?post=1176"},{"taxonomy":"post_tag","embeddable":true,"href":"https:\/\/www.lapeyre.fr\/c\/magazine\/wp-json\/wp\/v2\/tags?post=1176"}],"curies":[{"name":"wp","href":"https:\/\/api.w.org\/{rel}","templated":true}]}}