{"id":1187,"date":"2019-11-28T14:54:21","date_gmt":"2019-11-28T13:54:21","guid":{"rendered":"https:\/\/magazine.lapeyre.fr\/?p=1187"},"modified":"2025-03-13T10:04:27","modified_gmt":"2025-03-13T09:04:27","slug":"questions-avant-achat-carrelage","status":"publish","type":"post","link":"https:\/\/www.lapeyre.fr\/c\/magazine\/questions-avant-achat-carrelage\/","title":{"rendered":"Les questions cl\u00e9s avant d\u2019acheter votre carrelage"},"content":{"rendered":"\r\n<p>Avant de choisir votre rev\u00eatement de sol, il vous faut d\u2019abord s\u00e9lectionner le produit adapt\u00e9 \u00e0 votre am\u00e9nagement d\u2019int\u00e9rieur parmi les diff\u00e9rents types de carrelage. Commencez par prendre les mesures de la surface o\u00f9 aura lieu la pose de\u00a0<strong><a href=\"https:\/\/www.lapeyre.fr\/sols-murs-CCU0007\/carrelages-CCN0087\" target=\"_blank\" rel=\"noreferrer noopener\">carrelage<\/a><\/strong>. Choisissez ensuite le type de carreaux dont vous aurez besoin selon sa classification.<\/p>\r\n\r\n\r\n\r\n<h2 class=\"wp-block-heading\">Prendre les mesures du sol \u00e0 carreler<\/h2>\r\n\r\n\r\n\r\n<p>\u00c9tablissez un calepinage pr\u00e9cis de la pi\u00e8ce \u00e0 carreler. D\u00e9terminez le nombre de carreaux n\u00e9cessaires. Comptez une marge de 5 % \u00e0 15 % de carrelage en plus pour couvrir les d\u00e9coupes et les pi\u00e8ces bris\u00e9es au cours de la pose.<\/p>\r\n\r\n\r\n\r\n<p>La majorit\u00e9 des listels et des d\u00e9cors sont vendus \u00e0 la pi\u00e8ce, tandis que les carreaux unis sont vendus au m\u00b2.<\/p>\r\n\r\n\r\n\r\n<figure class=\"wp-block-image size-large\"><img loading=\"lazy\" decoding=\"async\" width=\"960\" height=\"330\" class=\"wp-image-1188\" src=\"\/wp-content\/uploads\/2019\/11\/choisir_son_type_de_carrelage.jpg\" alt=\"carrelage gris clair pour salon et cuisine\" srcset=\"https:\/\/www.lapeyre.fr\/wp-content\/uploads\/2019\/11\/choisir_son_type_de_carrelage.jpg 960w, https:\/\/www.lapeyre.fr\/wp-content\/uploads\/2019\/11\/choisir_son_type_de_carrelage-300x103.jpg 300w, https:\/\/www.lapeyre.fr\/wp-content\/uploads\/2019\/11\/choisir_son_type_de_carrelage-768x264.jpg 768w\" sizes=\"auto, (max-width: 960px) 100vw, 960px\" \/><\/figure>\r\n\r\n\r\n\r\n<h2 class=\"wp-block-heading\">Trouver son type de carrelage<\/h2>\r\n\r\n\r\n\r\n<p>Pour faciliter votre choix, nos carrelages de sol sont class\u00e9s en groupes selon les r\u00e9sultats de leur test d\u2019usure. Chaque groupe poss\u00e8de son propre pictogramme pour une identification rapide.<\/p>\r\n\r\n\r\n\r\n<p><strong>Groupes 2 et 3<\/strong>\u00a0: uniquement pour les sols de\u00a0<a href=\"https:\/\/www.lapeyre.fr\/sols-murs-CCU0007\/carrelages-CCN0087\" target=\"_blank\" rel=\"noreferrer noopener\"><strong>salles de bains<\/strong><\/a>.<\/p>\r\n\r\n\r\n\r\n<p><strong>Groupes 3 et 4<\/strong> : pour les sols de toutes les pi\u00e8ces int\u00e9rieures de la maison, sauf la cuisine et l\u2019entr\u00e9e.<\/p>\r\n\r\n\r\n\r\n<p><strong>Groupe 4 et 5<\/strong> \u2013 Int\u00e9rieur : pour les sols de toutes les pi\u00e8ces int\u00e9rieures de la maison.<\/p>\r\n\r\n\r\n\r\n<p><strong>Groupe 4 et 5<\/strong> \u2013 Ext\u00e9rieur : pour les sols de toute la maison et de la terrasse ou du balcon. Pour plus de s\u00e9curit\u00e9 pour les parties ext\u00e9rieures, choisissez un produit poss\u00e9dant un coefficient antiglisse.<\/p>\r\n\n<p style=\"text-align: center;\"><a class=\"bouton bleu\" id=\"btn-rdv-magazine\" href=\"https:\/\/www.lapeyre.fr\/prise-de-rdv\">Prendre RDV<\/a><\/p>","protected":false},"excerpt":{"rendered":"<p>Avant de choisir votre rev\u00eatement de sol, il vous faut d\u2019abord s\u00e9lectionner le produit adapt\u00e9 \u00e0 votre&#8230;<\/p>\n","protected":false},"author":1002,"featured_media":3316,"comment_status":"open","ping_status":"open","sticky":false,"template":"","format":"standard","meta":{"_acf_changed":false,"footnotes":""},"categories":[978,975],"tags":[8,942,906,25,5],"class_list":{"2":"type-post","6":"hentry"},"acf":[],"_links":{"self":[{"href":"https:\/\/www.lapeyre.fr\/c\/magazine\/wp-json\/wp\/v2\/posts\/1187","targetHints":{"allow":["GET"]}}],"collection":[{"href":"https:\/\/www.lapeyre.fr\/c\/magazine\/wp-json\/wp\/v2\/posts"}],"about":[{"href":"https:\/\/www.lapeyre.fr\/c\/magazine\/wp-json\/wp\/v2\/types\/post"}],"author":[{"embeddable":true,"href":"https:\/\/www.lapeyre.fr\/c\/magazine\/wp-json\/wp\/v2\/users\/1002"}],"replies":[{"embeddable":true,"href":"https:\/\/www.lapeyre.fr\/c\/magazine\/wp-json\/wp\/v2\/comments?post=1187"}],"version-history":[{"count":0,"href":"https:\/\/www.lapeyre.fr\/c\/magazine\/wp-json\/wp\/v2\/posts\/1187\/revisions"}],"wp:featuredmedia":[{"embeddable":true,"href":"https:\/\/www.lapeyre.fr\/c\/magazine\/wp-json\/wp\/v2\/media\/3316"}],"wp:attachment":[{"href":"https:\/\/www.lapeyre.fr\/c\/magazine\/wp-json\/wp\/v2\/media?parent=1187"}],"wp:term":[{"taxonomy":"category","embeddable":true,"href":"https:\/\/www.lapeyre.fr\/c\/magazine\/wp-json\/wp\/v2\/categories?post=1187"},{"taxonomy":"post_tag","embeddable":true,"href":"https:\/\/www.lapeyre.fr\/c\/magazine\/wp-json\/wp\/v2\/tags?post=1187"}],"curies":[{"name":"wp","href":"https:\/\/api.w.org\/{rel}","templated":true}]}}