{"id":123,"date":"2020-07-27T00:00:45","date_gmt":"2020-07-26T22:00:45","guid":{"rendered":"https:\/\/magazine.lapeyre.fr\/?p=123"},"modified":"2025-02-26T15:42:10","modified_gmt":"2025-02-26T14:42:10","slug":"choisir-portes-interieur","status":"publish","type":"post","link":"https:\/\/www.lapeyre.fr\/c\/magazine\/choisir-portes-interieur\/","title":{"rendered":"Comment choisir une porte d\u2019int\u00e9rieur ?"},"content":{"rendered":"\r\n<p><strong><em>H2\u00a0: Les portes d\u2019int\u00e9rieur jouent plusieurs r\u00f4les \u00e0 l\u2019int\u00e9rieur d\u2019une maison.<\/em><\/strong><\/p>\r\n<p>Elles permettent de d\u00e9limiter les diff\u00e9rents espaces de vie, de donner de l\u2019intimit\u00e9 aux personnes qui y vivent et font \u00e9galement partie de la d\u00e9coration de l\u2019appartement. Le choix des portes int\u00e9rieures n\u2019est donc pas \u00e0 laisser au hasard.<br \/>Chez Lapeyre, nous vous proposons des portes avec diff\u00e9rents syst\u00e8mes d\u2019ouverture et de fermeture. <strong>La porte battante<\/strong>, par exemple, est la plus classique. Elle pivote sur un axe vertical et n\u00e9cessite de l\u2019espace pour \u00eatre ouverte et ferm\u00e9e.<br \/><br \/>Afin d\u2019optimiser vos espaces de vie, vous pouvez choisir d\u2019opter pour <strong>une porte coulissante,<\/strong> \u00e9galement appel\u00e9e <strong>porte \u00e0 galandage<\/strong>. Mont\u00e9e sur rails, cette porte est particuli\u00e8rement adapt\u00e9e aux petits espaces gr\u00e2ce \u00e0 son absence de d\u00e9battement. Si votre projet de r\u00e9novation consiste \u00e0 s\u00e9parer une pi\u00e8ce en deux parties, vous pouvez opter pour la cloison suspendue. Cette porte vous permet de moduler l\u2019espace \u00e0 votre guise, sans occuper trop d\u2019espace.<\/p>\r\n<p><strong><img loading=\"lazy\" decoding=\"async\" class=\"alignnone wp-image-125 size-large\" src=\"https:\/\/magazine.lapeyre.fr\/wp-content\/uploads\/2019\/10\/Porte-1-808x1024.jpg\" alt=\"r\u00e9nover un bloc porte d'int\u00e9rieur\" width=\"808\" height=\"1024\" srcset=\"https:\/\/www.lapeyre.fr\/wp-content\/uploads\/2019\/10\/Porte-1-808x1024.jpg 808w, https:\/\/www.lapeyre.fr\/wp-content\/uploads\/2019\/10\/Porte-1-237x300.jpg 237w, https:\/\/www.lapeyre.fr\/wp-content\/uploads\/2019\/10\/Porte-1-768x974.jpg 768w, https:\/\/www.lapeyre.fr\/wp-content\/uploads\/2019\/10\/Porte-1.jpg 1042w\" sizes=\"auto, (max-width: 808px) 100vw, 808px\" \/><\/strong><\/p>\r\n<p><strong><em>H2\u00a0: Quels sont les crit\u00e8res \u00e0 prendre en compte pour faire le bon choix ?<\/em><\/strong><\/p>\r\n<p>Pour <a href=\"https:\/\/www.lapeyre.fr\/c\/magazine\/preparer-mon-projet\/choisir-portes-interieur\">bien choisir sa porte d\u2019int\u00e9rieur<\/a>, il convient de prendre en consid\u00e9ration plusieurs crit\u00e8res :\u00a0<\/p>\r\n<ul>\r\n<li><strong>L\u2019ouvrant de la porte<\/strong> : selon la taille de votre pi\u00e8ce, vous ne ferez peut-\u00eatre pas les m\u00eames choix de portes. Dans les petits espaces, par exemple, il est plus judicieux de s\u2019orienter vers une porte coulissante, tandis que dans les pi\u00e8ces spacieuses, vous pouvez sans souci opter pour une porte battante ou pivotante.\u00a0<\/li>\r\n<li><strong>L\u2019isolation <\/strong>: votre porte d\u2019int\u00e9rieur doit-elle vous isoler du froid et du bruit ? En fonction de vos besoins et du type de pi\u00e8ce (chambre, bureau, acc\u00e8s au <a href=\"https:\/\/www.lapeyre.fr\/produits\/jardin-exterieur\/porte-garage\">garage<\/a>), les mat\u00e9riaux vers lesquels vous orienter ne seront pas les m\u00eames.\u00a0\u00a0<\/li>\r\n<li><strong>La luminosit\u00e9<\/strong> : si vous envisagez votre future porte comme une simple s\u00e9paration, orientez-vous vers une porte pleine. Si vous souhaitez qu\u2019elle laisse passer la lumi\u00e8re, privil\u00e9giez plut\u00f4t une porte d\u2019int\u00e9rieur semi-vitr\u00e9e ou enti\u00e8rement vitr\u00e9e.\u00a0<\/li>\r\n<li><strong>La largeur de la porte<\/strong> : la largeur standard d\u2019une porte d\u2019int\u00e9rieur est de 73 cm. Si une personne \u00e0 mobilit\u00e9 r\u00e9duite (PMR) occupe le logement, ou si vous devez faire passer du mobilier ou des \u00e9quipements encombrants, vous devrez pr\u00e9voir une ouverture plus large.\u00a0<\/li>\r\n<li><strong>Le style de votre int\u00e9rieur<\/strong> : le choix de la porte doit \u00e9galement \u00eatre effectu\u00e9 en fonction du style de votre maison. L\u2019aluminium est tout indiqu\u00e9 pour les int\u00e9rieurs industriels et contemporains. Le verre, quant \u00e0 lui, est id\u00e9al pour insuffler une touche de modernit\u00e9. Le bois, de son c\u00f4t\u00e9, a l\u2019avantage de s\u2019int\u00e9grer dans tous les types d\u2019int\u00e9rieurs.\u00a0<\/li>\r\n<li><strong>Le budget <\/strong>: en fonction des mat\u00e9riaux, les prix peuvent varier du simple au double. Pour les petits budgets, le PVC ou le bois sont recommand\u00e9s. Les portes en aluminium et en verre n\u00e9cessitent un budget plus important.<\/li>\r\n<\/ul>\r\n<p><img loading=\"lazy\" decoding=\"async\" class=\"alignnone wp-image-126 size-full\" src=\"https:\/\/magazine.lapeyre.fr\/wp-content\/uploads\/2019\/10\/Porte-2.jpg\" alt=\"installer une porte seule dans une chambre\" width=\"785\" height=\"1000\" srcset=\"https:\/\/www.lapeyre.fr\/wp-content\/uploads\/2019\/10\/Porte-2.jpg 785w, https:\/\/www.lapeyre.fr\/wp-content\/uploads\/2019\/10\/Porte-2-236x300.jpg 236w, https:\/\/www.lapeyre.fr\/wp-content\/uploads\/2019\/10\/Porte-2-768x978.jpg 768w\" sizes=\"auto, (max-width: 785px) 100vw, 785px\" \/><\/p>\r\n<p><strong>\u00c0 lire aussi : <\/strong><a href=\"https:\/\/www.lapeyre.fr\/c\/magazine\/inspirations-tendances\/solutions-isolantes-portes-dinterieur\"><strong>Une porte isolante pour votre int\u00e9rieur<\/strong><\/a><strong>\u00a0<\/strong>\u00a0<\/p>\r\n<p>Chez Lapeyre, nous vous proposons des finitions sur-mesure et personnalis\u00e9es pour vos portes int\u00e9rieures.<br \/>Pour compl\u00e9ter vos travaux de construction ou de r\u00e9novation, les magasins Lapeyre vous proposent de nombreux accessoires de menuiserie pour vos portes d\u2019int\u00e9rieur : un syst\u00e8me pour porte coulissante, un syst\u00e8me de galandage, une poign\u00e9e de porte d\u2019int\u00e9rieur, un kit d\u2019outils pour la pose de vos menuiseries ou encore un bloc porte de r\u00e9novation adapt\u00e9 aux dimensions de la largeur de la porte. Chez Lapeyre, vous trouverez tout ce dont vous avez besoin pour la menuiserie de votre int\u00e9rieur.<\/p>\r\n\r\n\r\n\r\n\r\n\r\n\r\n\r\n\r\n\r\n\r\n\r\n\r\n\n<p style=\"text-align: center;\"><a class=\"bouton bleu\" id=\"btn-rdv-magazine\" href=\"https:\/\/www.lapeyre.fr\/prise-de-rdv\">Prendre RDV<\/a><\/p>","protected":false},"excerpt":{"rendered":"<p>H2\u00a0: Les portes d\u2019int\u00e9rieur jouent plusieurs r\u00f4les \u00e0 l\u2019int\u00e9rieur d\u2019une maison. Elles permettent de d\u00e9limiter les diff\u00e9rents&#8230;<\/p>\n","protected":false},"author":1004,"featured_media":129,"comment_status":"open","ping_status":"open","sticky":false,"template":"","format":"standard","meta":{"_acf_changed":false,"footnotes":""},"categories":[955,958],"tags":[22,925,926],"class_list":{"2":"type-post","6":"hentry"},"acf":[],"_links":{"self":[{"href":"https:\/\/www.lapeyre.fr\/c\/magazine\/wp-json\/wp\/v2\/posts\/123","targetHints":{"allow":["GET"]}}],"collection":[{"href":"https:\/\/www.lapeyre.fr\/c\/magazine\/wp-json\/wp\/v2\/posts"}],"about":[{"href":"https:\/\/www.lapeyre.fr\/c\/magazine\/wp-json\/wp\/v2\/types\/post"}],"author":[{"embeddable":true,"href":"https:\/\/www.lapeyre.fr\/c\/magazine\/wp-json\/wp\/v2\/users\/1004"}],"replies":[{"embeddable":true,"href":"https:\/\/www.lapeyre.fr\/c\/magazine\/wp-json\/wp\/v2\/comments?post=123"}],"version-history":[{"count":0,"href":"https:\/\/www.lapeyre.fr\/c\/magazine\/wp-json\/wp\/v2\/posts\/123\/revisions"}],"wp:featuredmedia":[{"embeddable":true,"href":"https:\/\/www.lapeyre.fr\/c\/magazine\/wp-json\/wp\/v2\/media\/129"}],"wp:attachment":[{"href":"https:\/\/www.lapeyre.fr\/c\/magazine\/wp-json\/wp\/v2\/media?parent=123"}],"wp:term":[{"taxonomy":"category","embeddable":true,"href":"https:\/\/www.lapeyre.fr\/c\/magazine\/wp-json\/wp\/v2\/categories?post=123"},{"taxonomy":"post_tag","embeddable":true,"href":"https:\/\/www.lapeyre.fr\/c\/magazine\/wp-json\/wp\/v2\/tags?post=123"}],"curies":[{"name":"wp","href":"https:\/\/api.w.org\/{rel}","templated":true}]}}