{"id":1237,"date":"2019-12-11T13:09:13","date_gmt":"2019-12-11T12:09:13","guid":{"rendered":"https:\/\/magazine.lapeyre.fr\/?p=1237"},"modified":"2025-03-12T17:13:52","modified_gmt":"2025-03-12T16:13:52","slug":"poser-parquet-contrecolle","status":"publish","type":"post","link":"https:\/\/www.lapeyre.fr\/c\/magazine\/poser-parquet-contrecolle\/","title":{"rendered":"Apprenez \u00e0 poser un parquet contrecoll\u00e9"},"content":{"rendered":"\r\n<p><strong>Dotez votre int\u00e9rieur de la chaleur naturellement isolante du bois en optant pour un\u00a0<a href=\"https:\/\/www.lapeyre.fr\/sols-murs-CCU0007\/parquets-CCN0071\" target=\"_blank\" rel=\"noreferrer noopener\">parquet<\/a>\u00a0contrecoll\u00e9. Ce parquet facile \u00e0 installer gr\u00e2ce \u00e0 sa pose clips\u00e9e n\u2019aura plus aucun secret pour vous lorsque vous aurez suivit nos conseils d&rsquo;experts. Comptez \u00e0 peu pr\u00e8s 4 heures de travail de difficult\u00e9 2.<\/strong><\/p>\r\n\r\n\r\n\r\n<h2 class=\"wp-block-heading\">La pose des premi\u00e8res lames du parquet contrecoll\u00e9<\/h2>\r\n\r\n\r\n\r\n<p>Pour commencer la pose du parquet contrecoll\u00e9, v\u00e9rifiez que votre mur est bien droit. D\u00e9butez le long de votre paroi la plus droite. Placez des cales entre le mur et la lame pour \u00e9viter que le parquet ne gondole en travaillant.<\/p>\r\n\r\n\r\n\r\n<figure class=\"wp-block-image\"><img decoding=\"async\" src=\"https:\/\/statics.lapeyre.fr\/img\/contrib\/2bdd4da300213b03\/desktop_poservousmemPARQcontrecolle_naturelcity_p1.jpg\" alt=\"Parquet contrecoll\u00e9\" \/><\/figure>\r\n\r\n\r\n\r\n<h2 class=\"wp-block-heading\">Les d\u00e9coupes de lames du parquet contrecoll\u00e9<\/h2>\r\n\r\n\r\n\r\n<p>Coupez vos demi-lames, placez-les et clipsez-les. Pour assurer une bonne pose, utilisez un marteau et un tasseau.<\/p>\r\n\r\n\r\n\r\n<p>S\u2019il existe un obstacle, poutre ou tuyau, le long de votre mur reportez soigneusement les mesures de cet \u00e9l\u00e9ment sur vos lames avant d\u2019en faire la d\u00e9coupe. Votre parquet int\u00e9grera alors parfaitement les contours de l\u2019obstacle.<\/p>\r\n\r\n\r\n\r\n<h2 class=\"wp-block-heading\">Les finitions d\u2019une pose de parquet contrecoll\u00e9<\/h2>\r\n\r\n\r\n\r\n<p>Continuez la pose en escalier. Lorsque toute la surface de votre pi\u00e8ce est couverte, il ne vous reste plus qu\u2019\u00e0 enlever les cales. L\u2019espace entre le parquet et le mur sera cach\u00e9 par les plinthes.<\/p>\r\n\r\n\r\n\r\n<figure class=\"wp-block-embed-youtube wp-block-embed is-type-video is-provider-youtube wp-embed-aspect-16-9 wp-has-aspect-ratio\">\r\n<div class=\"wp-block-embed__wrapper\">https:\/\/www.youtube.com\/watch?v=7X09V6asmP0<\/div>\r\n<\/figure>\r\n\n<p style=\"text-align: center;\"><a class=\"bouton bleu\" id=\"btn-rdv-magazine\" href=\"https:\/\/www.lapeyre.fr\/prise-de-rdv\">Prendre RDV<\/a><\/p>","protected":false},"excerpt":{"rendered":"<p>Dotez votre int\u00e9rieur de la chaleur naturellement isolante du bois en optant pour un\u00a0parquet\u00a0contrecoll\u00e9. Ce parquet facile&#8230;<\/p>\n","protected":false},"author":1005,"featured_media":1243,"comment_status":"open","ping_status":"open","sticky":false,"template":"","format":"standard","meta":{"_acf_changed":false,"footnotes":""},"categories":[976,975],"tags":[18],"class_list":{"2":"type-post","6":"hentry"},"acf":[],"_links":{"self":[{"href":"https:\/\/www.lapeyre.fr\/c\/magazine\/wp-json\/wp\/v2\/posts\/1237","targetHints":{"allow":["GET"]}}],"collection":[{"href":"https:\/\/www.lapeyre.fr\/c\/magazine\/wp-json\/wp\/v2\/posts"}],"about":[{"href":"https:\/\/www.lapeyre.fr\/c\/magazine\/wp-json\/wp\/v2\/types\/post"}],"author":[{"embeddable":true,"href":"https:\/\/www.lapeyre.fr\/c\/magazine\/wp-json\/wp\/v2\/users\/1005"}],"replies":[{"embeddable":true,"href":"https:\/\/www.lapeyre.fr\/c\/magazine\/wp-json\/wp\/v2\/comments?post=1237"}],"version-history":[{"count":0,"href":"https:\/\/www.lapeyre.fr\/c\/magazine\/wp-json\/wp\/v2\/posts\/1237\/revisions"}],"wp:featuredmedia":[{"embeddable":true,"href":"https:\/\/www.lapeyre.fr\/c\/magazine\/wp-json\/wp\/v2\/media\/1243"}],"wp:attachment":[{"href":"https:\/\/www.lapeyre.fr\/c\/magazine\/wp-json\/wp\/v2\/media?parent=1237"}],"wp:term":[{"taxonomy":"category","embeddable":true,"href":"https:\/\/www.lapeyre.fr\/c\/magazine\/wp-json\/wp\/v2\/categories?post=1237"},{"taxonomy":"post_tag","embeddable":true,"href":"https:\/\/www.lapeyre.fr\/c\/magazine\/wp-json\/wp\/v2\/tags?post=1237"}],"curies":[{"name":"wp","href":"https:\/\/api.w.org\/{rel}","templated":true}]}}