{"id":1255,"date":"2019-12-11T13:48:44","date_gmt":"2019-12-11T12:48:44","guid":{"rendered":"https:\/\/magazine.lapeyre.fr\/?p=1255"},"modified":"2025-03-12T17:14:56","modified_gmt":"2025-03-12T16:14:56","slug":"apprenez-a-poser-un-plan-de-travail-en-cuisine","status":"publish","type":"post","link":"https:\/\/www.lapeyre.fr\/c\/magazine\/apprenez-a-poser-un-plan-de-travail-en-cuisine\/","title":{"rendered":"Apprenez \u00e0 poser un plan de travail en cuisine"},"content":{"rendered":"\r\n<p><strong>Vous avez besoin d\u2019un gain de place pour cuisiner de bons petits plats ? Nos conseils d\u2019expert de Lapeyre vous explique comment poser un\u00a0<a href=\"https:\/\/www.lapeyre.fr\/cuisine-CCU0001\/credences-plans-travail-CCN0013\/plans-travail-CCN0091\" target=\"_blank\" rel=\"noreferrer noopener\">plan de travail\u00a0<\/a>facilement. Cette installation de difficult\u00e9 2 requiert un temps de pose de deux heures. Sachez prendre les mesures exactes, ne pas \u00e9cailler la pellicule de votre plan de travail et en assurer l\u2019\u00e9tanch\u00e9it\u00e9.\u00a0 Vous pourrez ensuite laisser parler votre cr\u00e9ativit\u00e9 culinaire !<\/strong><\/p>\r\n\r\n\r\n\r\n<h2 class=\"wp-block-heading\">Les mesures et la d\u00e9coupe du plan de travail<\/h2>\r\n\r\n\r\n\r\n<p>Commencez par prendre les mesures de votre plan de travail. Prenez soin de placer du ruban adh\u00e9sif sur l\u2019axe de d\u00e9coupe pour \u00e9viter l\u2019\u00e9caillage de la pellicule sup\u00e9rieure. Proc\u00e9dez maintenant \u00e0 la d\u00e9coupe avec une scie circulaire que vous pouvez guider \u00e0 l\u2019aide d\u2019une planche pour un r\u00e9sultat parfait.<\/p>\r\n\r\n\r\n\r\n<figure class=\"wp-block-image\"><img decoding=\"async\" src=\"https:\/\/statics.lapeyre.fr\/img\/contrib\/2bdd4da3002096b1\/desktop_poservousmemeplanTRAV_CUISplatinenoir_p1.jpg\" alt=\"plan de travail cuisine\" \/><\/figure>\r\n\r\n\r\n\r\n<h2 class=\"wp-block-heading\">Le collage des chants du plan de travail<\/h2>\r\n\r\n\r\n\r\n<p>Sur la tranche du plan de travail que vous venez de d\u00e9couper, collez un chant thermocollant \u00e0 l\u2019aide d\u2019un fer \u00e0 repasser. \u00c9liminez le d\u00e9bord avec un cutter puis poncez les bords.<\/p>\r\n\r\n\r\n\r\n<h2 class=\"wp-block-heading\">L&rsquo;installation du plan de travail sur vos meubles de cuisine<\/h2>\r\n\r\n\r\n\r\n<p>Posez maintenant le plan de travail sur le\u00a0<strong><a href=\"https:\/\/www.lapeyre.fr\/cuisine-CCU0001\/meubles-modeles-cuisine-CCN0010\" target=\"_blank\" rel=\"noreferrer noopener\">meuble de cuisine<\/a><\/strong>. Corrigez si besoin l\u2019horizontalit\u00e9 du plan en ajustant la hauteur de chaque pied de meuble. Enfin, scellez le bord du plan contre le mur gr\u00e2ce \u00e0 un joint de silicone.<\/p>\r\n\r\n\r\n\r\n<h2 class=\"wp-block-heading\">La fixation du plan de travail<\/h2>\r\n\r\n\r\n\r\n<p>Il ne vous reste plus qu\u2019\u00e0 fixer le plan de travail au meuble. Enlevez tout d\u2019abord <a href=\"https:\/\/www.lapeyre.fr\/cuisine-CCU0001\">les tiroirs du meuble<\/a> puis vissez le plan par en dessous. D\u00e8s que le joint est sec, vous pouvez utiliser votre plan de travail sans mod\u00e9ration !<\/p>\r\n\n<p style=\"text-align: center;\"><a class=\"bouton bleu\" id=\"btn-rdv-magazine\" href=\"https:\/\/www.lapeyre.fr\/prise-de-rdv\">Prendre RDV<\/a><\/p>","protected":false},"excerpt":{"rendered":"<p>Vous avez besoin d\u2019un gain de place pour cuisiner de bons petits plats ? Nos conseils d\u2019expert&#8230;<\/p>\n","protected":false},"author":1006,"featured_media":868,"comment_status":"open","ping_status":"open","sticky":false,"template":"","format":"standard","meta":{"_acf_changed":false,"footnotes":""},"categories":[963,965],"tags":[5],"class_list":{"2":"type-post","6":"hentry"},"acf":[],"_links":{"self":[{"href":"https:\/\/www.lapeyre.fr\/c\/magazine\/wp-json\/wp\/v2\/posts\/1255","targetHints":{"allow":["GET"]}}],"collection":[{"href":"https:\/\/www.lapeyre.fr\/c\/magazine\/wp-json\/wp\/v2\/posts"}],"about":[{"href":"https:\/\/www.lapeyre.fr\/c\/magazine\/wp-json\/wp\/v2\/types\/post"}],"author":[{"embeddable":true,"href":"https:\/\/www.lapeyre.fr\/c\/magazine\/wp-json\/wp\/v2\/users\/1006"}],"replies":[{"embeddable":true,"href":"https:\/\/www.lapeyre.fr\/c\/magazine\/wp-json\/wp\/v2\/comments?post=1255"}],"version-history":[{"count":0,"href":"https:\/\/www.lapeyre.fr\/c\/magazine\/wp-json\/wp\/v2\/posts\/1255\/revisions"}],"wp:featuredmedia":[{"embeddable":true,"href":"https:\/\/www.lapeyre.fr\/c\/magazine\/wp-json\/wp\/v2\/media\/868"}],"wp:attachment":[{"href":"https:\/\/www.lapeyre.fr\/c\/magazine\/wp-json\/wp\/v2\/media?parent=1255"}],"wp:term":[{"taxonomy":"category","embeddable":true,"href":"https:\/\/www.lapeyre.fr\/c\/magazine\/wp-json\/wp\/v2\/categories?post=1255"},{"taxonomy":"post_tag","embeddable":true,"href":"https:\/\/www.lapeyre.fr\/c\/magazine\/wp-json\/wp\/v2\/tags?post=1255"}],"curies":[{"name":"wp","href":"https:\/\/api.w.org\/{rel}","templated":true}]}}