{"id":1261,"date":"2019-12-11T15:25:35","date_gmt":"2019-12-11T14:25:35","guid":{"rendered":"https:\/\/magazine.lapeyre.fr\/?p=1261"},"modified":"2025-08-13T15:35:37","modified_gmt":"2025-08-13T13:35:37","slug":"renovation-fenetre-sur-mesure","status":"publish","type":"post","link":"https:\/\/www.lapeyre.fr\/c\/magazine\/renovation-fenetre-sur-mesure\/","title":{"rendered":"Une r\u00e9novation de fen\u00eatre sur mesure"},"content":{"rendered":"\r\n<p><strong>Pour r\u00e9ussir un remplacement de fen\u00eatre, votre atout est l\u2019adaptabilit\u00e9 des fen\u00eatres Lapeyre. Plus facile, plus rapide et moins co\u00fbteuse que la r\u00e9novation, l\u2019adaptation des fen\u00eatres Lapeyre est un gage de succ\u00e8s.<\/strong><\/p>\r\n\r\n\r\n\r\n<h2 class=\"wp-block-heading\">Ajuster une fen\u00eatre standard lors d\u2019un remplacement de fen\u00eatre<\/h2>\r\n\r\n\r\n\r\n<p>Une fois vos mesures prises, vous vous \u00eates aper\u00e7u que votre <a href=\"https:\/\/www.lapeyre.fr\/fenetres-CCN0036\">fen\u00eatre <\/a>\u00e0 r\u00e9nover \u00e9tait un peu plus haute ou l\u00e9g\u00e8rement plus large qu\u2019une fen\u00eatre standard. Pas de panique : vous pouvez recourir \u00e0 des tap\u00e9es pour une pose parfaitement isol\u00e9e ou \u00e0 des \u00e9largisseurs appel\u00e9s al\u00e8ses.<\/p>\r\n\r\n\r\n\r\n<p>Gardez donc intact votre projet de remplacement de fen\u00eatre. Selon le mat\u00e9riau choisi et les dimensions de votre ouverture, vous pouvez opter pour les diff\u00e9rentes adaptations rapides.<\/p>\r\n\r\n\r\n\r\n<figure class=\"wp-block-image\"><img decoding=\"async\" src=\"https:\/\/statics.lapeyre.fr\/img\/contrib\/2bdd4da3002084df\/desktop_FENadapterenovation_performancepvc_p1.jpg\" alt=\"Fen\u00eatre et porte fen\u00eatre vue de l'int\u00e9rieur\" \/><\/figure>\r\n\r\n\r\n\r\n<h2 class=\"wp-block-heading\">La r\u00e9novation de fen\u00eatres : une solution sans gros travaux !<\/h2>\r\n\r\n\r\n\r\n<p>Si le b\u00e2ti de votre fen\u00eatre est sain, \u00e9vitez de tout remplacer ! Avec les produits R\u00e9nofacile, vous n\u2019avez plus qu\u2019\u00e0 poser votre nouvelle ouverture sur l\u2019ancien b\u00e2ti.<\/p>\r\n\r\n\r\n\r\n<p>Installez une fen\u00eatre Performance Aluminium haute en couleur pour un int\u00e9rieur moderne, et parfaitement isol\u00e9. Les fen\u00eatres en <a href=\"https:\/\/www.lapeyre.fr\/pvc-CCN688463\">PVC <\/a>ou <a href=\"https:\/\/www.lapeyre.fr\/pin-CCN688131\">bois <\/a>s\u2019offrent aussi en pose sur b\u00e2ti existant\u00a0!<\/p>\r\n\n<p style=\"text-align: center;\"><a class=\"bouton bleu\" id=\"btn-rdv-magazine\" href=\"https:\/\/www.lapeyre.fr\/prise-de-rdv\">Prendre RDV<\/a><\/p>","protected":false},"excerpt":{"rendered":"<p>Pour r\u00e9ussir un remplacement de fen\u00eatre, votre atout est l\u2019adaptabilit\u00e9 des fen\u00eatres Lapeyre. Plus facile, plus rapide&#8230;<\/p>\n","protected":false},"author":1005,"featured_media":4506,"comment_status":"open","ping_status":"open","sticky":false,"template":"","format":"standard","meta":{"_acf_changed":false,"footnotes":""},"categories":[955,958],"tags":[902],"class_list":{"2":"type-post","6":"hentry"},"acf":[],"_links":{"self":[{"href":"https:\/\/www.lapeyre.fr\/c\/magazine\/wp-json\/wp\/v2\/posts\/1261","targetHints":{"allow":["GET"]}}],"collection":[{"href":"https:\/\/www.lapeyre.fr\/c\/magazine\/wp-json\/wp\/v2\/posts"}],"about":[{"href":"https:\/\/www.lapeyre.fr\/c\/magazine\/wp-json\/wp\/v2\/types\/post"}],"author":[{"embeddable":true,"href":"https:\/\/www.lapeyre.fr\/c\/magazine\/wp-json\/wp\/v2\/users\/1005"}],"replies":[{"embeddable":true,"href":"https:\/\/www.lapeyre.fr\/c\/magazine\/wp-json\/wp\/v2\/comments?post=1261"}],"version-history":[{"count":0,"href":"https:\/\/www.lapeyre.fr\/c\/magazine\/wp-json\/wp\/v2\/posts\/1261\/revisions"}],"wp:featuredmedia":[{"embeddable":true,"href":"https:\/\/www.lapeyre.fr\/c\/magazine\/wp-json\/wp\/v2\/media\/4506"}],"wp:attachment":[{"href":"https:\/\/www.lapeyre.fr\/c\/magazine\/wp-json\/wp\/v2\/media?parent=1261"}],"wp:term":[{"taxonomy":"category","embeddable":true,"href":"https:\/\/www.lapeyre.fr\/c\/magazine\/wp-json\/wp\/v2\/categories?post=1261"},{"taxonomy":"post_tag","embeddable":true,"href":"https:\/\/www.lapeyre.fr\/c\/magazine\/wp-json\/wp\/v2\/tags?post=1261"}],"curies":[{"name":"wp","href":"https:\/\/api.w.org\/{rel}","templated":true}]}}