{"id":1282,"date":"2019-12-11T17:26:37","date_gmt":"2019-12-11T16:26:37","guid":{"rendered":"https:\/\/magazine.lapeyre.fr\/?p=1282"},"modified":"2025-03-13T10:00:37","modified_gmt":"2025-03-13T09:00:37","slug":"composer-salle-bain","status":"publish","type":"post","link":"https:\/\/www.lapeyre.fr\/c\/magazine\/composer-salle-bain\/","title":{"rendered":"Composer l\u2019espace douche de votre salle de bain"},"content":{"rendered":"\r\n<p><strong>Prenez du bon temps dans votre\u00a0<a href=\"https:\/\/www.lapeyre.fr\/bain-CCU0002\">salle de bain<\/a>\u00a0gr\u00e2ce \u00e0 un espace douche adapt\u00e9 \u00e0 votre pi\u00e8ce ! Vous aurez alors plaisir \u00e0 choisir un bac et une robinetterie de douche qui seront \u00e0 la fois pratiques et design.<br \/><\/strong>\u00a0<\/p>\r\n\r\n\r\n\r\n<h2 class=\"wp-block-heading\">1. Choisir la configuration de votre douche<\/h2>\r\n\r\n\r\n\r\n<p>Adaptez votre douche \u00e0 l\u2019agencement de votre salle de bains\u00a0:\u00a0<strong><a href=\"https:\/\/www.lapeyre.fr\/cabines-completes-CCN0125\" target=\"_blank\" rel=\"noreferrer noopener\">cabine de douche<\/a><\/strong>, douche \u00e0 l\u2019italienne, douche grands espaces, etc.<\/p>\r\n\r\n\r\n\r\n<h2 class=\"wp-block-heading\">2. Choisir l&rsquo;ouverture de votre cabine de douche<\/h2>\r\n\r\n\r\n\r\n<p>Lapeyre propose 6 types d\u2019ouverture pour garantir un acc\u00e8s pluriel et s\u00e9curis\u00e9 \u00e0 la douche.<\/p>\r\n\r\n\r\n\r\n<h2 class=\"wp-block-heading\">3. S\u00e9lectionner votre bac \u00e0 douche<\/h2>\r\n\r\n\r\n\r\n<p><strong><a href=\"https:\/\/www.lapeyre.fr\/receveurs-CCN418569\" target=\"_blank\" rel=\"noreferrer noopener\">Le \u201cbac \u00e0 douche\u201d<\/a><\/strong><\/p>\r\n\r\n\r\n\r\n<p>Il existe plusieurs formes, dimensions et mat\u00e9riaux pour r\u00e9pondre au confort recherch\u00e9\u00a0:<\/p>\r\n\r\n\r\n\r\n<p><br \/>\u2022\u00a0<strong>Le\u00a0<\/strong><strong>bac \u00e0 douche en<\/strong><strong>\u00a0gr\u00e8s \u00e9maill\u00e9<\/strong>\u00a0: mat\u00e9riau traditionnel, r\u00e9sistant et lourd. Tr\u00e8s facile d\u2019entretien, il ne ternit pas dans le temps. Certains bacs\u00a0sont trait\u00e9s en surface avec un rev\u00eatement sp\u00e9cial afin de renforcer l\u2019adh\u00e9rence pour une plus grande s\u00e9curit\u00e9.<\/p>\r\n\r\n\r\n\r\n<p><br \/><br \/>\u2022\u00a0<strong>Le\u00a0<\/strong><strong>bac \u00e0 douche en<\/strong><strong>\u00a0acrylique<\/strong>\u00a0: mat\u00e9riau\u00a0procurant un r\u00e9el confort d\u2019utilisation\u00a0: insonore, pas de sensation de froid sous les pieds et antid\u00e9rapant naturellement. Entretien\u00a0facile (produits non abrasifs, sans solvant et sans microbilles afin de garantir la long\u00e9vit\u00e9). Les bacs en acrylique sont souvent plus\u00a0design et permettent de tr\u00e8s grandes dimensions.<\/p>\r\n\r\n\r\n\r\n<p><br \/><br \/>\u2022\u00a0<strong>Le\u00a0<\/strong><strong>bac \u00e0 douche en<\/strong><strong>\u00a0mat\u00e9riaux de synth\u00e8se<\/strong>\u00a0(r\u00e9sine ou b\u00e9ton) : nouveaux mat\u00e9riaux\u00a0tr\u00e8s tendance qui conjuguent les qualit\u00e9s du gr\u00e8s et de l\u2019acrylique.<\/p>\r\n\r\n\r\n\r\n<p><strong><a href=\"https:\/\/www.lapeyre.fr\/receveurs-CCN418569\" target=\"_blank\" rel=\"noreferrer noopener\">Le receveur \u00e0 Carreler<\/a><\/strong><\/p>\r\n\r\n\r\n\r\n<p>Tr\u00e8s tendance, le receveur \u00e0 carreler s\u2019adapte \u00e0 toutes les dimensions souhait\u00e9es. Il existe 2 types de receveurs \u00e0 carreler : pr\u00eat \u00e0\u00a0carreler ou \u00e0 ma\u00e7onner. Possibilit\u00e9 de l\u2019encastrer dans le sol. Il permet un acc\u00e8s de plain-pied \u00e0 la douche et r\u00e9pond aux normes\u00a0d\u2019accessibilit\u00e9s des personnes \u00e0 mobilit\u00e9 r\u00e9duite.<\/p>\r\n\r\n\r\n\r\n<h2 class=\"wp-block-heading\">4. Choisir la robinetterie de douche<\/h2>\r\n\r\n\r\n\r\n<p>Retrouvez toute notre gamme de mitigeurs, kits de douche et colonnes hydromassantes. Et choisissez le robinet de douche qui convient \u00e0 vos besoins.<\/p>\r\n\n<p style=\"text-align: center;\"><a class=\"bouton bleu\" id=\"btn-rdv-magazine\" href=\"https:\/\/www.lapeyre.fr\/prise-de-rdv\">Prendre RDV<\/a><\/p>","protected":false},"excerpt":{"rendered":"<p>Prenez du bon temps dans votre\u00a0salle de bain\u00a0gr\u00e2ce \u00e0 un espace douche adapt\u00e9 \u00e0 votre pi\u00e8ce !&#8230;<\/p>\n","protected":false},"author":1006,"featured_media":953,"comment_status":"open","ping_status":"open","sticky":false,"template":"","format":"standard","meta":{"_acf_changed":false,"footnotes":""},"categories":[974,971],"tags":[8,9,11,16,24,25,906],"class_list":{"2":"type-post","6":"hentry"},"acf":[],"_links":{"self":[{"href":"https:\/\/www.lapeyre.fr\/c\/magazine\/wp-json\/wp\/v2\/posts\/1282","targetHints":{"allow":["GET"]}}],"collection":[{"href":"https:\/\/www.lapeyre.fr\/c\/magazine\/wp-json\/wp\/v2\/posts"}],"about":[{"href":"https:\/\/www.lapeyre.fr\/c\/magazine\/wp-json\/wp\/v2\/types\/post"}],"author":[{"embeddable":true,"href":"https:\/\/www.lapeyre.fr\/c\/magazine\/wp-json\/wp\/v2\/users\/1006"}],"replies":[{"embeddable":true,"href":"https:\/\/www.lapeyre.fr\/c\/magazine\/wp-json\/wp\/v2\/comments?post=1282"}],"version-history":[{"count":0,"href":"https:\/\/www.lapeyre.fr\/c\/magazine\/wp-json\/wp\/v2\/posts\/1282\/revisions"}],"wp:featuredmedia":[{"embeddable":true,"href":"https:\/\/www.lapeyre.fr\/c\/magazine\/wp-json\/wp\/v2\/media\/953"}],"wp:attachment":[{"href":"https:\/\/www.lapeyre.fr\/c\/magazine\/wp-json\/wp\/v2\/media?parent=1282"}],"wp:term":[{"taxonomy":"category","embeddable":true,"href":"https:\/\/www.lapeyre.fr\/c\/magazine\/wp-json\/wp\/v2\/categories?post=1282"},{"taxonomy":"post_tag","embeddable":true,"href":"https:\/\/www.lapeyre.fr\/c\/magazine\/wp-json\/wp\/v2\/tags?post=1282"}],"curies":[{"name":"wp","href":"https:\/\/api.w.org\/{rel}","templated":true}]}}