{"id":1291,"date":"2019-12-11T18:04:37","date_gmt":"2019-12-11T17:04:37","guid":{"rendered":"https:\/\/magazine.lapeyre.fr\/?p=1291"},"modified":"2025-03-13T10:00:02","modified_gmt":"2025-03-13T09:00:02","slug":"verriere-cuisine","status":"publish","type":"post","link":"https:\/\/www.lapeyre.fr\/c\/magazine\/verriere-cuisine\/","title":{"rendered":"Et si on installait une verri\u00e8re dans la cuisine ?"},"content":{"rendered":"\r\n<p><strong>Tendance d\u00e9co ou solution brico ? Apr\u00e8s la grande vague des cuisines ouvertes, la n\u00e9cessit\u00e9 de recloisonner la cuisine pour couper odeurs et bruits a trouv\u00e9 sa solution \u00e0 la fois d\u00e9corative et fonctionnelle\u00a0: la <a href=\"https:\/\/www.lapeyre.fr\/verrieres-CCU2134290\">verri\u00e8re d\u2019int\u00e9rieur<\/a> ou <a href=\"https:\/\/www.lapeyre.fr\/cloisons-verrieres-SCU2134292\">cloison vitr\u00e9e<\/a>. Nouvelle tendance inspir\u00e9e des anciennes fabriques, la verri\u00e8re int\u00e9rieure est id\u00e9ale pour cr\u00e9er une s\u00e9paration entre deux espaces de votre habitation, laisser entrer la lumi\u00e8re sans condamner ni perspective ni design.<\/strong><\/p>\r\n\r\n\r\n\r\n<p>S\u00e9duits par ce produit tant pl\u00e9biscit\u00e9\u00a0? Lapeyre, au savoir-faire historique en menuiseries, vous accompagne pour tout savoir sur la verri\u00e8re d\u2019atelier, de son choix \u00e0 son installation.<\/p>\r\n\r\n\r\n\r\n<h2 class=\"wp-block-heading\"><strong>Une <a href=\"https:\/\/www.lapeyre.fr\/verrieres-CCU2134290\">verri\u00e8re <\/a>: tendance d\u00e9co ou solution brico ?<\/strong><\/h2>\r\n\r\n\r\n\r\n<p>Id\u00e9ale pour d\u00e9limiter les espaces sans les fermer \u00e0 la vue, la verri\u00e8re int\u00e9rieure, en acier thermolaqu\u00e9, en aluminium, voire en bois s\u2019int\u00e8gre \u00e0 tous les int\u00e9rieurs. Au-del\u00e0 de son design, la verri\u00e8re est une r\u00e9elle solution d\u2019am\u00e9nagement pratique pour petits comme grands espaces\u00a0! Zoom sur cette <a href=\"https:\/\/www.lapeyre.fr\/cloisons-verrieres-SCU2134292\">cloison vitr\u00e9e<\/a> atypique avec les conseillers Lapeyre.<\/p>\r\n\r\n\r\n\r\n<h3 class=\"wp-block-heading\"><strong>Focus sur la verri\u00e8re d&rsquo;int\u00e9rieur<\/strong><\/h3>\r\n\r\n\r\n\r\n<p>De verre et d\u2019acier\u2026 la\u00a0<a href=\"https:\/\/www.lapeyre.fr\/c\/magazine\/pieces-maison\/La-verriere-datelier-illumine-votre-interieur\">verri\u00e8re d\u2019int\u00e9rieur<\/a>\u00a0au style atelier est une alternative d\u2019agencement qui convient tout aussi bien pour remplacer une cloison pleine que pour couper un espace ouvert de type loft en cr\u00e9ant une pi\u00e8ce suppl\u00e9mentaire.<\/p>\r\n\r\n\r\n\r\n<p><em><strong>Quesaco\u00a0?<\/strong><\/em>\u00a0La verri\u00e8re d\u2019int\u00e9rieur n\u2019est ni une baie vitr\u00e9e, ni une v\u00e9randa. Sa structure s\u2019int\u00e8gre dans tous les int\u00e9rieurs, et peut \u00eatre d\u00e9clin\u00e9e en toutes dimensions. Au milieu d\u2019une cloison existante, percer une verri\u00e8re permet de laisser entrer la lumi\u00e8re dans une cuisine petite ou aveugle, en l\u2019ouvrant sur le s\u00e9jour ou un couloir par exemple. Commun\u00e9ment, la verri\u00e8re d\u2019atelier s\u2019installe sur un soubassement ma\u00e7onn\u00e9. Pouvant int\u00e9grer une porte battante, la verri\u00e8re d\u2019int\u00e9rieurse d\u00e9cline en cloison vitr\u00e9e de bas en haut ou avec un soubassement en t\u00f4le.<\/p>\r\n\r\n\r\n\r\n<p><strong><em>Les mat\u00e9riaux<\/em>\u00a0:<\/strong> Issus des anciennes fabriques, les mod\u00e8les en acier, noir grain\u00e9, effet rouille ou peint, sont les plus r\u00e9sistants et donnent \u00a0un esprit loft et contemporain \u00e0 un int\u00e9rieur, notamment avec des ferronneries traditionnelles. . C\u00f4t\u00e9 vitrage, un feuillet\u00e9 ou Securit retiendra les \u00e9clats en cas de bris de glace.<\/p>\r\n\r\n\r\n\r\n<h3 class=\"wp-block-heading\"><strong><a href=\"https:\/\/www.lapeyre.fr\/cuisine-CCU0001\">Cuisine <\/a>avec verri\u00e8re<\/strong> : une tendance&#8230; fonctionnelle !<\/h3>\r\n\r\n\r\n\r\n<p>M\u00eame si la recherche de convivialit\u00e9 et d\u2019ouverture est de mise, il n\u2019est pas toujours agr\u00e9able de r\u00e9pandre odeurs et bruits de cuisine dans le reste de la pi\u00e8ce \u00e0 vivre. Entre cuisine sombre et \u00e9triqu\u00e9e et grand espace ouvert, la verri\u00e8re int\u00e9rieure s\u2019impose comme solution parfaite pour cloisonner sans enfermer tout en gagnant en luminosit\u00e9.<\/p>\r\n\r\n\r\n\r\n<p><em><strong>Solution pratique<\/strong><\/em>\u00a0: Vous aimez participer \u00e0 la vie de la maison, la cuisine\/s\u00e9jour est aussi votre chambre\u2026 et vous aimeriez cependant rel\u00e9guer odeurs de petits plats qui mijotent ou bruits de lave-vaisselle en cuisine. Comme une cloison, la verri\u00e8re d\u2019atelier cl\u00f4t l\u2019espace\u00a0pour isoler les nuisances, mais avec tous les avantages d\u2019une fen\u00eatre\u00a0: un espace visuellement ouvert, une perspective offrant une impression de volume, une lumi\u00e8re entrante.<\/p>\r\n\r\n\r\n\r\n<p><em><strong>Solution esth\u00e9tique<\/strong><\/em>\u00a0: Outre la possibilit\u00e9 de jouer sur les montants\u00a0: acier, bois, ou m\u00e9lange architectural, la verri\u00e8re accueille \u00e9galement tous types de vitrages\u00a0: lisse, d\u00e9poli, \u00e0 motifs, color\u00e9s\u2026 En laissant passer la lumi\u00e8re, une vitre martel\u00e9e peut aussi cacher votre \u00e9lectrom\u00e9nager ou votre \u00e9vier\u2026 La verri\u00e8re d\u2019int\u00e9rieur structure vos volumes pour que la cuisine s\u2019int\u00e8gre dans votre d\u00e9coration avec un style unique.<\/p>\r\n\r\n\r\n\r\n<p><em><strong>Solution brico<\/strong><\/em>\u00a0: Besoin d\u2019espace sans travaux d\u2019agrandissement, envie d\u2019abattre des cloisons en conservant des espaces d\u00e9limit\u00e9s, besoin de lumi\u00e8re\u00a0dans une petite cuisine sombre ? La verri\u00e8re int\u00e9rieure est la solution qui s\u2019adapte \u00e0 toutes les configurations.<\/p>\r\n\r\n\r\n\r\n<p><em><strong>Astuce Lapeyre\u00a0:<\/strong><\/em>\u00a0si vous pr\u00e9f\u00e9rez une verri\u00e8re \u00e0 porte vitr\u00e9e pour fermer votre\u00a0<a href=\"https:\/\/www.lapeyre.fr\/cuisine-CCU0001\">cuisine<\/a>, pensez \u00e0 cr\u00e9er un passe-plat entre 2 montants. Cela vous \u00e9vitera de devoir ouvrir la porte ou de faire le tour de votre verri\u00e8re \u00e0 chaque plat\u00a0! Entre la cuisine et le s\u00e9jour, une porte coulissante au style verri\u00e8re peut s\u2019av\u00e9rer tout aussi judicieuse pour choisir d\u2019ouvrir ou non le passage entre vos deux espaces de vie.<\/p>\r\n\r\n\r\n\r\n<h2 class=\"wp-block-heading\"><strong>Comment installer une verri\u00e8re ?<\/strong><\/h2>\r\n\r\n\r\n\r\n<p>Ces id\u00e9es d\u2019am\u00e9nagement vous ont donn\u00e9 l\u2019envie d\u2019installer une verri\u00e8re int\u00e9rieure\u00a0pour votre\u00a0<a href=\"https:\/\/www.lapeyre.fr\/cuisine-CCU0001\">cuisine\u00a0<\/a>? Equipement tendance par excellence, la verri\u00e8re d\u2019atelier est aujourd\u2019hui propos\u00e9e sous toutes ses formes\u00a0: pr\u00eate \u00e0 poser, du standard au sur-mesure, \u00e0 monter soi-m\u00eame ou \u00e0 faire poser par un professionnel. Expert en <a href=\"https:\/\/www.lapeyre.fr\/fenetres-CCU0003\">fen\u00eatres <\/a>et s\u00e9parations de pi\u00e8ces, <a href=\"https:\/\/www.lapeyre.fr\/c\/services\/le-conseil-a-domicile\">Lapeyre vous guide<\/a> pour adapter votre projet \u00e0 vos attentes et votre budget.<\/p>\r\n\r\n\r\n\r\n<h3 class=\"wp-block-heading\"><strong>De bonnes questions pour ne pas se tromper<\/strong>&#8230;<\/h3>\r\n\r\n\r\n\r\n<h4 class=\"wp-block-heading\">&#8230;<strong>Ou la bonne verri\u00e8re pour ma cuisine<\/strong><\/h4>\r\n\r\n\r\n\r\n<p>En dehors du budget, qui sera souvent plus \u00e9lev\u00e9 pour une\u00a0verri\u00e8re sur-mesure, les caract\u00e9ristiques de votre logement influent sur le choix de votre verri\u00e8re d\u2019atelier dans la cuisine.<\/p>\r\n\r\n\r\n\r\n<p><strong><em>La configuration de votre installation\u00a0<\/em>:<\/strong> Trois cas se pr\u00e9sentent \u00e0 vous pour la pose de votre verri\u00e8re\u00a0:<\/p>\r\n\r\n\r\n\r\n<p>1. La cr\u00e9ation d\u2019une nouvelle ouverture\u00a0: le pr\u00eat \u00e0 poser est alors envisageable.<\/p>\r\n\r\n\r\n\r\n<p>2. La pose sur une s\u00e9paration existante (bar, demie cloison, alc\u00f4ve)\u00a0: le sur-mesure permettra d\u2019ajuster vos besoins \u00e0 l\u2019existant.<\/p>\r\n\r\n\r\n\r\n<p>3. L\u2019ouverture partielle d\u2019une cloison existante\u00a0: vous percerez votre ouverture selon les dimensions de votre verri\u00e8re et pouvez donc choisir le standard comme le sur-mesure.<\/p>\r\n\r\n\r\n\r\n<p><em><strong>Quelques points techniques \u00e0 lister<\/strong><\/em>\u00a0: Avant de vous lancer dans le pose de votre verri\u00e8re, anticipez quelques contraintes\u00a0:<\/p>\r\n\r\n\r\n\r\n<p>&#8211;\u00a0\u00a0\u00a0\u00a0\u00a0 Assurez-vous que le mur qui recevra votre verri\u00e8re soit suffisamment solide\u00a0et, s\u2019il s\u2019agit d\u2019un mur porteur, demandez l\u2019avis d\u2019un sp\u00e9cialiste !<\/p>\r\n\r\n\r\n\r\n<p>&#8211;\u00a0\u00a0\u00a0\u00a0\u00a0 V\u00e9rifiez ensuite\u00a0la pr\u00e9sence d\u2019\u00e9lectricit\u00e9 dans le mur<\/p>\r\n\r\n\r\n\r\n<p>&#8211;\u00a0\u00a0\u00a0\u00a0\u00a0 Validez la qualit\u00e9 de l\u2019aplomb et du niveau de l\u2019ouverture<\/p>\r\n\r\n\r\n\r\n<h3 class=\"wp-block-heading\"><strong>Les conseils Lapeyre pour installer votre verri\u00e8re<\/strong><\/h3>\r\n\r\n\r\n\r\n<p>Vous souhaitez installer vous-m\u00eame votre verri\u00e8re\u00a0? Pr\u00eates \u00e0 poser ou cr\u00e9atives, les verri\u00e8res d\u2019atelier Lapeyre sont accessibles \u00e0 tous les bricoleurs\u00a0: assemblez les vitrages pour r\u00e9aliser vos cloisons vitr\u00e9es, semi-vitr\u00e9es, avec portes ou impostes.<\/p>\r\n\r\n\r\n\r\n<p><strong><em>C\u00f4t\u00e9 travaux\u00a0:<\/em>\u00a0<\/strong>vous pouvez entreprendre la pose d\u2019une verri\u00e8re assez facilement. Voici un r\u00e9sum\u00e9 des principales \u00e9tapes\u00a0:<\/p>\r\n\r\n\r\n\r\n<p>&#8211;\u00a0\u00a0\u00a0\u00a0\u00a0 Pr\u00e9paration de la zone de pose\u00a0: d\u00e9coupe de cloison ou cr\u00e9ation de support. Votre support (demie cloison ou sol) doit \u00eatre \u00e0 niveau et prendre en compte les mesures du b\u00e2ti choisi\u00a0<\/p>\r\n\r\n\r\n\r\n<p>&#8211;\u00a0\u00a0\u00a0\u00a0\u00a0 Installation d\u2019un cadre de finition<\/p>\r\n\r\n\r\n\r\n<p>&#8211;\u00a0\u00a0\u00a0\u00a0\u00a0 Pose du ch\u00e2ssis<\/p>\r\n\r\n\r\n\r\n<p>&#8211;\u00a0\u00a0\u00a0\u00a0\u00a0 Assemblage des vitrages\u00a0: veillez \u00e0 utiliser des gants ad\u00e9quats et n\u2019oubliez pas que tous ces mat\u00e9riaux sont fragiles et lourds\u00a0!<\/p>\r\n\r\n\r\n\r\n<p><em>Lors de l\u2019achat de votre verri\u00e8re, n\u2019h\u00e9sitez pas \u00e0 poser des questions sur la pose \u00e0 nos conseillers.<\/em><\/p>\r\n\r\n\r\n\r\n<p><em><strong>C\u00f4t\u00e9 budget\u00a0:<\/strong>\u00a0<\/em>Comptez \u00e0 partir de 239\u20ac pour une verri\u00e8re Lapeyre, selon sa taille et le nombre de vitrages choisis. Des cloisons vitr\u00e9es ainsi que des portes fa\u00e7on verri\u00e8res d&rsquo;atelier sont \u00e9galement disponibles dans les boutiques Lapeyre, pour les budgets plus serr\u00e9s ou les non bricoleurs\u00a0!<\/p>\r\n\r\n\r\n\r\n<h3 class=\"wp-block-heading\"><strong><a href=\"https:\/\/www.lapeyre.fr\/c\/services\/le-conseil-a-domicile\">Les conseils<\/a> et <a href=\"https:\/\/www.lapeyre.fr\/c\/services\/installation-lapeyre\">la pose<\/a> par un pro\u2026 la cerise sur le g\u00e2teau<\/strong><\/h3>\r\n\r\n\r\n\r\n<p>Vous r\u00eavez de lumi\u00e8re et de perspective dans votre cuisine, d\u2019une verri\u00e8re atelier contemporaine ou au contraire classique, mais ne savez comment mettre en \u0153uvre votre projet\u00a0? <a href=\"https:\/\/www.lapeyre.fr\/c\/services\/le-conseil-a-domicile\">Les conseillers Lapeyre<\/a> sont l\u00e0 pour vous accompagner, orienter votre projet selon la configuration de votre cuisine et de la pi\u00e8ce contigu\u00eb, adapter vos attentes \u00e0 votre budget.<\/p>\r\n\r\n\r\n\r\n<p>Vous avez concr\u00e9tis\u00e9 votre achat et vous vous interrogez sur la pose\u00a0? M\u00eame si la pose d\u2019une verri\u00e8re d\u2019int\u00e9rieur est accessible \u00e0 un tr\u00e8s bon bricoleur, il n&rsquo;est pas envisageable pour un novice de s&rsquo;aventurer dans de tels travaux. <a href=\"https:\/\/www.lapeyre.fr\/c\/services\/installation-lapeyre\">La pose<\/a> d\u2019une verri\u00e8re d\u2019int\u00e9rieur requiert un peu d\u2019expertise, des outils et du savoir-faire. Un bricoleur d\u00e9brouillard r\u00e9ussira donc l\u2019installation de sa verri\u00e8re mais si vous n\u2019\u00eates pas certain, faites appel \u00e0 <a href=\"https:\/\/www.lapeyre.fr\/c\/services\/installation-lapeyre\">la pose par un pro.<\/a><\/p>\r\n\n<p style=\"text-align: center;\"><a class=\"bouton bleu\" id=\"btn-rdv-magazine\" href=\"https:\/\/www.lapeyre.fr\/prise-de-rdv\">Prendre RDV<\/a><\/p>","protected":false},"excerpt":{"rendered":"<p>Tendance d\u00e9co ou solution brico ? Apr\u00e8s la grande vague des cuisines ouvertes, la n\u00e9cessit\u00e9 de recloisonner&#8230;<\/p>\n","protected":false},"author":1005,"featured_media":1298,"comment_status":"open","ping_status":"open","sticky":false,"template":"","format":"standard","meta":{"_acf_changed":false,"footnotes":""},"categories":[966,963],"tags":[5,28],"class_list":{"2":"type-post","6":"hentry"},"acf":[],"_links":{"self":[{"href":"https:\/\/www.lapeyre.fr\/c\/magazine\/wp-json\/wp\/v2\/posts\/1291","targetHints":{"allow":["GET"]}}],"collection":[{"href":"https:\/\/www.lapeyre.fr\/c\/magazine\/wp-json\/wp\/v2\/posts"}],"about":[{"href":"https:\/\/www.lapeyre.fr\/c\/magazine\/wp-json\/wp\/v2\/types\/post"}],"author":[{"embeddable":true,"href":"https:\/\/www.lapeyre.fr\/c\/magazine\/wp-json\/wp\/v2\/users\/1005"}],"replies":[{"embeddable":true,"href":"https:\/\/www.lapeyre.fr\/c\/magazine\/wp-json\/wp\/v2\/comments?post=1291"}],"version-history":[{"count":0,"href":"https:\/\/www.lapeyre.fr\/c\/magazine\/wp-json\/wp\/v2\/posts\/1291\/revisions"}],"wp:featuredmedia":[{"embeddable":true,"href":"https:\/\/www.lapeyre.fr\/c\/magazine\/wp-json\/wp\/v2\/media\/1298"}],"wp:attachment":[{"href":"https:\/\/www.lapeyre.fr\/c\/magazine\/wp-json\/wp\/v2\/media?parent=1291"}],"wp:term":[{"taxonomy":"category","embeddable":true,"href":"https:\/\/www.lapeyre.fr\/c\/magazine\/wp-json\/wp\/v2\/categories?post=1291"},{"taxonomy":"post_tag","embeddable":true,"href":"https:\/\/www.lapeyre.fr\/c\/magazine\/wp-json\/wp\/v2\/tags?post=1291"}],"curies":[{"name":"wp","href":"https:\/\/api.w.org\/{rel}","templated":true}]}}