{"id":1297,"date":"2019-12-11T18:07:45","date_gmt":"2019-12-11T17:07:45","guid":{"rendered":"https:\/\/magazine.lapeyre.fr\/?p=1297"},"modified":"2025-03-14T11:50:11","modified_gmt":"2025-03-14T10:50:11","slug":"types-portes-garage","status":"publish","type":"post","link":"https:\/\/www.lapeyre.fr\/c\/magazine\/types-portes-garage\/","title":{"rendered":"Les portes de garage"},"content":{"rendered":"\r\n<p><strong>Basculantes, coulissantes, pliantes, enroulables, battantes, sectionnelles, \u00e0 battant\u2026 Difficile de faire son choix parmi la large gamme de<\/strong><a href=\"https:\/\/www.lapeyre.fr\/portes-CCU0004\/porte-garage-CCN353989#facet:&amp;facetContent:&amp;productBeginIndex:0&amp;contentBeginIndex:0&amp;orderBy:5&amp;orderByContent:&amp;pageView:grid&amp;pageViewContent:&amp;minPrice:&amp;maxPrice:&amp;pageSize:&amp;\"><strong>\u00a0<\/strong><strong>portes de garage<\/strong><\/a><strong>\u00a0qui s\u2019offre \u00e0 nous. \u00a0Selon leurs caract\u00e9ristiques et vos besoins, faites le meilleur choix.<\/strong><\/p>\r\n\r\n\r\n\r\n<figure class=\"wp-block-image\"><img decoding=\"async\" src=\"http:\/\/www.lapeyre.fr\/img\/contrib\/326fe2b011800774\/201104786.jpg\" alt=\"porte de garage 1\" \/><\/figure>\r\n\r\n\r\n\r\n<h2 class=\"wp-block-heading\">LES PORTES DE GARAGE BASCULANTES : SOLIDES ET ISOLANTES<\/h2>\r\n\r\n\r\n\r\n<p>Solides et pratiques, les portes de garage basculantes allient confort d\u2019utilisation et possibilit\u00e9 de personnalisation. R\u00e9alis\u00e9es la plupart du temps en acier, elles assurent une parfaite isolation ainsi qu\u2019une s\u00e9curit\u00e9 \u00e0 toute \u00e9preuve.<\/p>\r\n\r\n\r\n\r\n<p>Pratiques, elles n\u2019encombrent pas l\u2019espace \u00e0 l\u2019int\u00e9rieur du garage. Attention, toutefois, avant de l\u2019installer, de bien v\u00e9rifier que vous disposez du d\u00e9gagement suffisant. Sachez que certains mod\u00e8les n\u2019empi\u00e8tent pas sur l\u2019ext\u00e9rieur. Disponibles en version standard ou sur-mesure, les portes de garage basculantes sont toutes motorisables.<\/p>\r\n\r\n\r\n\r\n<p>Et pour l\u2019isolation\u00a0? Les portes enroulables peuvent comporter des panneaux isol\u00e9s avec une mousse polyur\u00e9thane et des joints p\u00e9riph\u00e9riques. Elles assurent ainsi une parfaite \u00e9tanch\u00e9it\u00e9 et une excellente isolation.<\/p>\r\n\r\n\r\n\r\n<h2 class=\"wp-block-heading\">LES PORTES DE GARAGE ENROULABLES : ENCOMBREMENT MINI ET PROTECTION MAXI<\/h2>\r\n\r\n\r\n\r\n<p>Id\u00e9ale pour les petits garages, la porte enroulable se pose comme un volet roulant et offre un encombrement minimal. Equip\u00e9e d\u2019une motorisation int\u00e9gr\u00e9e, elle fonctionne avec t\u00e9l\u00e9commande en pack confort ou avec commande murale en pack \u00e9co. Par simple pression de bouton, votre porte dispara\u00eet. Et en cas de coupure de courant, il est tout \u00e0 fait possible de la remonter manuellement.<\/p>\r\n\r\n\r\n\r\n<p>Les lames en double paroi avec mousse polyur\u00e9thane permettent une excellente isolation. De plus, gr\u00e2ce au syst\u00e8me d\u2019arr\u00eat sur obstacle avec remont\u00e9e automatique, les portes de garage enroulables vous assurent une parfaite s\u00e9curit\u00e9.<\/p>\r\n\r\n\r\n\r\n<figure class=\"wp-block-image\"><img decoding=\"async\" src=\"http:\/\/www.lapeyre.fr\/img\/contrib\/326fe2b01180077d\/201517076.jpg\" alt=\"porte de garage 2\" \/><\/figure>\r\n\r\n\r\n\r\n<h2 class=\"wp-block-heading\">LES PORTES DE GARAGE COULISSANTES : LA LIBERT\u00c9 DE CHOISIR<\/h2>\r\n\r\n\r\n\r\n<p>D\u2019allure classique, les portes de garage coulissantes ne d\u00e9bordent pas sur l\u2019ext\u00e9rieur et laissent l\u2019entr\u00e9e du garage enti\u00e8rement libre. Faciles pour se garer, elles s\u2019ouvrent horizontalement en glissant le long d\u2019un rail auquel elles sont suspendues. Elles sont disponibles en format standard ou sur-mesure et viennent \u00e9quiper de petites fen\u00eatres.<\/p>\r\n\r\n\r\n\r\n<p>Enfin, sachez que les portes de garage coulissantes existent aussi en bois ou en PVC. Tandis que le bois vous offre une esth\u00e9tique chaleureuse et une isolation naturelle, le PVC, quant \u00e0 lui, r\u00e9siste mieux aux intemp\u00e9ries et ne vous demande aucun entretien. Selon la situation de votre garage et vos besoins, libre \u00e0 vous de choisir la solution la mieux adapt\u00e9e.<\/p>\r\n\r\n\r\n\r\n<figure class=\"wp-block-image\"><img decoding=\"async\" src=\"http:\/\/www.lapeyre.fr\/img\/contrib\/326fe2b011800786\/201411180.jpg\" alt=\"porte de garage 3\" \/><\/figure>\r\n\r\n\r\n\r\n<h2 class=\"wp-block-heading\">LES PORTES DE GARAGE EN ACCORD\u00c9ON : GAIN DE PLACE ET SIMPLICIT\u00c9<\/h2>\r\n\r\n\r\n\r\n<p>Compos\u00e9es de panneaux articul\u00e9s suspendus \u00e0 un rail, les portes de garage en accord\u00e9on s\u2019ouvrent lat\u00e9ralement d\u2019un seul geste. Faciles \u00e0 ouvrir, elles empi\u00e8tent tr\u00e8s peu sur l\u2019int\u00e9rieur et ne d\u00e9bordent pas \u00e0 l\u2019ext\u00e9rieur. Une solution id\u00e9ale pour les espaces exigus et les petites surfaces.<\/p>\r\n\r\n\r\n\r\n<p>Les portes de garage en accord\u00e9on Lapeyre sont fabriqu\u00e9es en bois trait\u00e9 IFH, pour une isolation 100 % naturelle. Comp\u00e9titive en terme d\u2019isolation, notez toutefois, qu\u2019elles offrent une faible r\u00e9sistance \u00e0 l\u2019effraction.<\/p>\r\n\r\n\r\n\r\n<p>Livr\u00e9es en kit avec une serrure, il est tout \u00e0 fait possible de les adapter \u00e0 la hauteur souhait\u00e9e. Sachez qu\u2019une recoupe de 10 cm en partie basse est possible. Vous pouvez \u00e9galement les peindre, les vernir ou les lasurer.<\/p>\r\n\r\n\r\n\r\n<h2 class=\"wp-block-heading\">LES PORTES DE GARAGE PLIANTES : CAP SUR LA ROBUSTESSE<\/h2>\r\n\r\n\r\n\r\n<p>Livr\u00e9es en kit, les\u00a0<a href=\"https:\/\/www.lapeyre.fr\/portes-garage-CCN0076\/portes-garage-pliantes-CCN0215\">portes de garage pliantes<\/a>\u00a0comportent 3 \u00e0 4 vantaux et s\u2019ouvrent tr\u00e8s simplement vers l\u2019int\u00e9rieur du garage. Elles existent en format standard ou sur-mesure. Plusieurs mod\u00e8les sont m\u00eame aptes \u00e0 la recoupe.<\/p>\r\n\r\n\r\n\r\n<p>Pour plus de luminosit\u00e9, la partie haute de certaines portes de garage pliantes peut \u00eatre ajour\u00e9e et \u00e9quip\u00e9e de vitrages et de grilles de protection.<\/p>\r\n\r\n\r\n\r\n<p>Enfin, les portes pliantes isolantes Valen\u00e7ay ou Louveciennes peuvent \u00e9galement satisfaire vos besoins d\u2019isolation. Elles disposent de joints p\u00e9riph\u00e9riques sur l&rsquo;ouvrant, d&rsquo;un seuil aluminium et d&rsquo;un double vitrage 16 mm pour les portes vitr\u00e9es. Vous lutterez ainsi efficacement contre les assauts du froid !<\/p>\r\n\r\n\r\n\r\n<h2 class=\"wp-block-heading\">LES PORTES DE GARAGE BATTANTES, LA SIMPLICIT\u00c9 AVANT TOUT<\/h2>\r\n\r\n\r\n\r\n<p>Simples et pratiques, les<a href=\"https:\/\/www.lapeyre.fr\/portes-garage-CCN0076\/portes-garage-battantes-CCN0213\">\u00a0portes de garage battantes<\/a>\u00a0vous laissent tout l\u2019espace disponible dans votre garage. Disponibles en format standard ou sur-mesure, elles sont livr\u00e9es pr\u00e9-mont\u00e9es avec pentures pos\u00e9es, verrous ba\u00efonnettes et gonds. Les deux battants comprennent barres et \u00e9charpes.<\/p>\r\n\r\n\r\n\r\n<p>L\u2019ouverture se faisant vers l\u2019ext\u00e9rieur, v\u00e9rifiez, avant de choisir cette solution, que vous disposez du d\u00e9gagement suffisant pour pouvoir ouvrir la porte.<\/p>\r\n\r\n\r\n\r\n<p>C\u00f4t\u00e9 mat\u00e9riau : en bois ou PVC, les deux solutions sont possibles. Vous pouvez opter pour une porte de garage battante en sapin \u00e0 peindre ou pour une porte de garage en PVC d\u2019allure plus moderne, \u00e0 l\u2019entretien minimal et plus r\u00e9sistante aux intemp\u00e9ries.<\/p>\r\n\r\n\r\n\r\n<h2 class=\"wp-block-heading\">LES PORTES DE GARAGE SECTIONNELLES : UNE OUVERTURE S\u00dbRE ET PRATIQUE<\/h2>\r\n\r\n\r\n\r\n<p>Faciles \u00e0 monter, isolantes et \u00e9tanches, les portes de garage sectionnelles s\u2019ouvrent verticalement, se logent sous le plafond et peuvent \u00eatre motoris\u00e9es.<\/p>\r\n\r\n\r\n\r\n<p>Avec leur ouverture verticale, elles prot\u00e8gent les petites mains gr\u00e2ce \u00e0 leur syst\u00e8me anti-pince doigts. Livr\u00e9es en kit ou pr\u00e9-mont\u00e9es, vous pouvez opter pour des mod\u00e8les standards ou sur mesure.<\/p>\r\n\r\n\r\n\r\n<p>Sachez que les portes de garage sectionnelles en acier offrent solidit\u00e9 et s\u00e9curit\u00e9 anti-effraction. Enfin, gr\u00e2ce aux joints et aux panneaux remplis de mousse polyur\u00e9thane, elles assurent de plus une parfaite isolation et une \u00e9tanch\u00e9it\u00e9 \u00e0 toute \u00e9preuve.<\/p>\r\n\n<p style=\"text-align: center;\"><a class=\"bouton bleu\" id=\"btn-rdv-magazine\" href=\"https:\/\/www.lapeyre.fr\/prise-de-rdv\">Prendre RDV<\/a><\/p>","protected":false},"excerpt":{"rendered":"<p>Basculantes, coulissantes, pliantes, enroulables, battantes, sectionnelles, \u00e0 battant\u2026 Difficile de faire son choix parmi la large gamme&#8230;<\/p>\n","protected":false},"author":1006,"featured_media":0,"comment_status":"open","ping_status":"open","sticky":false,"template":"","format":"standard","meta":{"_acf_changed":false,"footnotes":""},"categories":[981,979],"tags":[23,927],"class_list":{"2":"type-post","5":"hentry"},"acf":[],"_links":{"self":[{"href":"https:\/\/www.lapeyre.fr\/c\/magazine\/wp-json\/wp\/v2\/posts\/1297","targetHints":{"allow":["GET"]}}],"collection":[{"href":"https:\/\/www.lapeyre.fr\/c\/magazine\/wp-json\/wp\/v2\/posts"}],"about":[{"href":"https:\/\/www.lapeyre.fr\/c\/magazine\/wp-json\/wp\/v2\/types\/post"}],"author":[{"embeddable":true,"href":"https:\/\/www.lapeyre.fr\/c\/magazine\/wp-json\/wp\/v2\/users\/1006"}],"replies":[{"embeddable":true,"href":"https:\/\/www.lapeyre.fr\/c\/magazine\/wp-json\/wp\/v2\/comments?post=1297"}],"version-history":[{"count":0,"href":"https:\/\/www.lapeyre.fr\/c\/magazine\/wp-json\/wp\/v2\/posts\/1297\/revisions"}],"wp:attachment":[{"href":"https:\/\/www.lapeyre.fr\/c\/magazine\/wp-json\/wp\/v2\/media?parent=1297"}],"wp:term":[{"taxonomy":"category","embeddable":true,"href":"https:\/\/www.lapeyre.fr\/c\/magazine\/wp-json\/wp\/v2\/categories?post=1297"},{"taxonomy":"post_tag","embeddable":true,"href":"https:\/\/www.lapeyre.fr\/c\/magazine\/wp-json\/wp\/v2\/tags?post=1297"}],"curies":[{"name":"wp","href":"https:\/\/api.w.org\/{rel}","templated":true}]}}