{"id":1334,"date":"2019-12-12T12:00:53","date_gmt":"2019-12-12T11:00:53","guid":{"rendered":"https:\/\/magazine.lapeyre.fr\/?p=1334"},"modified":"2025-03-14T11:45:50","modified_gmt":"2025-03-14T10:45:50","slug":"modeles-baies","status":"publish","type":"post","link":"https:\/\/www.lapeyre.fr\/c\/magazine\/modeles-baies\/","title":{"rendered":"5 mod\u00e8les de baies coulissantes"},"content":{"rendered":"\r\n<p><strong>Qu\u2019il s\u2019agisse d\u2019une porte-fen\u00eatre ouverte sur l\u2019ext\u00e9rieur ou d\u2019une s\u00e9paration au sein de la maison, les baies coulissantes ont de quoi nous s\u00e9duire. \u00a0Avec leurs larges choix en mati\u00e8re de formes et de finitions, elles sont l\u2019un des \u00e9l\u00e9ments essentiels dans l\u2019am\u00e9nagement et la d\u00e9coration de nos maisons. Plut\u00f4t mini ou en version XXL, fa\u00e7on atelier ou au contraire hyper discr\u00e8te, en alu, bois ou PVC\u2026 Difficile de faire son choix. Voici six exemples qui ne manqueront pas de vous inspirer.\u00a0<\/strong><\/p>\r\n\r\n\r\n\r\n<figure class=\"wp-block-image\"><img decoding=\"async\" src=\"http:\/\/www.lapeyre.fr\/img\/contrib\/326fe2b011800346\/image%201.jpg\" alt=\"baies coulissantes sur jardin\" \/><\/figure>\r\n\r\n\r\n\r\n<h2 class=\"wp-block-heading\">L\u2019ATOUT CHIC DE LA MAISON<\/h2>\r\n\r\n\r\n\r\n<p>Mention sp\u00e9ciale pour le mod\u00e8le Performance ! Cette\u00a0<a href=\"https:\/\/www.lapeyre.fr\/fenetres-CCU0003\/baies-coulissantes-CCN0038#facet:&amp;facetContent:&amp;productBeginIndex:0&amp;contentBeginIndex:0&amp;orderBy:5&amp;orderByContent:&amp;pageView:grid&amp;pageViewContent:&amp;minPrice:&amp;maxPrice:&amp;pageSize:&amp;\">baie coulissante<\/a>\u00a0baie coulissante \u00e0 deux pans en alubois joue la carte de la modernit\u00e9 et de la simplicit\u00e9. Compos\u00e9e de deux pans de vitre et avec une ouverture de la gauche vers la droite, elle nous pousse avec facilit\u00e9 vers l\u2019ext\u00e9rieur. La solution sobre, design et performante \u00e0 adopter d\u2019urgence.<\/p>\r\n\r\n\r\n\r\n<figure class=\"wp-block-image\"><img decoding=\"async\" src=\"http:\/\/www.lapeyre.fr\/img\/contrib\/326fe2b01180034f\/image%202.jpg\" alt=\"baies coulissantes sur chambre\" \/><\/figure>\r\n\r\n\r\n\r\n<h2 class=\"wp-block-heading\">\u00c0 PANS MULTIPLES<\/h2>\r\n\r\n\r\n\r\n<p>Zoom sur le mod\u00e8le Excellence de Lapeyre. Avec son ouverture centrale et ses deux vantaux, cette baie coulissante en aluminium est la r\u00e9ponse id\u00e9ale aux ouvertures plut\u00f4t larges. Que ce soit pour permettre un acc\u00e8s vers l\u2019ext\u00e9rieur depuis une chambre ou un salon, elle offrira une large ouverture \u00e0 la pi\u00e8ce tout en lui apportant confort, s\u00e9curit\u00e9 et modernit\u00e9.<\/p>\r\n\r\n\r\n\r\n<figure class=\"wp-block-image\"><img decoding=\"async\" src=\"http:\/\/www.lapeyre.fr\/img\/contrib\/326fe2b011800358\/Image%203.jpg\" alt=\"baies coulissantes sur salon\" \/><\/figure>\r\n\r\n\r\n\r\n<h2 class=\"wp-block-heading\">ENVIE DE SIMPLICIT\u00c9<\/h2>\r\n\r\n\r\n\r\n<p>\u00c0 galandage, cette baie coulissante en aluminium, compos\u00e9e d\u2019un seul vitrage,\u00a0offrira le maximum de lumi\u00e8re.\u00a0Issue de la gamme Excellence, elle b\u00e9n\u00e9ficie de profil\u00e9s fins pour une meilleure luminosit\u00e9, d&rsquo;un vitrage \u00e0 haute isolation thermique et contre le bruit d&rsquo;une poign\u00e9e \u00e0 deux points de fermeture pour une fabrication 100% made in France. Le must pour profiter pleinement de la lumi\u00e8re et d\u00e9gager les espaces.<\/p>\r\n\r\n\r\n\r\n<figure class=\"wp-block-image\"><img decoding=\"async\" src=\"http:\/\/www.lapeyre.fr\/img\/contrib\/326fe2b011800361\/201722136.jpg\" alt=\"baies coulissantes de cuisine\" \/><\/figure>\r\n\r\n\r\n\r\n<h2 class=\"wp-block-heading\">PETIT MAIS EFFICACE<\/h2>\r\n\r\n\r\n\r\n<p>Dans le cadre d\u2019une restauration, il n\u2019est pas toujours possible d\u2019adapter une baie coulissante \u00e0 sa maison. La solution ? Miser sur une<a href=\"https:\/\/www.lapeyre.fr\/fenetres-CCU0003\/fenetres-CCN0036\">\u00a0fen\u00eatre<\/a>\u00a0coulissante, plus facile \u00e0 adapter. Vous profiterez ainsi d\u2019un design plus minimaliste et d\u2019un apport plus important en luminosit\u00e9. C\u2019est \u00e9galement la solution id\u00e9ale pour donner de la profondeur et gagner de la place dans une petite surface.<\/p>\r\n\r\n\r\n\r\n<figure class=\"wp-block-image\"><img decoding=\"async\" src=\"http:\/\/www.lapeyre.fr\/img\/contrib\/326fe2b01180036a\/image%2011.jpg\" alt=\"baies coulissantes avec vue sur jardin\" \/><\/figure>\r\n\r\n\r\n\r\n<h2 class=\"wp-block-heading\">LA LUMI\u00c8RE AVANT TOUT<\/h2>\r\n\r\n\r\n\r\n<p>Source id\u00e9ale de lumi\u00e8re la baie coulissante \u00e0 deux pans au grand format donne une impression de grandeur \u00e0 votre int\u00e9rieur. En aluminium elle se fait parfaitement dans des d\u00e9cors bois\u00e9s ou plus industriel. Simple et pratique \u00e0 ouvrir elle laisse passer l\u2019air et permet de cr\u00e9er un pont vers l\u2019ext\u00e9rieur tr\u00e8s appr\u00e9ciable.<\/p>\r\n\n<p style=\"text-align: center;\"><a class=\"bouton bleu\" id=\"btn-rdv-magazine\" href=\"https:\/\/www.lapeyre.fr\/prise-de-rdv\">Prendre RDV<\/a><\/p>","protected":false},"excerpt":{"rendered":"<p>Qu\u2019il s\u2019agisse d\u2019une porte-fen\u00eatre ouverte sur l\u2019ext\u00e9rieur ou d\u2019une s\u00e9paration au sein de la maison, les baies&#8230;<\/p>\n","protected":false},"author":1006,"featured_media":347,"comment_status":"open","ping_status":"open","sticky":false,"template":"","format":"standard","meta":{"_acf_changed":false,"footnotes":""},"categories":[955,956],"tags":[902,917,925],"class_list":{"2":"type-post","6":"hentry"},"acf":[],"_links":{"self":[{"href":"https:\/\/www.lapeyre.fr\/c\/magazine\/wp-json\/wp\/v2\/posts\/1334","targetHints":{"allow":["GET"]}}],"collection":[{"href":"https:\/\/www.lapeyre.fr\/c\/magazine\/wp-json\/wp\/v2\/posts"}],"about":[{"href":"https:\/\/www.lapeyre.fr\/c\/magazine\/wp-json\/wp\/v2\/types\/post"}],"author":[{"embeddable":true,"href":"https:\/\/www.lapeyre.fr\/c\/magazine\/wp-json\/wp\/v2\/users\/1006"}],"replies":[{"embeddable":true,"href":"https:\/\/www.lapeyre.fr\/c\/magazine\/wp-json\/wp\/v2\/comments?post=1334"}],"version-history":[{"count":0,"href":"https:\/\/www.lapeyre.fr\/c\/magazine\/wp-json\/wp\/v2\/posts\/1334\/revisions"}],"wp:featuredmedia":[{"embeddable":true,"href":"https:\/\/www.lapeyre.fr\/c\/magazine\/wp-json\/wp\/v2\/media\/347"}],"wp:attachment":[{"href":"https:\/\/www.lapeyre.fr\/c\/magazine\/wp-json\/wp\/v2\/media?parent=1334"}],"wp:term":[{"taxonomy":"category","embeddable":true,"href":"https:\/\/www.lapeyre.fr\/c\/magazine\/wp-json\/wp\/v2\/categories?post=1334"},{"taxonomy":"post_tag","embeddable":true,"href":"https:\/\/www.lapeyre.fr\/c\/magazine\/wp-json\/wp\/v2\/tags?post=1334"}],"curies":[{"name":"wp","href":"https:\/\/api.w.org\/{rel}","templated":true}]}}