{"id":1433,"date":"2019-12-18T11:42:30","date_gmt":"2019-12-18T10:42:30","guid":{"rendered":"https:\/\/magazine.lapeyre.fr\/?p=1433"},"modified":"2025-03-13T09:55:40","modified_gmt":"2025-03-13T08:55:40","slug":"mesures-amenagement-placard","status":"publish","type":"post","link":"https:\/\/www.lapeyre.fr\/c\/magazine\/mesures-amenagement-placard\/","title":{"rendered":"Bien prendre les mesures pour votre am\u00e9nagement de placard"},"content":{"rendered":"\r\n<p><strong>Si vous optez pour un am\u00e9nagement de placard sur mesure ou standard, vous devez vous assurer de prendre les bonnes mesures. Celles-ci sont sensiblement diff\u00e9rentes selon qu\u2019il s\u2019agisse d\u2019une pose de placard en neuf ou en r\u00e9novation.<\/strong><\/p>\r\n\r\n\r\n\r\n<h2 class=\"wp-block-heading\">Bien prendre les mesures avant de commencer votre projet d\u2019am\u00e9nagement<\/h2>\r\n\r\n\r\n\r\n<p>Les r\u00e8gles de prises de mesures communes \u00e0\u00a0<a href=\"https:\/\/www.lapeyre.fr\/placards-dressing-CCU0005\/amenagements-placard-CCN0061\" target=\"_blank\" rel=\"noreferrer noopener\"><strong>l\u2019am\u00e9nagement d\u2019un placard<\/strong><\/a>\u00a0en applique sur un mur ou dans une niche :<\/p>\r\n\r\n\r\n\r\n<ol class=\"wp-block-list\">\r\n<li>Vous devrez toujours\u00a0<strong>prendre vos cotes (hauteur et largeur) en plusieurs points.<\/strong><\/li>\r\n<li>Reportez toujours la\u00a0<strong>hauteur et la largeur totale de l\u2019ouverture.<\/strong><\/li>\r\n<li>Ne conservez que la\u00a0<strong>dimension la plus faible (sauf dans le cas d\u2019un placard \u00e0 porte coulissante o\u00f9 vous garderez la plus grande).<\/strong><\/li>\r\n<\/ol>\r\n\r\n\r\n\r\n<p>Les conseils d\u2019am\u00e9nagements \u00e0 prendre en compte :<\/p>\r\n\r\n\r\n\r\n<ol class=\"wp-block-list\">\r\n<li><strong>Le choix de vos\u00a0<a href=\"https:\/\/www.lapeyre.fr\/placards-dressing-CCU0005\/portes-placard-CCN0084\" target=\"_blank\" rel=\"noreferrer noopener\">portes de placard<\/a><\/strong>\u00a0<strong>d\u00e9termine la place de vos colonnes de rangement.<\/strong>\u00a0Pour un acc\u00e8s simplifi\u00e9 avec des portes coulissantes, placez-les sur les c\u00f4t\u00e9s. Avec des portes pliantes, installez-les au centre.<\/li>\r\n<li><strong>L\u2019espace d\u2019encombrement doit guider votre choix de porte<\/strong>\u00a0de placard.<\/li>\r\n<\/ol>\r\n\r\n\r\n\r\n<figure class=\"wp-block-image\"><img decoding=\"async\" src=\"https:\/\/statics.lapeyre.fr\/img\/contrib\/2bdd4da300211d08\/desktop_bienprendremesureplacard_BATTkrista_p1.jpg\" alt=\"Portes de placard beige clair dans pi\u00e8ce \u00e0 vivre\" \/><\/figure>\r\n\r\n\r\n\r\n<h2 class=\"wp-block-heading\">Bien prendre les mesures pour am\u00e9nager une niche en neuf<\/h2>\r\n\r\n\r\n\r\n<p>Pour am\u00e9nager une niche en neuf, vous devez prendre trois mesures :<\/p>\r\n\r\n\r\n\r\n<ol class=\"wp-block-list\">\r\n<li><strong>Hauteur totale<\/strong><\/li>\r\n<li><strong>Largeur totale<\/strong><\/li>\r\n<li><strong>Profondeur totale<\/strong><\/li>\r\n<\/ol>\r\n\r\n\r\n\r\n<p>Laissez un minimum de 10 cm entre vos am\u00e9nagements et l\u2019emplacement de vos portes pour les poign\u00e9es de tiroir.<\/p>\r\n\r\n\r\n\r\n<h2 class=\"wp-block-heading\">La prise de cote pour un projet de r\u00e9novation<\/h2>\r\n\r\n\r\n\r\n<p>Si vous conservez le b\u00e2ti existant, vous devez ajouter aux mesures pr\u00e9c\u00e9dentes ces dimensions suppl\u00e9mentaires :<\/p>\r\n\r\n\r\n\r\n<ol class=\"wp-block-list\">\r\n<li><strong>Hauteur entre b\u00e2ti<\/strong><\/li>\r\n<li><strong>Largeur entre b\u00e2ti<\/strong><\/li>\r\n<li><strong>Profondeur d\u2019am\u00e9nagement<\/strong><\/li>\r\n<li><strong>Sections de feuillures (en largeur et en profondeur)<\/strong><\/li>\r\n<\/ol>\r\n\n<p style=\"text-align: center;\"><a class=\"bouton bleu\" id=\"btn-rdv-magazine\" href=\"https:\/\/www.lapeyre.fr\/prise-de-rdv\">Prendre RDV<\/a><\/p>","protected":false},"excerpt":{"rendered":"<p>Si vous optez pour un am\u00e9nagement de placard sur mesure ou standard, vous devez vous assurer de&#8230;<\/p>\n","protected":false},"author":1005,"featured_media":714,"comment_status":"open","ping_status":"open","sticky":false,"template":"","format":"standard","meta":{"_acf_changed":false,"footnotes":""},"categories":[970,967],"tags":[7,19,944],"class_list":{"2":"type-post","6":"hentry"},"acf":[],"_links":{"self":[{"href":"https:\/\/www.lapeyre.fr\/c\/magazine\/wp-json\/wp\/v2\/posts\/1433","targetHints":{"allow":["GET"]}}],"collection":[{"href":"https:\/\/www.lapeyre.fr\/c\/magazine\/wp-json\/wp\/v2\/posts"}],"about":[{"href":"https:\/\/www.lapeyre.fr\/c\/magazine\/wp-json\/wp\/v2\/types\/post"}],"author":[{"embeddable":true,"href":"https:\/\/www.lapeyre.fr\/c\/magazine\/wp-json\/wp\/v2\/users\/1005"}],"replies":[{"embeddable":true,"href":"https:\/\/www.lapeyre.fr\/c\/magazine\/wp-json\/wp\/v2\/comments?post=1433"}],"version-history":[{"count":0,"href":"https:\/\/www.lapeyre.fr\/c\/magazine\/wp-json\/wp\/v2\/posts\/1433\/revisions"}],"wp:featuredmedia":[{"embeddable":true,"href":"https:\/\/www.lapeyre.fr\/c\/magazine\/wp-json\/wp\/v2\/media\/714"}],"wp:attachment":[{"href":"https:\/\/www.lapeyre.fr\/c\/magazine\/wp-json\/wp\/v2\/media?parent=1433"}],"wp:term":[{"taxonomy":"category","embeddable":true,"href":"https:\/\/www.lapeyre.fr\/c\/magazine\/wp-json\/wp\/v2\/categories?post=1433"},{"taxonomy":"post_tag","embeddable":true,"href":"https:\/\/www.lapeyre.fr\/c\/magazine\/wp-json\/wp\/v2\/tags?post=1433"}],"curies":[{"name":"wp","href":"https:\/\/api.w.org\/{rel}","templated":true}]}}