{"id":1470,"date":"2019-12-18T16:05:04","date_gmt":"2019-12-18T15:05:04","guid":{"rendered":"https:\/\/magazine.lapeyre.fr\/?p=1470"},"modified":"2025-03-14T11:40:32","modified_gmt":"2025-03-14T10:40:32","slug":"produits-bois-lapeyre","status":"publish","type":"post","link":"https:\/\/www.lapeyre.fr\/c\/magazine\/produits-bois-lapeyre\/","title":{"rendered":"Des produits en bois Lapeyre de A \u00e0 Z"},"content":{"rendered":"\r\n<p><strong>Au c\u0153ur des usines Lapeyre, nos menuisiers fabriquent des produits en bois d\u2019une qualit\u00e9 irr\u00e9prochable. Dans un nuage de copeaux, les menuiseries ext\u00e9rieures et produits d\u2019am\u00e9nagement int\u00e9rieur prennent forme\u2026 D\u00e9couvrez de quelle fa\u00e7on !<\/strong><\/p>\r\n\r\n\r\n\r\n<h2 class=\"wp-block-heading\">Les cuisines et escaliers en bois Lapeyre, de fabrication fran\u00e7aise<\/h2>\r\n\r\n\r\n\r\n<p>Nos experts con\u00e7oivent en laboratoire et au sein de bureaux d\u2019\u00e9tude des dizaines de nouveaux produits chaque ann\u00e9e pour les magasins Lapeyre. Les prototypes valid\u00e9s gagnent ensuite nos 10 sites industriels en France, certifi\u00e9s ISO\u00a09001. Chaque usine a sa sp\u00e9cialit\u00e9 et ses experts.\u00a0<\/p>\r\n\r\n\r\n\r\n<figure class=\"wp-block-image\"><img decoding=\"async\" src=\"https:\/\/statics.lapeyre.fr\/img\/contrib\/2bdd4da30020dd06\/desktop_desproduitsenboisdeAaZ_atelier_p1.jpg\" alt=\"Expert menuisier usine Lapeyre\" \/><\/figure>\r\n\r\n\r\n\r\n<h2 class=\"wp-block-heading\">La fabrication fran\u00e7aise, \u00e9tape par \u00e9tape : l\u2019exemple des escaliers en bois<\/h2>\r\n\r\n\r\n\r\n<p>Lorsque votre commande est valid\u00e9e dans nos magasins, elle est directement achemin\u00e9e vers notre usine d&rsquo;Epernay en Champagne. Notre usine mod\u00e9lise votre escalier bois et traduit sa forme en donn\u00e9es techniques : escalier\u00a0<strong><a href=\"https:\/\/www.lapeyre.fr\/escaliers-CCU0006\/escaliers-interieur-CCN0227#facet:-700000000000000450868114111105116&amp;facetContent:&amp;productBeginIndex:0&amp;contentBeginIndex:0&amp;orderBy:3&amp;orderByContent:&amp;pageView:grid&amp;pageViewContent:&amp;minPrice:&amp;maxPrice:&amp;pageSize:&amp;\">droit<\/a><\/strong>,\u00a0<strong><a href=\"https:\/\/www.lapeyre.fr\/escaliers-CCU0006\/escaliers-interieur-CCN0227#facet:-700000000000000450881117971141163211611111711411097110116&amp;facetContent:&amp;productBeginIndex:0&amp;contentBeginIndex:0&amp;orderBy:3&amp;orderByContent:&amp;pageView:grid&amp;pageViewContent:&amp;minPrice:&amp;maxPrice:&amp;pageSize:&amp;\">quart tournant<\/a><\/strong>,\u00a0<strong><a href=\"https:\/\/www.lapeyre.fr\/escaliers-CCU0006\/escaliers-interieur-CCN0227#facet:-70000000000000045085032113117971141163211611111711411097110116&amp;facetContent:&amp;productBeginIndex:0&amp;contentBeginIndex:0&amp;orderBy:3&amp;orderByContent:&amp;pageView:grid&amp;pageViewContent:&amp;minPrice:&amp;maxPrice:&amp;pageSize:&amp;\">double quart tournant<\/a><\/strong>\u00a0ou\u00a0<strong><a href=\"https:\/\/www.lapeyre.fr\/escaliers-CCU0006\/escaliers-interieur-CCN0227#facet:-70000000000000045088311210511497108&amp;facetContent:&amp;productBeginIndex:0&amp;contentBeginIndex:0&amp;orderBy:3&amp;orderByContent:&amp;pageView:grid&amp;pageViewContent:&amp;minPrice:&amp;maxPrice:&amp;pageSize:&amp;\">spiral<\/a><\/strong>\u00a0; tout est possible\u00a0!<\/p>\r\n\r\n\r\n\r\n<h2 class=\"wp-block-heading\">De l\u2019usine au magasin : votre escalier en bois livr\u00e9 chez vous !<\/h2>\r\n\r\n\r\n\r\n<p>Nos \u00e9quipes assurent la livraison et\u00a0<strong><a href=\"https:\/\/www.lapeyre.fr\/c\/services\/installation-lapeyre\">la pose<\/a><\/strong>\u00a0de votre escalier en bois si vous le d\u00e9sirez. Nous disposons d\u2019ateliers de menuiserie dans nos magasins pour adapter tout produit \u00e0 vos exigences.<\/p>\r\n\n<p style=\"text-align: center;\"><a class=\"bouton bleu\" id=\"btn-rdv-magazine\" href=\"https:\/\/www.lapeyre.fr\/prise-de-rdv\">Prendre RDV<\/a><\/p>","protected":false},"excerpt":{"rendered":"<p>Au c\u0153ur des usines Lapeyre, nos menuisiers fabriquent des produits en bois d\u2019une qualit\u00e9 irr\u00e9prochable. Dans un&#8230;<\/p>\n","protected":false},"author":1005,"featured_media":1472,"comment_status":"open","ping_status":"open","sticky":false,"template":"","format":"standard","meta":{"_acf_changed":false,"footnotes":""},"categories":[959,960],"tags":[5,14],"class_list":{"2":"type-post","6":"hentry"},"acf":[],"_links":{"self":[{"href":"https:\/\/www.lapeyre.fr\/c\/magazine\/wp-json\/wp\/v2\/posts\/1470","targetHints":{"allow":["GET"]}}],"collection":[{"href":"https:\/\/www.lapeyre.fr\/c\/magazine\/wp-json\/wp\/v2\/posts"}],"about":[{"href":"https:\/\/www.lapeyre.fr\/c\/magazine\/wp-json\/wp\/v2\/types\/post"}],"author":[{"embeddable":true,"href":"https:\/\/www.lapeyre.fr\/c\/magazine\/wp-json\/wp\/v2\/users\/1005"}],"replies":[{"embeddable":true,"href":"https:\/\/www.lapeyre.fr\/c\/magazine\/wp-json\/wp\/v2\/comments?post=1470"}],"version-history":[{"count":0,"href":"https:\/\/www.lapeyre.fr\/c\/magazine\/wp-json\/wp\/v2\/posts\/1470\/revisions"}],"wp:featuredmedia":[{"embeddable":true,"href":"https:\/\/www.lapeyre.fr\/c\/magazine\/wp-json\/wp\/v2\/media\/1472"}],"wp:attachment":[{"href":"https:\/\/www.lapeyre.fr\/c\/magazine\/wp-json\/wp\/v2\/media?parent=1470"}],"wp:term":[{"taxonomy":"category","embeddable":true,"href":"https:\/\/www.lapeyre.fr\/c\/magazine\/wp-json\/wp\/v2\/categories?post=1470"},{"taxonomy":"post_tag","embeddable":true,"href":"https:\/\/www.lapeyre.fr\/c\/magazine\/wp-json\/wp\/v2\/tags?post=1470"}],"curies":[{"name":"wp","href":"https:\/\/api.w.org\/{rel}","templated":true}]}}