{"id":1481,"date":"2019-12-18T16:29:34","date_gmt":"2019-12-18T15:29:34","guid":{"rendered":"https:\/\/magazine.lapeyre.fr\/?p=1481"},"modified":"2025-03-13T09:55:12","modified_gmt":"2025-03-13T08:55:12","slug":"credence-etageres-cuisine","status":"publish","type":"post","link":"https:\/\/www.lapeyre.fr\/c\/magazine\/credence-etageres-cuisine\/","title":{"rendered":"Bien choisir une cr\u00e9dence et des \u00e9tag\u00e8res"},"content":{"rendered":"\r\n<p><strong>Les cr\u00e9dences de cuisine et les tablettes vous permettent de cr\u00e9er un espace ergonomique et facile \u00e0 entretenir, tout en apportant une touche design.<\/strong><\/p>\r\n\r\n\r\n\r\n<h2 class=\"wp-block-heading\">Plan de travail et cr\u00e9dence murale<\/h2>\r\n\r\n\r\n\r\n<p>Pour prot\u00e9ger les murs de votre <a href=\"https:\/\/www.lapeyre.fr\/cuisine-CCU0001\"><strong>cuisine<\/strong><\/a> des projections, habillez-les d\u2019une cr\u00e9dence standard ou sur mesure. Les\u00a0<strong><a href=\"https:\/\/www.lapeyre.fr\/cuisine-CCU0001\/credences-plans-travail-CCN0013\/credences-CCN0090\" target=\"_blank\" rel=\"noreferrer noopener\">cr\u00e9dences murales<\/a><\/strong>, en stratifi\u00e9, se d\u00e9clinent en 21 d\u00e9cors. Pour une protection tout en discr\u00e9tion, choisissez un ton assorti \u00e0 votre plan de travail. Si vous voulez jouer l\u2019originalit\u00e9, osez les couleurs en contraste ou craquez pour une\u00a0<strong><a href=\"https:\/\/www.lapeyre.fr\/credence-eclairante-led-FPC3019470\" target=\"_blank\" rel=\"noreferrer noopener\">cr\u00e9dence lumineuse<\/a><\/strong>\u00a0!<\/p>\r\n\r\n\r\n\r\n<p>Sur mesure, les cr\u00e9dences se d\u00e9clinent dans la mati\u00e8re de votre choix\u00a0: cr\u00e9dence inox, en quartz, stratifi\u00e9, verre ou r\u00e9sine.<\/p>\r\n\r\n\r\n\r\n<h2 class=\"wp-block-heading\">Les cr\u00e9dences murales modulables<\/h2>\r\n\r\n\r\n\r\n<p>La cr\u00e9dence modulable, standard ou sur mesure, est \u00e9quip\u00e9e de rails qui vous permettent de suspendre des accessoires en aluminium et d\u2019avoir tous vos ustensiles \u00e0 port\u00e9e de main. C\u2019est l\u2019option id\u00e9ale si vous avez besoin de rangements suppl\u00e9mentaires.<\/p>\r\n\r\n\r\n\r\n<figure class=\"wp-block-image\"><img decoding=\"async\" src=\"https:\/\/statics.lapeyre.fr\/img\/contrib\/2bdd4da30020bcd3\/desktop_credenceetetagere_credencegrispatine_p1.jpg\" alt=\"Rangements cuisine\r\n\" \/><\/figure>\r\n\r\n\r\n\r\n<h2 class=\"wp-block-heading\">Les tablettes et les \u00e9tag\u00e8res en verre<\/h2>\r\n\r\n\r\n\r\n<p>Et pour gagner encore en espaces de rangement dans votre cuisine, pensez aux tablettes. Elles peuvent s\u2019av\u00e9rer r\u00e9solument design, comme les \u00a0\u00e9tag\u00e8res en verre lumineux , avec ses LED ultra modernes, ou la tablette d\u00e9corative, munie d\u2019un n\u00e9on et entour\u00e9e d\u2019une \u00e9l\u00e9gante feuille d\u2019aluminium.<\/p>\r\n\n<p style=\"text-align: center;\"><a class=\"bouton bleu\" id=\"btn-rdv-magazine\" href=\"https:\/\/www.lapeyre.fr\/prise-de-rdv\">Prendre RDV<\/a><\/p>","protected":false},"excerpt":{"rendered":"<p>Les cr\u00e9dences de cuisine et les tablettes vous permettent de cr\u00e9er un espace ergonomique et facile \u00e0&#8230;<\/p>\n","protected":false},"author":1005,"featured_media":1482,"comment_status":"open","ping_status":"open","sticky":false,"template":"","format":"standard","meta":{"_acf_changed":false,"footnotes":""},"categories":[978,975],"tags":[5,15],"class_list":{"2":"type-post","6":"hentry"},"acf":[],"_links":{"self":[{"href":"https:\/\/www.lapeyre.fr\/c\/magazine\/wp-json\/wp\/v2\/posts\/1481","targetHints":{"allow":["GET"]}}],"collection":[{"href":"https:\/\/www.lapeyre.fr\/c\/magazine\/wp-json\/wp\/v2\/posts"}],"about":[{"href":"https:\/\/www.lapeyre.fr\/c\/magazine\/wp-json\/wp\/v2\/types\/post"}],"author":[{"embeddable":true,"href":"https:\/\/www.lapeyre.fr\/c\/magazine\/wp-json\/wp\/v2\/users\/1005"}],"replies":[{"embeddable":true,"href":"https:\/\/www.lapeyre.fr\/c\/magazine\/wp-json\/wp\/v2\/comments?post=1481"}],"version-history":[{"count":0,"href":"https:\/\/www.lapeyre.fr\/c\/magazine\/wp-json\/wp\/v2\/posts\/1481\/revisions"}],"wp:featuredmedia":[{"embeddable":true,"href":"https:\/\/www.lapeyre.fr\/c\/magazine\/wp-json\/wp\/v2\/media\/1482"}],"wp:attachment":[{"href":"https:\/\/www.lapeyre.fr\/c\/magazine\/wp-json\/wp\/v2\/media?parent=1481"}],"wp:term":[{"taxonomy":"category","embeddable":true,"href":"https:\/\/www.lapeyre.fr\/c\/magazine\/wp-json\/wp\/v2\/categories?post=1481"},{"taxonomy":"post_tag","embeddable":true,"href":"https:\/\/www.lapeyre.fr\/c\/magazine\/wp-json\/wp\/v2\/tags?post=1481"}],"curies":[{"name":"wp","href":"https:\/\/api.w.org\/{rel}","templated":true}]}}