{"id":1526,"date":"2019-12-19T14:38:21","date_gmt":"2019-12-19T13:38:21","guid":{"rendered":"https:\/\/magazine.lapeyre.fr\/?p=1526"},"modified":"2025-03-13T09:54:59","modified_gmt":"2025-03-13T08:54:59","slug":"portail-moderne-retro","status":"publish","type":"post","link":"https:\/\/www.lapeyre.fr\/c\/magazine\/portail-moderne-retro\/","title":{"rendered":"Portail au design moderne ou r\u00e9tro : que choisir ?"},"content":{"rendered":"\r\n<p><strong>Le large choix de\u00a0<a href=\"https:\/\/www.lapeyre.fr\/portails-battants-CCN0208\" target=\"_blank\" rel=\"noreferrer noopener\">portail<\/a>\u00a0<a href=\"https:\/\/www.lapeyre.fr\/exterieur-jardin-CCU0008\">ext\u00e9rieur<\/a>\u00a0est souvent structur\u00e9 par deux tendances : le portail au style contemporain et le produit standard plus traditionnel. Lapeyre vous donne quelques conseils r\u00e9novation pour prendre le meilleur des deux, made in France !<\/strong><\/p>\r\n\r\n\r\n\r\n<h2 class=\"wp-block-heading\">Pour les fans de design moderne : le portail coulissant aluminium<\/h2>\r\n\r\n\r\n\r\n<p>Les <a href=\"https:\/\/www.lapeyre.fr\/exterieur-jardin-CCU0008#SCU687925\"><strong>portails<\/strong><\/a> alu sont l\u00e9gers, faciles \u00e0 manipuler tandis que l\u2019aluminium r\u00e9siste vaillamment aux intemp\u00e9ries. Pour souligner la modernit\u00e9 de ce mat\u00e9riau, optez pour un coloris tendance (plus de 200 teintes au choix !) et une ouverture coulissante. Une combinaison\u00a0qui affiche votre parti-pris design tout en pr\u00e9servant votre intimit\u00e9.<\/p>\r\n\r\n\r\n\r\n<p>Pour nuancer cette approche contemporaine, ciblez des mod\u00e8les ajour\u00e9s aux motifs carr\u00e9s ou alternant lames plates et lames v\u00e9nitiennes\u2026 Une touche de r\u00e9tro s\u2019invite au jardin !<\/p>\r\n\r\n\r\n\r\n<figure class=\"wp-block-image\"><img decoding=\"async\" src=\"https:\/\/statics.lapeyre.fr\/img\/contrib\/2bdd4da30020ed1b\/desktop_portailmodernvsretroquchoisir_dampierre_p1.jpg\" alt=\"Portail grille\r\n\" \/><\/figure>\r\n\r\n\r\n\r\n<h2 class=\"wp-block-heading\">Pour les amateurs de r\u00e9tro : le portail battant acier<\/h2>\r\n\r\n\r\n\r\n<p>Lapeyre vous propose des mod\u00e8les standards et sur-mesure que vous pouvez assortir \u00e0 un portillon, une trav\u00e9e et une balustrade pour une fa\u00e7ade coordonn\u00e9e.<\/p>\r\n\r\n\r\n\r\n<p>Des pointes ch\u00e2telaines du portail Dampierre aux arabesques romantiques du mod\u00e8le Rambouillet, l\u2019acier se plie \u00e0 tous les canons esth\u00e9tiques pour refl\u00e9ter l\u2019\u00e9poque de votre souhait. Moins ancr\u00e9 dans la tradition, le portail Mod\u00e8le A associe des motifs contemporains \u00e0 une possibilit\u00e9 de festonnage.<\/p>\r\n\r\n\r\n\r\n<p>Vous \u00eates du genre \u00e0 briser les codes en mati\u00e8re de d\u00e9co ? Ajoutez une motorisation \u00e0 votre portail acier authentique !<\/p>\r\n\n<p style=\"text-align: center;\"><a class=\"bouton bleu\" id=\"btn-rdv-magazine\" href=\"https:\/\/www.lapeyre.fr\/prise-de-rdv\">Prendre RDV<\/a><\/p>","protected":false},"excerpt":{"rendered":"<p>Le large choix de\u00a0portail\u00a0ext\u00e9rieur\u00a0est souvent structur\u00e9 par deux tendances : le portail au style contemporain et le&#8230;<\/p>\n","protected":false},"author":1005,"featured_media":1528,"comment_status":"open","ping_status":"open","sticky":false,"template":"","format":"standard","meta":{"_acf_changed":false,"footnotes":""},"categories":[982,979],"tags":[10],"class_list":{"2":"type-post","6":"hentry"},"acf":[],"_links":{"self":[{"href":"https:\/\/www.lapeyre.fr\/c\/magazine\/wp-json\/wp\/v2\/posts\/1526","targetHints":{"allow":["GET"]}}],"collection":[{"href":"https:\/\/www.lapeyre.fr\/c\/magazine\/wp-json\/wp\/v2\/posts"}],"about":[{"href":"https:\/\/www.lapeyre.fr\/c\/magazine\/wp-json\/wp\/v2\/types\/post"}],"author":[{"embeddable":true,"href":"https:\/\/www.lapeyre.fr\/c\/magazine\/wp-json\/wp\/v2\/users\/1005"}],"replies":[{"embeddable":true,"href":"https:\/\/www.lapeyre.fr\/c\/magazine\/wp-json\/wp\/v2\/comments?post=1526"}],"version-history":[{"count":0,"href":"https:\/\/www.lapeyre.fr\/c\/magazine\/wp-json\/wp\/v2\/posts\/1526\/revisions"}],"wp:featuredmedia":[{"embeddable":true,"href":"https:\/\/www.lapeyre.fr\/c\/magazine\/wp-json\/wp\/v2\/media\/1528"}],"wp:attachment":[{"href":"https:\/\/www.lapeyre.fr\/c\/magazine\/wp-json\/wp\/v2\/media?parent=1526"}],"wp:term":[{"taxonomy":"category","embeddable":true,"href":"https:\/\/www.lapeyre.fr\/c\/magazine\/wp-json\/wp\/v2\/categories?post=1526"},{"taxonomy":"post_tag","embeddable":true,"href":"https:\/\/www.lapeyre.fr\/c\/magazine\/wp-json\/wp\/v2\/tags?post=1526"}],"curies":[{"name":"wp","href":"https:\/\/api.w.org\/{rel}","templated":true}]}}