{"id":1553,"date":"2019-12-19T15:56:05","date_gmt":"2019-12-19T14:56:05","guid":{"rendered":"https:\/\/magazine.lapeyre.fr\/?p=1553"},"modified":"2025-03-14T11:42:20","modified_gmt":"2025-03-14T10:42:20","slug":"portail-porte-entree-facade-maison","status":"publish","type":"post","link":"https:\/\/www.lapeyre.fr\/c\/magazine\/portail-porte-entree-facade-maison\/","title":{"rendered":"Portail et porte d\u2019entr\u00e9e : transformer sa fa\u00e7ade de maison"},"content":{"rendered":"\r\n<p><strong>Faites votre choix parmi les menuiseries ext\u00e9rieures aluminium Lapeyre et offrez un coup de jeune \u00e0 votre fa\u00e7ade de maison !<\/strong><\/p>\r\n\r\n\r\n\r\n<h2 class=\"wp-block-heading\">Portail, porte d\u2019entr\u00e9e et trav\u00e9e coordonn\u00e9es : la finition alu !<\/h2>\r\n\r\n\r\n\r\n<p>Avec le concept \u00ab Fa\u00e7ades 100 % coordonn\u00e9es \u00bb Lapeyre, les menuiseries aluminium s\u2019offrent \u00e0 vous. Vous pouvez associer votre <a href=\"https:\/\/www.lapeyre.fr\/portes-entree-CCN0051\">porte d&rsquo;entr\u00e9e<\/a> \u00e0 votre <a href=\"https:\/\/www.lapeyre.fr\/portails-CCN0089\">portail<\/a>.<\/p>\r\n\r\n\r\n\r\n<p>N\u2019h\u00e9sitez pas \u00e0 enrichir le style de votre entr\u00e9e avec une trav\u00e9e assortie et une\u00a0<a href=\"https:\/\/www.lapeyre.fr\/auvents-marquises-CCN0056\" target=\"_blank\" rel=\"noreferrer noopener\"><strong>marquise contemporaine<\/strong><\/a>.<\/p>\r\n\r\n\r\n\r\n<figure class=\"wp-block-image\"><img decoding=\"async\" src=\"https:\/\/statics.lapeyre.fr\/img\/contrib\/2bdd4da30020e0d0\/desktop_portailporteentree_chenemontreal.jpg\" alt=\"Porte d'entr\u00e9e\" \/><\/figure>\r\n\r\n\r\n\r\n<h2 class=\"wp-block-heading\">La baie coulissante en aluminium se fait bicolore<\/h2>\r\n\r\n\r\n\r\n<p>Pourquoi vous contenter du gris alu sur votre baie vitr\u00e9e ? Les mod\u00e8les Lapeyre sont disponibles en plusieurs couleurs \u00e0 la carte. La teinte souhait\u00e9e ne colle pas avec la d\u00e9co ? Appelez la bicoloration Lapeyre.<\/p>\r\n\r\n\r\n\r\n<h2 class=\"wp-block-heading\">Distinguez votre fa\u00e7ade de maison avec des volets alu coulissants !<\/h2>\r\n\r\n\r\n\r\n<p>Les volets alu roulants, vous connaissez. Mais savez-vous que Lapeyre propose aussi des volets alu coulissants ? Leurs vantaux sont mont\u00e9s sur un rail et glissent en un clin d\u2019\u0153il, de part et d\u2019autre de votre fen\u00eatre. Les volets alu coulissants comme les volets alu battants redonnent de la couleur \u00e0 votre fa\u00e7ade sans requ\u00e9rir l\u2019entretien d\u2019un mod\u00e8le en bois.<\/p>\r\n\n<p style=\"text-align: center;\"><a class=\"bouton bleu\" id=\"btn-rdv-magazine\" href=\"https:\/\/www.lapeyre.fr\/prise-de-rdv\">Prendre RDV<\/a><\/p>","protected":false},"excerpt":{"rendered":"<p>Faites votre choix parmi les menuiseries ext\u00e9rieures aluminium Lapeyre et offrez un coup de jeune \u00e0 votre&#8230;<\/p>\n","protected":false},"author":1005,"featured_media":1554,"comment_status":"open","ping_status":"open","sticky":false,"template":"","format":"standard","meta":{"_acf_changed":false,"footnotes":""},"categories":[955,956],"tags":[10,20],"class_list":{"2":"type-post","6":"hentry"},"acf":[],"_links":{"self":[{"href":"https:\/\/www.lapeyre.fr\/c\/magazine\/wp-json\/wp\/v2\/posts\/1553","targetHints":{"allow":["GET"]}}],"collection":[{"href":"https:\/\/www.lapeyre.fr\/c\/magazine\/wp-json\/wp\/v2\/posts"}],"about":[{"href":"https:\/\/www.lapeyre.fr\/c\/magazine\/wp-json\/wp\/v2\/types\/post"}],"author":[{"embeddable":true,"href":"https:\/\/www.lapeyre.fr\/c\/magazine\/wp-json\/wp\/v2\/users\/1005"}],"replies":[{"embeddable":true,"href":"https:\/\/www.lapeyre.fr\/c\/magazine\/wp-json\/wp\/v2\/comments?post=1553"}],"version-history":[{"count":0,"href":"https:\/\/www.lapeyre.fr\/c\/magazine\/wp-json\/wp\/v2\/posts\/1553\/revisions"}],"wp:featuredmedia":[{"embeddable":true,"href":"https:\/\/www.lapeyre.fr\/c\/magazine\/wp-json\/wp\/v2\/media\/1554"}],"wp:attachment":[{"href":"https:\/\/www.lapeyre.fr\/c\/magazine\/wp-json\/wp\/v2\/media?parent=1553"}],"wp:term":[{"taxonomy":"category","embeddable":true,"href":"https:\/\/www.lapeyre.fr\/c\/magazine\/wp-json\/wp\/v2\/categories?post=1553"},{"taxonomy":"post_tag","embeddable":true,"href":"https:\/\/www.lapeyre.fr\/c\/magazine\/wp-json\/wp\/v2\/tags?post=1553"}],"curies":[{"name":"wp","href":"https:\/\/api.w.org\/{rel}","templated":true}]}}