{"id":1561,"date":"2019-12-19T16:35:20","date_gmt":"2019-12-19T15:35:20","guid":{"rendered":"https:\/\/magazine.lapeyre.fr\/?p=1561"},"modified":"2025-03-13T16:32:09","modified_gmt":"2025-03-13T15:32:09","slug":"portes-interieures-contemporaines-bois","status":"publish","type":"post","link":"https:\/\/www.lapeyre.fr\/c\/magazine\/portes-interieures-contemporaines-bois\/","title":{"rendered":"Les portes int\u00e9rieures contemporaines d\u00e9cor bois"},"content":{"rendered":"\r\n<p><strong>Le style de votre porte d\u00e9pend avant tout du choix du type de mat\u00e9riau. PVC, aluminium ou fibre de verre offre de nouvelles possibilit\u00e9s de cr\u00e9ation. Vous pouvez m\u00eame d\u00e9cider d\u2019y marier le bois pour un effet chaleureux garanti\u00a0!<\/strong><\/p>\r\n\r\n\r\n\r\n<h2 class=\"wp-block-heading\">Les portes int\u00e9rieures d\u00e9cor en bois<\/h2>\r\n\r\n\r\n\r\n<p>Que vous optiez pour un bloc-porte pour du neuf ou une porte seule pour un projet de r\u00e9novation, vous pouvez personnaliser votre ouverture de porte. Habill\u00e9es d\u2019un d\u00e9cor tr\u00e8s r\u00e9sistant et facile d\u2019entretien, les\u00a0<strong><a href=\"https:\/\/www.lapeyre.fr\/portes-CCU0004\/portes-interieur-CCN0085\" target=\"_blank\" rel=\"noreferrer noopener\">portes<\/a><\/strong>\u00a0bois existent en plusieurs finitions\u00a0: bois exotique, bois h\u00eatre, weng\u00e9, ou encore merisier. Pensez aussi \u00e0 la collection Plane qui propose notamment un bloc-porte en ch\u00eane blanchi.<\/p>\r\n\r\n\r\n\r\n<p>Pour plus de luminosit\u00e9, certains mod\u00e8les vous proposent une porte vitr\u00e9e.<\/p>\r\n\r\n\r\n\r\n<figure class=\"wp-block-image\"><img decoding=\"async\" src=\"https:\/\/statics.lapeyre.fr\/img\/contrib\/2bdd4da3002008c8\/desktop_portesINTcontemporainesdecorbois_novea_p1.jpg\" alt=\"Portes d'int\u00e9rieur en bois\r\n\" \/><\/figure>\r\n\r\n\r\n\r\n<h2 class=\"wp-block-heading\">Variations autour du d\u00e9cor bois<\/h2>\r\n\r\n\r\n\r\n<p>La sobri\u00e9t\u00e9 et le style contemporain sont l&rsquo;apanage de la collection\u00a0Variation, avec ses finitions\u00a0en\u00a0ch\u00eane blanchi \u00a0ou\u00a0ch\u00eane royal, weng\u00e9, merisier ou merisier brun. Elle s\u2019habille \u00e9galement d\u2019un d\u00e9cor structur\u00e9 de couleur\u00a0blanche,\u00a0cendr\u00e9,\u00a0chocolat, ou\u00a0noir.<\/p>\r\n\r\n\r\n\r\n<p>Parmi ses\u00a0options, le hublot, pos\u00e9 en usine, comprend un encadrement de porte laiton ou aluminium bross\u00e9, et un verre transparent, un verre d\u00e9poli ou m\u00eame un verre s\u00e9rigraphi\u00e9.<\/p>\r\n\r\n\r\n\r\n<h2 class=\"wp-block-heading\">Des portes int\u00e9rieures contemporaines en h\u00eatre<\/h2>\r\n\r\n\r\n\r\n<p>Les\u00a0portes contemporaines en h\u00eatre\u00a0sont vernies pour davantage d&rsquo;\u00e9l\u00e9gance et peuvent \u00eatre vitr\u00e9es. Elles proposent une large gamme d\u2019\u00e9l\u00e9ments de personnalisation\u00a0: face ardoise, couleur, verre d\u00e9poli ou verre transparent, hublot vitr\u00e9 ou encore deux vantaux.<\/p>\r\n\r\n\r\n\r\n<p>Vous pr\u00e9f\u00e9rez la touche tradition du bois massif ou plaqu\u00e9 ? D\u00e9couvrez nos collections de\u00a0portes authentiques.<\/p>\r\n\n<p style=\"text-align: center;\"><a class=\"bouton bleu\" id=\"btn-rdv-magazine\" href=\"https:\/\/www.lapeyre.fr\/prise-de-rdv\">Prendre RDV<\/a><\/p>","protected":false},"excerpt":{"rendered":"<p>Le style de votre porte d\u00e9pend avant tout du choix du type de mat\u00e9riau. PVC, aluminium ou&#8230;<\/p>\n","protected":false},"author":1005,"featured_media":1089,"comment_status":"open","ping_status":"open","sticky":false,"template":"","format":"standard","meta":{"_acf_changed":false,"footnotes":""},"categories":[955,956],"tags":[22,925,926],"class_list":{"2":"type-post","6":"hentry"},"acf":[],"_links":{"self":[{"href":"https:\/\/www.lapeyre.fr\/c\/magazine\/wp-json\/wp\/v2\/posts\/1561","targetHints":{"allow":["GET"]}}],"collection":[{"href":"https:\/\/www.lapeyre.fr\/c\/magazine\/wp-json\/wp\/v2\/posts"}],"about":[{"href":"https:\/\/www.lapeyre.fr\/c\/magazine\/wp-json\/wp\/v2\/types\/post"}],"author":[{"embeddable":true,"href":"https:\/\/www.lapeyre.fr\/c\/magazine\/wp-json\/wp\/v2\/users\/1005"}],"replies":[{"embeddable":true,"href":"https:\/\/www.lapeyre.fr\/c\/magazine\/wp-json\/wp\/v2\/comments?post=1561"}],"version-history":[{"count":0,"href":"https:\/\/www.lapeyre.fr\/c\/magazine\/wp-json\/wp\/v2\/posts\/1561\/revisions"}],"wp:featuredmedia":[{"embeddable":true,"href":"https:\/\/www.lapeyre.fr\/c\/magazine\/wp-json\/wp\/v2\/media\/1089"}],"wp:attachment":[{"href":"https:\/\/www.lapeyre.fr\/c\/magazine\/wp-json\/wp\/v2\/media?parent=1561"}],"wp:term":[{"taxonomy":"category","embeddable":true,"href":"https:\/\/www.lapeyre.fr\/c\/magazine\/wp-json\/wp\/v2\/categories?post=1561"},{"taxonomy":"post_tag","embeddable":true,"href":"https:\/\/www.lapeyre.fr\/c\/magazine\/wp-json\/wp\/v2\/tags?post=1561"}],"curies":[{"name":"wp","href":"https:\/\/api.w.org\/{rel}","templated":true}]}}