{"id":1591,"date":"2019-12-20T14:48:45","date_gmt":"2019-12-20T13:48:45","guid":{"rendered":"https:\/\/magazine.lapeyre.fr\/?p=1591"},"modified":"2025-12-16T16:24:00","modified_gmt":"2025-12-16T15:24:00","slug":"amenagement-cuisine","status":"publish","type":"post","link":"https:\/\/www.lapeyre.fr\/c\/magazine\/amenagement-cuisine\/","title":{"rendered":"Am\u00e9nagement de cuisine : les 5 r\u00e8gles d&rsquo;or"},"content":{"rendered":"\r\n<p><span class=\"TextRun SCXW136440229 BCX0\" lang=\"FR-FR\" xml:lang=\"FR-FR\" data-contrast=\"auto\"><span class=\"NormalTextRun SCXW136440229 BCX0\">Lapeyre vous donne ses 5 meilleures astuces en termes de rangements et d\u2019esth\u00e9tique pour l\u2019am\u00e9nagement de votre cuisine.<\/span><\/span><\/p>\r\n<h1 class=\"wp-block-heading\" style=\"text-align: center;\"><span class=\"TextRun SCXW86998850 BCX0\" lang=\"FR-FR\" xml:lang=\"FR-FR\" data-contrast=\"auto\"><span class=\"NormalTextRun SCXW86998850 BCX0\" data-ccp-parastyle=\"paragraph\">Am\u00e9nagement de cuisine : les 5 r\u00e8gles d\u2019or<\/span><\/span><span class=\"EOP SCXW86998850 BCX0\" data-ccp-props=\"{&quot;134233117&quot;:true,&quot;134233118&quot;:true,&quot;201341983&quot;:0,&quot;335559740&quot;:240}\">\u00a0<\/span><\/h1>\r\n\r\n\r\n\r\n<h2><span class=\"TextRun SCXW250587901 BCX0\" lang=\"FR-FR\" xml:lang=\"FR-FR\" data-contrast=\"auto\"><span class=\"NormalTextRun SCXW250587901 BCX0\" data-ccp-parastyle=\"paragraph\">AM\u00c9NAGEMENT DE CUISINE : LES 5 R\u00c8GLES D\u2019OR\u202fPOUR BIEN CONCEVOIR SA CUISINE<\/span><\/span><span class=\"EOP SCXW250587901 BCX0\" data-ccp-props=\"{&quot;134233117&quot;:true,&quot;134233118&quot;:true,&quot;201341983&quot;:0,&quot;335559740&quot;:240}\">\u00a0<\/span><\/h2>\r\n\r\n\r\n\r\n<p><span class=\"TextRun SCXW174488502 BCX0\" lang=\"FR-FR\" xml:lang=\"FR-FR\" data-contrast=\"auto\"><span class=\"NormalTextRun SCXW174488502 BCX0\" data-ccp-parastyle=\"paragraph\" data-ccp-parastyle-defn=\"{&quot;ObjectId&quot;:&quot;aaed607e-c2a3-5841-9fb4-41037bfa0faf|1&quot;,&quot;ClassId&quot;:1073872969,&quot;Properties&quot;:[469777841,&quot;Times New Roman&quot;,469777842,&quot;Times New Roman&quot;,469777843,&quot;Times New Roman&quot;,469777844,&quot;Times New Roman&quot;,469769226,&quot;Times New Roman&quot;,268442635,&quot;24&quot;,469775450,&quot;paragraph&quot;,201340122,&quot;2&quot;,134233614,&quot;true&quot;,469778129,&quot;paragraph&quot;,335572020,&quot;1&quot;,335559705,&quot;1036&quot;,335551547,&quot;1036&quot;,335559740,&quot;240&quot;,201341983,&quot;0&quot;,134233118,&quot;true&quot;,134233117,&quot;true&quot;,469778324,&quot;Normal&quot;]}\">L\u2019envie de changement, un nouvel am\u00e9nagement. Il existe de nombreuses raisons qui peuvent nous pousser \u00e0 revoir sa\u00a0<\/span><span class=\"NormalTextRun SCXW174488502 BCX0\" data-ccp-parastyle=\"paragraph\">cuisine<\/span><span class=\"NormalTextRun SCXW174488502 BCX0\" data-ccp-parastyle=\"paragraph\">.\u00a0<\/span><span class=\"NormalTextRun SCXW174488502 BCX0\" data-ccp-parastyle=\"paragraph\">\u00c0 quoi faut-il penser pour r\u00e9ussir son am\u00e9nagement ? R\u00e8gles d\u2019ergonomie et s\u00e9curit\u00e9, rangements, mesures et dimensions, implantation, lumi\u00e8re\u202f: d\u00e9couvrez tous\u00a0<\/span><span class=\"NormalTextRun SCXW174488502 BCX0\" data-ccp-parastyle=\"paragraph\">les conseils Lapeyre pour concocter de bon<\/span><span class=\"NormalTextRun SCXW174488502 BCX0\" data-ccp-parastyle=\"paragraph\">s<\/span><span class=\"NormalTextRun SCXW174488502 BCX0\" data-ccp-parastyle=\"paragraph\">\u00a0petit<\/span><span class=\"NormalTextRun SCXW174488502 BCX0\" data-ccp-parastyle=\"paragraph\">s<\/span><span class=\"NormalTextRun SCXW174488502 BCX0\" data-ccp-parastyle=\"paragraph\">\u00a0repas dans une cuisine fonctionnelle et esth\u00e9tique.<\/span><\/span><span class=\"EOP SCXW174488502 BCX0\" data-ccp-props=\"{&quot;134233117&quot;:true,&quot;134233118&quot;:true,&quot;201341983&quot;:0,&quot;335559740&quot;:240}\">\u00a0<\/span><\/p>\r\n<p><img loading=\"lazy\" decoding=\"async\" class=\"aligncenter wp-image-4735 size-large\" src=\"https:\/\/www.lapeyre.fr\/wp-content\/uploads\/2019\/12\/202547482_2_HD-1024x768.jpg\" alt=\"Cuisine SOFT Soft \u00c9cru Mat \" width=\"1024\" height=\"768\" srcset=\"https:\/\/www.lapeyre.fr\/wp-content\/uploads\/2019\/12\/202547482_2_HD-1024x768.jpg 1024w, https:\/\/www.lapeyre.fr\/wp-content\/uploads\/2019\/12\/202547482_2_HD-300x225.jpg 300w, https:\/\/www.lapeyre.fr\/wp-content\/uploads\/2019\/12\/202547482_2_HD-768x576.jpg 768w, https:\/\/www.lapeyre.fr\/wp-content\/uploads\/2019\/12\/202547482_2_HD-1536x1152.jpg 1536w, https:\/\/www.lapeyre.fr\/wp-content\/uploads\/2019\/12\/202547482_2_HD-1920x1440.jpg 1920w, https:\/\/www.lapeyre.fr\/wp-content\/uploads\/2019\/12\/202547482_2_HD.jpg 2000w\" sizes=\"auto, (max-width: 1024px) 100vw, 1024px\" \/><\/p>\r\n\r\n\r\n\r\n<h2 class=\"wp-block-heading\"><span class=\"TextRun SCXW68395073 BCX0\" lang=\"FR-FR\" xml:lang=\"FR-FR\" data-contrast=\"auto\"><span class=\"NormalTextRun SCXW68395073 BCX0\" data-ccp-parastyle=\"paragraph\" data-ccp-parastyle-defn=\"{&quot;ObjectId&quot;:&quot;aaed607e-c2a3-5841-9fb4-41037bfa0faf|1&quot;,&quot;ClassId&quot;:1073872969,&quot;Properties&quot;:[469777841,&quot;Times New Roman&quot;,469777842,&quot;Times New Roman&quot;,469777843,&quot;Times New Roman&quot;,469777844,&quot;Times New Roman&quot;,469769226,&quot;Times New Roman&quot;,268442635,&quot;24&quot;,469775450,&quot;paragraph&quot;,201340122,&quot;2&quot;,134233614,&quot;true&quot;,469778129,&quot;paragraph&quot;,335572020,&quot;1&quot;,335559705,&quot;1036&quot;,335551547,&quot;1036&quot;,335559740,&quot;240&quot;,201341983,&quot;0&quot;,134233118,&quot;true&quot;,134233117,&quot;true&quot;,469778324,&quot;Normal&quot;]}\">AM\u00c9NAGEMENT DE CUISINE ET TRIANGLE D\u2019ACTIVIT\u00c9<\/span><\/span><\/h2>\r\n\r\n\r\n\r\n<p><span data-contrast=\"auto\">Dans l\u2019am\u00e9nagement d\u2019une cuisine, 3 zones piliers se distinguent pour constituer le triangle d\u2019activit\u00e9 : la zone de cuisson ou zone chaude (avec les plaques et le four), la zone de stockage (r\u00e9frig\u00e9rateur\u202fet rangements) et la zone de lavage (\u00e9vier,\u00a0lave-vaisselle, poubelles\u2026). Pour r\u00e9ussir l\u2019am\u00e9nagement d\u2019une cuisine, il faut appliquer d\u00e8s la conception de votre plan, le triangle d\u2019activit\u00e9. Il optimise l\u2019espace, simplifie et s\u00e9curise vos d\u00e9placements.<\/span><span data-ccp-props=\"{&quot;134233117&quot;:true,&quot;134233118&quot;:true,&quot;201341983&quot;:0,&quot;335559740&quot;:240}\">\u00a0<\/span><\/p>\r\n<p><span data-contrast=\"auto\">Aussi pour des questions pratiques, on placera l\u2019\u00e9vier et la table de cuisson proches des raccordements utiles (eau, gaz ou \u00e9lectrique). Dans les deux cas, on \u00e9vite d\u2019occuper les angles avec le coin \u00e9vier ou cuisson.<\/span><span data-ccp-props=\"{&quot;134233117&quot;:true,&quot;134233118&quot;:true,&quot;201341983&quot;:0,&quot;335559740&quot;:240}\">\u00a0<\/span><\/p>\r\n<p><img loading=\"lazy\" decoding=\"async\" class=\"aligncenter wp-image-4736 size-large\" src=\"https:\/\/www.lapeyre.fr\/wp-content\/uploads\/2019\/12\/202547483_2_HD-1024x768.jpg\" alt=\"Cuisine ECLAT Bleu fjord \" width=\"1024\" height=\"768\" srcset=\"https:\/\/www.lapeyre.fr\/wp-content\/uploads\/2019\/12\/202547483_2_HD-1024x768.jpg 1024w, https:\/\/www.lapeyre.fr\/wp-content\/uploads\/2019\/12\/202547483_2_HD-300x225.jpg 300w, https:\/\/www.lapeyre.fr\/wp-content\/uploads\/2019\/12\/202547483_2_HD-768x576.jpg 768w, https:\/\/www.lapeyre.fr\/wp-content\/uploads\/2019\/12\/202547483_2_HD-1536x1152.jpg 1536w, https:\/\/www.lapeyre.fr\/wp-content\/uploads\/2019\/12\/202547483_2_HD-1920x1440.jpg 1920w, https:\/\/www.lapeyre.fr\/wp-content\/uploads\/2019\/12\/202547483_2_HD.jpg 2000w\" sizes=\"auto, (max-width: 1024px) 100vw, 1024px\" \/><\/p>\r\n\r\n\r\n\r\n<h2 class=\"wp-block-heading\"><span class=\"TextRun SCXW221084003 BCX0\" lang=\"FR-FR\" xml:lang=\"FR-FR\" data-contrast=\"auto\"><span class=\"NormalTextRun SCXW221084003 BCX0\" data-ccp-parastyle=\"paragraph\">BIEN PENSER LES RANGEMENTS DANS L\u2019AM\u00c9NAGEMENT D\u2019UNE CUISINE<\/span><\/span><span class=\"EOP SCXW221084003 BCX0\" data-ccp-props=\"{&quot;134233117&quot;:true,&quot;134233118&quot;:true,&quot;201341983&quot;:0,&quot;335559740&quot;:240}\">\u00a0<\/span><\/h2>\r\n\r\n\r\n\r\n<p><span data-contrast=\"auto\">Une bonne r\u00e9flexion est indispensable.\u00a0Avant de choisir un mod\u00e8le ou un meuble,\u00a0faites\u00a0un inventaire pr\u00e9cis de vos ustensiles, appareils et habitudes de repas afin de d\u00e9finir un plan de rangement adapt\u00e9 \u00e0 votre pi\u00e8ce.\u00a0Gardez\u00a0\u00e0 l\u2019esprit que l\u2019essentiel des ustensiles et \u00e9quipements doivent \u00eatre \u00e0 port\u00e9e de main.<\/span><span data-ccp-props=\"{&quot;134233117&quot;:true,&quot;134233118&quot;:true,&quot;201341983&quot;:0,&quot;335559740&quot;:240}\">\u00a0<\/span><\/p>\r\n<p><span data-contrast=\"auto\">Jamais perdus, les petits espaces et angles sont facilement exploitables avec des\u202fmeubles gain de place<\/span><span data-contrast=\"auto\">,\u00a0<\/span><span data-contrast=\"auto\">des solutions sur mesure ou des syst\u00e8mes pivotants ing\u00e9nieux,\u00a0pensez-y.\u00a0Chez Lapeyre, ce type de mobilier\u00a0sur mesure\u00a0permet d\u2019utiliser chaque centim\u00e8tre pour une\u00a0cuisine moderne\u00a0vraiment optimis\u00e9e.\u00a0D\u00e9couvrez ici nos\u00a0<\/span><a href=\"https:\/\/www.lapeyre.fr\/produits\/cuisine-electromenager\/meuble-cuisine-equipement\/cuisine-en-kit\"><span data-contrast=\"none\"><strong>cuisines en kit<\/strong><\/span><\/a><span data-contrast=\"auto\">\u202f!<\/span><span data-ccp-props=\"{&quot;134233117&quot;:true,&quot;134233118&quot;:true,&quot;201341983&quot;:0,&quot;335559740&quot;:240}\">\u00a0<\/span><\/p>\r\n<p><span data-contrast=\"auto\">C\u00f4t\u00e9 style, les\u00a0meubles\u00a0en bois ou en blanc restent des valeurs s\u00fbres :\u00a0ils\u00a0apportent\u00a0de la luminosit\u00e9,\u00a0une ambiance\u00a0moderne et facile \u00e0 int\u00e9grer dans n\u2019importe quelle maison. Vous pouvez \u00e9galement\u00a0cr\u00e9er\u00a0un \u00eelot central\u00a0pour\u00a0plus\u00a0de rangement et cr\u00e9er un espace de travail convivial\u00a0et pratique.<\/span><span data-ccp-props=\"{&quot;134233117&quot;:true,&quot;134233118&quot;:true,&quot;201341983&quot;:0,&quot;335559740&quot;:240}\">\u00a0<\/span><\/p>\r\n<p><span data-contrast=\"auto\">Selon le mod\u00e8le choisi et les options, le prix peut varier, mais les conseillers\u00a0Lapeyre\u00a0en magasin peuvent vous aider \u00e0 d\u00e9finir un projet coh\u00e9rent avec votre budget. Ils vous guideront sur les solutions d\u2019am\u00e9nagement,\u00a0les rangements adapt\u00e9s \u00e0 votre espace\u00a0ou encore vous proposer des id\u00e9es d\u00e9co\u202f!<\/span><span data-ccp-props=\"{&quot;134233117&quot;:true,&quot;134233118&quot;:true,&quot;201341983&quot;:0,&quot;335559740&quot;:240}\">\u00a0<\/span><\/p>\r\n\r\n\r\n\r\n<h2 class=\"wp-block-heading\"><span class=\"TextRun SCXW200518901 BCX0\" lang=\"FR-FR\" xml:lang=\"FR-FR\" data-contrast=\"auto\"><span class=\"NormalTextRun SCXW200518901 BCX0\" data-ccp-parastyle=\"paragraph\" data-ccp-parastyle-defn=\"{&quot;ObjectId&quot;:&quot;aaed607e-c2a3-5841-9fb4-41037bfa0faf|1&quot;,&quot;ClassId&quot;:1073872969,&quot;Properties&quot;:[469777841,&quot;Times New Roman&quot;,469777842,&quot;Times New Roman&quot;,469777843,&quot;Times New Roman&quot;,469777844,&quot;Times New Roman&quot;,469769226,&quot;Times New Roman&quot;,268442635,&quot;24&quot;,469775450,&quot;paragraph&quot;,201340122,&quot;2&quot;,134233614,&quot;true&quot;,469778129,&quot;paragraph&quot;,335572020,&quot;1&quot;,335559705,&quot;1036&quot;,335551547,&quot;1036&quot;,335559740,&quot;240&quot;,201341983,&quot;0&quot;,134233118,&quot;true&quot;,134233117,&quot;true&quot;,469778324,&quot;Normal&quot;]}\">CONNA\u00ceTRE LES BONNES MESURES ET DIMENSIONS<\/span><\/span><\/h2>\r\n\r\n\r\n\r\n<p><span data-contrast=\"auto\">Pour l\u2019am\u00e9nagement d\u2019une cuisine voici quelques notions de mesures et dimensions.<\/span><span data-ccp-props=\"{&quot;134233117&quot;:true,&quot;134233118&quot;:true,&quot;201341983&quot;:0,&quot;335559740&quot;:240}\">\u00a0<\/span><\/p>\r\n<p><b><span data-contrast=\"auto\">Pour les meubles de cuisines\u00a0et \u00e9lectrom\u00e9nagers\u202f<\/span><\/b><span data-contrast=\"auto\">: pour une bonne circulation, 70 centim\u00e8tres de d\u00e9gagement sont \u00e0 pr\u00e9voir devant les \u00e9l\u00e9ments hauts et bas. Autour de vos placards, tiroirs et lave-vaisselle, pr\u00e9voyez 90 cm. La hauteur de vos meubles hauts doit se situer maximum \u00e0 220 cm pour l\u2019\u00e9tag\u00e8re la plus haute.<\/span><span data-ccp-props=\"{&quot;134233117&quot;:true,&quot;134233118&quot;:true,&quot;201341983&quot;:0,&quot;335559740&quot;:240}\">\u00a0<\/span><\/p>\r\n<p><span data-contrast=\"auto\">Pour les \u00e9lectrom\u00e9nagers, on conseille de placer le four au niveau des yeux et la hotte \u00e0 60 cm de hauteur par rapport \u00e0 votre table de cuisson.<\/span><span data-ccp-props=\"{&quot;134233117&quot;:true,&quot;134233118&quot;:true,&quot;201341983&quot;:0,&quot;335559740&quot;:240}\">\u00a0<\/span><\/p>\r\n<p><span data-contrast=\"auto\">Pour\u202fle\u00a0<\/span><a href=\"https:\/\/www.lapeyre.fr\/produits\/cuisine-electromenager\/plan-travail-cuisine\"><span data-contrast=\"none\"><strong>plan de travail<\/strong><\/span><\/a><span data-contrast=\"auto\">\u202f: comptez un minimum de 60 \u00e0 65 cm de profondeur afin de pouvoir glisser de l\u2019\u00e9lectrom\u00e9nager et meubles de taille standard en dessous. Les bonnes hauteurs tiennent compte de votre taille. \u00c0 titre indicatif on recommande une hauteur entre 85 et 95 cm pour le plan de travail.<\/span><span data-ccp-props=\"{&quot;134233117&quot;:true,&quot;134233118&quot;:true,&quot;201341983&quot;:0,&quot;335559740&quot;:240}\">\u00a0<\/span><\/p>\r\n\r\n\r\n\r\n<h2 class=\"wp-block-heading\"><span class=\"TextRun SCXW98377147 BCX0\" lang=\"FR-FR\" xml:lang=\"FR-FR\" data-contrast=\"auto\"><span class=\"NormalTextRun SCXW98377147 BCX0\" data-ccp-parastyle=\"paragraph\" data-ccp-parastyle-defn=\"{&quot;ObjectId&quot;:&quot;aaed607e-c2a3-5841-9fb4-41037bfa0faf|1&quot;,&quot;ClassId&quot;:1073872969,&quot;Properties&quot;:[469777841,&quot;Times New Roman&quot;,469777842,&quot;Times New Roman&quot;,469777843,&quot;Times New Roman&quot;,469777844,&quot;Times New Roman&quot;,469769226,&quot;Times New Roman&quot;,268442635,&quot;24&quot;,469775450,&quot;paragraph&quot;,201340122,&quot;2&quot;,134233614,&quot;true&quot;,469778129,&quot;paragraph&quot;,335572020,&quot;1&quot;,335559705,&quot;1036&quot;,335551547,&quot;1036&quot;,335559740,&quot;240&quot;,201341983,&quot;0&quot;,134233118,&quot;true&quot;,134233117,&quot;true&quot;,469778324,&quot;Normal&quot;]}\">BIEN TRAVAILLER LA LUMINOSIT\u00c9<\/span><\/span><\/h2>\r\n\r\n\r\n\r\n<p><span class=\"TextRun SCXW52649578 BCX0\" lang=\"FR-FR\" xml:lang=\"FR-FR\" data-contrast=\"auto\"><span class=\"NormalTextRun SCXW52649578 BCX0\" data-ccp-parastyle=\"paragraph\" data-ccp-parastyle-defn=\"{&quot;ObjectId&quot;:&quot;aaed607e-c2a3-5841-9fb4-41037bfa0faf|1&quot;,&quot;ClassId&quot;:1073872969,&quot;Properties&quot;:[469777841,&quot;Times New Roman&quot;,469777842,&quot;Times New Roman&quot;,469777843,&quot;Times New Roman&quot;,469777844,&quot;Times New Roman&quot;,469769226,&quot;Times New Roman&quot;,268442635,&quot;24&quot;,469775450,&quot;paragraph&quot;,201340122,&quot;2&quot;,134233614,&quot;true&quot;,469778129,&quot;paragraph&quot;,335572020,&quot;1&quot;,335559705,&quot;1036&quot;,335551547,&quot;1036&quot;,335559740,&quot;240&quot;,201341983,&quot;0&quot;,134233118,&quot;true&quot;,134233117,&quot;true&quot;,469778324,&quot;Normal&quot;]}\">Dans l\u2019am\u00e9nagement d\u2019une cuisine, en compl\u00e9ment de l\u2019\u00e9clairage naturel et d\u2019une source de lumi\u00e8re \u00e9lectrique au plafond (plafonnier ou spots encastr\u00e9s), disposez d\u2019autres sources de lumi\u00e8re au niveau du plan de travail avec un \u00e9clairage franc et puissant ou encore des spots orientables plac\u00e9s sous les meubles hauts.<\/span><span class=\"NormalTextRun SCXW52649578 BCX0\" data-ccp-parastyle=\"paragraph\">\u00a0Des meubles blancs ou du carrelage blanc peuvent aussi \u00e9claircir la pi\u00e8ce.\u00a0<\/span><\/span><span class=\"EOP SCXW52649578 BCX0\" data-ccp-props=\"{&quot;134233117&quot;:true,&quot;134233118&quot;:true,&quot;201341983&quot;:0,&quot;335559740&quot;:240}\">\u00a0<\/span><\/p>\r\n<h2><span class=\"TextRun SCXW216825933 BCX0\" lang=\"FR-FR\" xml:lang=\"FR-FR\" data-contrast=\"auto\"><span class=\"NormalTextRun SCXW216825933 BCX0\" data-ccp-parastyle=\"paragraph\" data-ccp-parastyle-defn=\"{&quot;ObjectId&quot;:&quot;aaed607e-c2a3-5841-9fb4-41037bfa0faf|1&quot;,&quot;ClassId&quot;:1073872969,&quot;Properties&quot;:[469777841,&quot;Times New Roman&quot;,469777842,&quot;Times New Roman&quot;,469777843,&quot;Times New Roman&quot;,469777844,&quot;Times New Roman&quot;,469769226,&quot;Times New Roman&quot;,268442635,&quot;24&quot;,469775450,&quot;paragraph&quot;,201340122,&quot;2&quot;,134233614,&quot;true&quot;,469778129,&quot;paragraph&quot;,335572020,&quot;1&quot;,335559705,&quot;1036&quot;,335551547,&quot;1036&quot;,335559740,&quot;240&quot;,201341983,&quot;0&quot;,134233118,&quot;true&quot;,134233117,&quot;true&quot;,469778324,&quot;Normal&quot;]}\">CHOISIR UNE IMPLANTATION ADAPT\u00c9E POUR L\u2019AM\u00c9NAGEMENT DE VOTRE CUISINE<\/span><\/span><\/h2>\r\n<p>\r\n\r\n<\/p>\r\n<p><span data-contrast=\"auto\">Il existe plusieurs types d\u2019implantations. Chacune a ses particularit\u00e9s et contraintes.<\/span><span data-ccp-props=\"{&quot;134233117&quot;:true,&quot;134233118&quot;:true,&quot;201341983&quot;:0,&quot;335559740&quot;:240}\">\u00a0<\/span><\/p>\r\n<p><b><span data-contrast=\"auto\">\u2013\u202f\u202f\u202f\u202f\u202f\u202f\u202fAM\u00c9NAGEMENT DE CUISINE EN IMPLANTATION LIN\u00c9AIRE (OU EN I)<\/span><\/b><span data-ccp-props=\"{&quot;134233117&quot;:true,&quot;134233118&quot;:true,&quot;201341983&quot;:0,&quot;335559740&quot;:240}\">\u00a0<\/span><\/p>\r\n<p><span data-contrast=\"auto\">Pratique et tr\u00e8s courant dans l\u2019am\u00e9nagement d\u2019une cuisine, cette implantation convient \u00e0 une surface \u00e9troite (un couloir) avec une largeur d\u2019au moins 1.5 m pour les meubles et le d\u00e9gagement. Dans\u00a0une\u00a0<\/span><a href=\"https:\/\/www.lapeyre.fr\/c\/magazine\/cuisine-en-i-le-guide-malin-pour-amenager-facilement-sa-cuisine\/\"><span data-contrast=\"none\"><strong>cuisine en I<\/strong><\/span><\/a><span data-contrast=\"auto\">, le triangle d\u2019activit\u00e9 ne s\u2019applique pas puisque toutes les zones sont concentr\u00e9es sur un seul pan de mur avec la zone \u00ab cuisson \u00bb au centre.<\/span><span data-ccp-props=\"{&quot;134233117&quot;:true,&quot;134233118&quot;:true,&quot;201341983&quot;:0,&quot;335559740&quot;:240}\">\u00a0<\/span><\/p>\r\n<p><b><span data-contrast=\"auto\">\u2013\u202f\u202f\u202f\u202f\u202f\u202f\u202fAM\u00c9NAGEMENT DE CUISINE EN IMPLANTATION L<\/span><\/b><span data-ccp-props=\"{&quot;134233117&quot;:true,&quot;134233118&quot;:true,&quot;201341983&quot;:0,&quot;335559740&quot;:240}\">\u00a0<\/span><\/p>\r\n<p><span data-contrast=\"auto\">Implant\u00e9e sur 2 murs,\u00a0la\u00a0cuisine\u00a0en L\u00a0convient pour tous types et tailles de pi\u00e8ce.<\/span><span data-ccp-props=\"{&quot;134233117&quot;:true,&quot;134233118&quot;:true,&quot;201341983&quot;:0,&quot;335559740&quot;:240}\">\u00a0<\/span><\/p>\r\n<p><b><span data-contrast=\"auto\">\u2013\u202f\u202f\u202f\u202f\u202f\u202f\u202fAM\u00c9NAGEMENT DE CUISINE EN IMPLANTATION U<\/span><\/b><span data-ccp-props=\"{&quot;134233117&quot;:true,&quot;134233118&quot;:true,&quot;201341983&quot;:0,&quot;335559740&quot;:240}\">\u00a0<\/span><\/p>\r\n<p><span data-contrast=\"auto\">Id\u00e9ale pour les grandes pi\u00e8ces, l\u2019am\u00e9nagement de cuisine en U s\u2019implante sur 3 murs, chaque mur \u00e9tant d\u00e9di\u00e9 \u00e0 une zone du triangle d\u2019activit\u00e9 (avec la zone de cuisson entre les deux autres zones).<\/span><span data-ccp-props=\"{&quot;134233117&quot;:true,&quot;134233118&quot;:true,&quot;201341983&quot;:0,&quot;335559740&quot;:240}\">\u00a0<\/span><\/p>\r\n<p><b><span data-contrast=\"auto\">\u2013\u202f\u202f\u202f\u202f\u202f\u202f\u202fAM\u00c9NAGEMENT DE CUISINE EN IMPLANTATION \u00ceLOT<\/span><\/b><span data-ccp-props=\"{&quot;134233117&quot;:true,&quot;134233118&quot;:true,&quot;201341983&quot;:0,&quot;335559740&quot;:240}\">\u00a0<\/span><\/p>\r\n<p><span data-contrast=\"auto\">Convivial, ce type d\u2019am\u00e9nagement de cuisine s\u2019articule autour d\u2019une implantation particuli\u00e8re avec un \u00eelot souvent au centre d\u2019une tr\u00e8s grande pi\u00e8ce ouverte sur le salon. L\u2019important ? Bien r\u00e9fl\u00e9chir au syst\u00e8me d\u2019\u00e9vacuation des odeurs de cuisson (hotte suspendue ou encastr\u00e9e dans la table de cuisson). Si g\u00e9n\u00e9ralement les dimensions d\u2019un \u00eelot central sont relatives d\u2019une part aux fonctions auxquelles il sera destin\u00e9 et d\u2019autre part \u00e0 la surface de votre cuisine, voici quelques rep\u00e8res utiles :<\/span><span data-ccp-props=\"{&quot;134233117&quot;:true,&quot;134233118&quot;:true,&quot;201341983&quot;:0,&quot;335559740&quot;:240}\">\u00a0<\/span><\/p>\r\n<p><span data-contrast=\"auto\">\u2013 C\u00f4t\u00e9 profondeur, comptez au minimum 1 m\u00e8tre sur 60 cm<\/span><span data-ccp-props=\"{&quot;134233117&quot;:true,&quot;134233118&quot;:true,&quot;201341983&quot;:0,&quot;335559740&quot;:240}\">\u00a0<\/span><\/p>\r\n<p><span data-contrast=\"auto\">\u2013 C\u00f4t\u00e9 hauteur, la plus fr\u00e9quente est entre 85 et 90 cm<\/span><span data-ccp-props=\"{&quot;134233117&quot;:true,&quot;134233118&quot;:true,&quot;201341983&quot;:0,&quot;335559740&quot;:240}\">\u00a0<\/span><\/p>\r\n<p><span data-contrast=\"auto\">Au niveau du d\u00e9gagement (espace n\u00e9cessaire autour de l\u2019\u00eelot) : pour faciliter l\u2019ouverture des meubles bas et circuler confortablement, pr\u00e9voyez au moins 1m voire 1,20m si vous souhaitez int\u00e9grer un four et\/ou lave-vaisselle dans votre \u00eelot.<\/span><span data-ccp-props=\"{&quot;134233117&quot;:true,&quot;134233118&quot;:true,&quot;201341983&quot;:0,&quot;335559740&quot;:240}\">\u00a0<\/span><\/p>\r\n<p><span data-contrast=\"auto\">Voici donc\u00a0quelques\u00a0conseils\u00a0pour l\u2019am\u00e9nagement de votre cuisine. S\u2019il vous reste des questions\u00a0sur\u00a0la conception de votre cuisine ou si vous cherchez d\u2019autres id\u00e9es pour un autre projet, n\u2019h\u00e9sitez pas \u00e0\u00a0prendre rendez-vous en ligne avec un expert\u00a0qui saura vous r\u00e9pondre.<\/span><span data-ccp-props=\"{&quot;134233117&quot;:true,&quot;134233118&quot;:true,&quot;201341983&quot;:0,&quot;335559740&quot;:240}\">\u00a0<\/span><\/p>\r\n<p><span class=\"EOP SCXW52649578 BCX0\" data-ccp-props=\"{&quot;134233117&quot;:true,&quot;134233118&quot;:true,&quot;201341983&quot;:0,&quot;335559740&quot;:240}\">\u00a0<\/span><\/p>\r\n\n<p style=\"text-align: center;\"><a class=\"bouton bleu\" id=\"btn-rdv-magazine\" href=\"https:\/\/www.lapeyre.fr\/prise-de-rdv\">Prendre RDV<\/a><\/p>","protected":false},"excerpt":{"rendered":"<p>Lapeyre vous donne ses 5 meilleures astuces en termes de rangements et d\u2019esth\u00e9tique pour l\u2019am\u00e9nagement de votre&#8230;<\/p>\n","protected":false},"author":1006,"featured_media":4735,"comment_status":"open","ping_status":"open","sticky":false,"template":"","format":"standard","meta":{"_acf_changed":false,"footnotes":""},"categories":[966,963],"tags":[5,15,937],"class_list":{"2":"type-post","6":"hentry"},"acf":[],"_links":{"self":[{"href":"https:\/\/www.lapeyre.fr\/c\/magazine\/wp-json\/wp\/v2\/posts\/1591","targetHints":{"allow":["GET"]}}],"collection":[{"href":"https:\/\/www.lapeyre.fr\/c\/magazine\/wp-json\/wp\/v2\/posts"}],"about":[{"href":"https:\/\/www.lapeyre.fr\/c\/magazine\/wp-json\/wp\/v2\/types\/post"}],"author":[{"embeddable":true,"href":"https:\/\/www.lapeyre.fr\/c\/magazine\/wp-json\/wp\/v2\/users\/1006"}],"replies":[{"embeddable":true,"href":"https:\/\/www.lapeyre.fr\/c\/magazine\/wp-json\/wp\/v2\/comments?post=1591"}],"version-history":[{"count":0,"href":"https:\/\/www.lapeyre.fr\/c\/magazine\/wp-json\/wp\/v2\/posts\/1591\/revisions"}],"wp:featuredmedia":[{"embeddable":true,"href":"https:\/\/www.lapeyre.fr\/c\/magazine\/wp-json\/wp\/v2\/media\/4735"}],"wp:attachment":[{"href":"https:\/\/www.lapeyre.fr\/c\/magazine\/wp-json\/wp\/v2\/media?parent=1591"}],"wp:term":[{"taxonomy":"category","embeddable":true,"href":"https:\/\/www.lapeyre.fr\/c\/magazine\/wp-json\/wp\/v2\/categories?post=1591"},{"taxonomy":"post_tag","embeddable":true,"href":"https:\/\/www.lapeyre.fr\/c\/magazine\/wp-json\/wp\/v2\/tags?post=1591"}],"curies":[{"name":"wp","href":"https:\/\/api.w.org\/{rel}","templated":true}]}}