{"id":1609,"date":"2019-12-23T10:12:00","date_gmt":"2019-12-23T09:12:00","guid":{"rendered":"https:\/\/magazine.lapeyre.fr\/?p=1609"},"modified":"2025-03-13T09:47:50","modified_gmt":"2025-03-13T08:47:50","slug":"parquet-lambris-ambiance-nature","status":"publish","type":"post","link":"https:\/\/www.lapeyre.fr\/c\/magazine\/parquet-lambris-ambiance-nature\/","title":{"rendered":"Parquet et lambris pour cr\u00e9er une ambiance nature"},"content":{"rendered":"\r\n<p><strong>Premiers frimas, premi\u00e8re flamb\u00e9e\u2026 Pr\u00eat(e) \u00e0 passer votre home sweet home en mode cocooning ? Pour un hiver douillet, entourez-vous de bois. Le <a href=\"https:\/\/www.lapeyre.fr\/sols-murs-CCU0007#SCU688033\">parquet <\/a>naturel et le lambris Lapeyre se parent de textures et de finitions contemporaines !<\/strong><\/p>\r\n\r\n\r\n\r\n<h2 class=\"wp-block-heading\">Urbains ou ethniques chics, les lambris textur\u00e9s prennent la pose<\/h2>\r\n\r\n\r\n\r\n<p>\u00c9conomique et facile \u00e0 poser, le <a href=\"https:\/\/www.lapeyre.fr\/lambris-CCN0204\">lambris <\/a>ne manque pas d\u2019atouts. Et se distingue d\u00e9sormais aussi par ses atours ! Les mod\u00e8les \u00e0 lames larges (13 \u00e0 19 cm) et \u00e0 la surface brute se font modernes pour votre d\u00e9co hivernale.<\/p>\r\n\r\n\r\n\r\n<p>Le\u00a0lambris Inspiration transporte instantan\u00e9ment votre chambre au c\u0153ur des grands espaces avec sa finition \u00ab\u00a0brut de sciage\u00a0\u00bb et son coloris\u00a0coton. D\u2019aspect bross\u00e9, un lambris gris p\u00e9trole\u00a0se fond dans un salon de style industriel, tandis qu&rsquo;un mod\u00e8le gris perl\u00e9 plante le d\u00e9cor d\u2019une ambiance nordique. Ciblez la finition hydro cire qui permet de le laver \u00e0 l\u2019eau.<\/p>\r\n\r\n\r\n\r\n<figure class=\"wp-block-image\"><img decoding=\"async\" src=\"https:\/\/statics.lapeyre.fr\/img\/contrib\/2bdd4da30020f4d5\/desktop_salonnaturedusolauplafond_parquetvianne_p1.jpg\" alt=\"Parquet ch\u00eane naturel dans un int\u00e9rieur cosy\" \/><\/figure>\r\n\r\n\r\n\r\n<h2 class=\"wp-block-heading\">Parquets naturels : le ch\u00eane dans tous ses \u00e9tats<\/h2>\r\n\r\n\r\n\r\n<p>Sous ses airs de <a href=\"https:\/\/www.lapeyre.fr\/sols-murs-CCU0007\">sol <\/a>authentique, le\u00a0parquet naturel masque ainsi une modernit\u00e9 bienvenue\u00a0: vous pouvez le poser sur sol chauffant ou rafra\u00eechissant pour un confort en toute saison. <br \/>\u00a0<br \/>Si vous recherchez un sol fonc\u00e9, d\u00e9couvrez \u00e9galement nos mod\u00e8les d\u00e9clinent le ch\u00eane en version\u00a0gris ciment\u00a0ou\u00a0fum\u00e9e huil\u00e9e\u2026<\/p>\r\n\r\n\r\n\r\n<p>Ambiance orientale ou m\u00e9diterran\u00e9enne\u2026 Laissez filer l\u2019hiver, l\u2019esprit bien ancr\u00e9 dans des ailleurs ensoleill\u00e9s\u00a0!<\/p>\r\n\n<p style=\"text-align: center;\"><a class=\"bouton bleu\" id=\"btn-rdv-magazine\" href=\"https:\/\/www.lapeyre.fr\/prise-de-rdv\">Prendre RDV<\/a><\/p>","protected":false},"excerpt":{"rendered":"<p>Premiers frimas, premi\u00e8re flamb\u00e9e\u2026 Pr\u00eat(e) \u00e0 passer votre home sweet home en mode cocooning ? Pour un&#8230;<\/p>\n","protected":false},"author":1005,"featured_media":1610,"comment_status":"open","ping_status":"open","sticky":false,"template":"","format":"standard","meta":{"_acf_changed":false,"footnotes":""},"categories":[977,975],"tags":[17,18,25,928],"class_list":{"2":"type-post","6":"hentry"},"acf":[],"_links":{"self":[{"href":"https:\/\/www.lapeyre.fr\/c\/magazine\/wp-json\/wp\/v2\/posts\/1609","targetHints":{"allow":["GET"]}}],"collection":[{"href":"https:\/\/www.lapeyre.fr\/c\/magazine\/wp-json\/wp\/v2\/posts"}],"about":[{"href":"https:\/\/www.lapeyre.fr\/c\/magazine\/wp-json\/wp\/v2\/types\/post"}],"author":[{"embeddable":true,"href":"https:\/\/www.lapeyre.fr\/c\/magazine\/wp-json\/wp\/v2\/users\/1005"}],"replies":[{"embeddable":true,"href":"https:\/\/www.lapeyre.fr\/c\/magazine\/wp-json\/wp\/v2\/comments?post=1609"}],"version-history":[{"count":0,"href":"https:\/\/www.lapeyre.fr\/c\/magazine\/wp-json\/wp\/v2\/posts\/1609\/revisions"}],"wp:featuredmedia":[{"embeddable":true,"href":"https:\/\/www.lapeyre.fr\/c\/magazine\/wp-json\/wp\/v2\/media\/1610"}],"wp:attachment":[{"href":"https:\/\/www.lapeyre.fr\/c\/magazine\/wp-json\/wp\/v2\/media?parent=1609"}],"wp:term":[{"taxonomy":"category","embeddable":true,"href":"https:\/\/www.lapeyre.fr\/c\/magazine\/wp-json\/wp\/v2\/categories?post=1609"},{"taxonomy":"post_tag","embeddable":true,"href":"https:\/\/www.lapeyre.fr\/c\/magazine\/wp-json\/wp\/v2\/tags?post=1609"}],"curies":[{"name":"wp","href":"https:\/\/api.w.org\/{rel}","templated":true}]}}