{"id":1668,"date":"2019-12-26T14:02:37","date_gmt":"2019-12-26T13:02:37","guid":{"rendered":"https:\/\/magazine.lapeyre.fr\/?p=1668"},"modified":"2025-03-13T14:48:27","modified_gmt":"2025-03-13T13:48:27","slug":"electromenager-encastrable-cuisine","status":"publish","type":"post","link":"https:\/\/www.lapeyre.fr\/c\/magazine\/electromenager-encastrable-cuisine\/","title":{"rendered":"L\u2019\u00e9lectrom\u00e9nager encastrable"},"content":{"rendered":"\r\n<p><strong>Vous disposez d\u2019un petit espace cuisine ? Vous souhaitez lui donner un aspect \u00e9l\u00e9gant et soign\u00e9 ? D\u00e9couvrez les avantages de l\u2019encastrable.<\/strong><\/p>\r\n\r\n\r\n\r\n<h2 class=\"wp-block-heading\">L\u2019appareil \u00e9lectrom\u00e9nager encastrable<\/h2>\r\n\r\n\r\n\r\n<p>Opter pour un appareil <strong><a href=\"https:\/\/www.lapeyre.fr\/electromenager-SCU687997\">\u00e9lectrom\u00e9nager <\/a><\/strong>encastrable, c\u2019est avoir plus de libert\u00e9 quant \u00e0 sa disposition. Vous voulez \u00e9viter de vous baisser pour ouvrir la porte du four et sortir votre plat\u00a0? Int\u00e9grez votre \u00a0<strong><a href=\"https:\/\/www.lapeyre.fr\/fours-CCN0101\" target=\"_blank\" rel=\"noreferrer noopener\">four encastrable<\/a><\/strong> \u00e0 un meuble colonne en hauteur.<\/p>\r\n\r\n\r\n\r\n<figure class=\"wp-block-image\"><img decoding=\"async\" src=\"https:\/\/statics.lapeyre.fr\/img\/contrib\/2bdd4da300204798\/desktop_encastrable_fourintegreaunmeuble_p1.jpg\" alt=\"Cuisine \u00e9lectrom\u00e9nager\r\n\" \/><\/figure>\r\n\r\n\r\n\r\n<h2 class=\"wp-block-heading\">Un appareil \u00e9lectrom\u00e9nager dans un meuble gain de place<\/h2>\r\n\r\n\r\n\r\n<p>Vous optimiserez l\u2019organisation de votre cuisine Lapeyre en choisissant des appareils \u00e9lectrom\u00e9nagers encastrables. En int\u00e9grant votre<a href=\"https:\/\/www.lapeyre.fr\/fours-micro-ondes-CCN0095\" target=\"_blank\" rel=\"noreferrer noopener\"><strong>micro-ondes<\/strong><\/a>\u00e0 un meuble de cuisine, vous agrandissez votre plan de travail. De m\u00eame, en ins\u00e9rant votre\u00a0<a href=\"https:\/\/www.lapeyre.fr\/hottes-CCN0102\" target=\"_blank\" rel=\"noreferrer noopener\"><strong>hotte aspirante<\/strong><\/a>au milieu d\u2019un placard mural, vous gagnez en espace de rangement. Laissez-vous \u00e9galement s\u00e9duire par la cave \u00e0 vin int\u00e9grable Liebherr. Vous conservez ainsi vos meilleurs crus dans un espace minimal tout en gardant des conditions optimales.<\/p>\r\n\r\n\r\n\r\n<h2 class=\"wp-block-heading\">L\u2019atout d\u00e9co cuisine d\u2019un appareil \u00e9lectrom\u00e9nager<\/h2>\r\n\r\n\r\n\r\n<p>L\u2019\u00e9lectrom\u00e9nager encastrable s\u2019int\u00e8gre \u00e0 votre d\u00e9co\u00a0<strong><a href=\"https:\/\/www.lapeyre.fr\/cuisine-CCU0001\">cuisine<\/a>\u00a0<\/strong>en respectant les lignes. Vous pourrez le choisir avec des tons assortis aux meubles et aux autres appareils \u00e9lectrom\u00e9nagers pour un aspect plus soign\u00e9.<\/p>\r\n\r\n\r\n\r\n<p>Plut\u00f4t que la traditionnelle cuisini\u00e8re, optez pour une\u00a0table de cuisson\u00a0et un four encastrable, que vous pourrez int\u00e9grer \u00e0 un meuble. Vous trouverez des\u00a0lave-vaisselle\u00a0encastrables sur lesquels apposer une porte du m\u00eame mat\u00e9riel et de la m\u00eame couleur que vos meubles de cuisine \u00e9quip\u00e9e.<\/p>\r\n\n<p style=\"text-align: center;\"><a class=\"bouton bleu\" id=\"btn-rdv-magazine\" href=\"https:\/\/www.lapeyre.fr\/prise-de-rdv\">Prendre RDV<\/a><\/p>","protected":false},"excerpt":{"rendered":"<p>Vous disposez d\u2019un petit espace cuisine ? Vous souhaitez lui donner un aspect \u00e9l\u00e9gant et soign\u00e9 ?&#8230;<\/p>\n","protected":false},"author":1005,"featured_media":1672,"comment_status":"open","ping_status":"open","sticky":false,"template":"","format":"standard","meta":{"_acf_changed":false,"footnotes":""},"categories":[964,963],"tags":[5,13],"class_list":{"2":"type-post","6":"hentry"},"acf":[],"_links":{"self":[{"href":"https:\/\/www.lapeyre.fr\/c\/magazine\/wp-json\/wp\/v2\/posts\/1668","targetHints":{"allow":["GET"]}}],"collection":[{"href":"https:\/\/www.lapeyre.fr\/c\/magazine\/wp-json\/wp\/v2\/posts"}],"about":[{"href":"https:\/\/www.lapeyre.fr\/c\/magazine\/wp-json\/wp\/v2\/types\/post"}],"author":[{"embeddable":true,"href":"https:\/\/www.lapeyre.fr\/c\/magazine\/wp-json\/wp\/v2\/users\/1005"}],"replies":[{"embeddable":true,"href":"https:\/\/www.lapeyre.fr\/c\/magazine\/wp-json\/wp\/v2\/comments?post=1668"}],"version-history":[{"count":0,"href":"https:\/\/www.lapeyre.fr\/c\/magazine\/wp-json\/wp\/v2\/posts\/1668\/revisions"}],"wp:featuredmedia":[{"embeddable":true,"href":"https:\/\/www.lapeyre.fr\/c\/magazine\/wp-json\/wp\/v2\/media\/1672"}],"wp:attachment":[{"href":"https:\/\/www.lapeyre.fr\/c\/magazine\/wp-json\/wp\/v2\/media?parent=1668"}],"wp:term":[{"taxonomy":"category","embeddable":true,"href":"https:\/\/www.lapeyre.fr\/c\/magazine\/wp-json\/wp\/v2\/categories?post=1668"},{"taxonomy":"post_tag","embeddable":true,"href":"https:\/\/www.lapeyre.fr\/c\/magazine\/wp-json\/wp\/v2\/tags?post=1668"}],"curies":[{"name":"wp","href":"https:\/\/api.w.org\/{rel}","templated":true}]}}