{"id":1824,"date":"2020-01-02T15:38:58","date_gmt":"2020-01-02T14:38:58","guid":{"rendered":"https:\/\/magazine.lapeyre.fr\/?p=1824"},"modified":"2025-03-13T14:46:04","modified_gmt":"2025-03-13T13:46:04","slug":"avantages-stores-bannes","status":"publish","type":"post","link":"https:\/\/www.lapeyre.fr\/c\/magazine\/avantages-stores-bannes\/","title":{"rendered":"Quels sont les avantages des stores bannes ?"},"content":{"rendered":"\r\n<p><strong>Votre store banne vous permet de rester au frais sur votre terrasse\u00a0<a href=\"https:\/\/www.lapeyre.fr\/exterieur-jardin-CCU0008\">ext\u00e9rieure<\/a>, m\u00eame en cas de grosse chaleur. D\u00e9couvrez les atouts de nos stores bannes Lapeyre qui allient protection, confort et esth\u00e9tique\u00a0!<\/strong><\/p>\r\n\r\n\r\n\r\n<h2 class=\"wp-block-heading\">Le store banne pour une protection solaire \u00e0 la demande<\/h2>\r\n\r\n\r\n\r\n<p>Le\u00a0<a href=\"https:\/\/www.lapeyre.fr\/stores-banne-CCN0082\" target=\"_blank\" rel=\"noreferrer noopener\"><strong>store banne<\/strong>\u00a0<\/a>filtre les rayons du soleil et retient 95\u00a0% des U.V. Il vous prot\u00e8ge efficacement contre l\u2019\u00e9blouissement et la chaleur, mais aussi contre les averses. Pensez aussi au module d\u2019extension avec la toile d\u2019ombrage. Vos enfants jouent en toute s\u00e9curit\u00e9 et vous profitez d\u2019un moment de farniente \u00e0 l\u2019ext\u00e9rieur en toute s\u00e9r\u00e9nit\u00e9.<\/p>\r\n\r\n\r\n\r\n<p><br \/>Le store banne vous aide \u00e9galement \u00e0 conserver la fra\u00eecheur de votre maison si vous le placez par exemple au-dessus de la baie vitr\u00e9e de votre salon.<\/p>\r\n\r\n\r\n\r\n<h2 class=\"wp-block-heading\">Le store banne motoris\u00e9, une solution tout confort<\/h2>\r\n\r\n\r\n\r\n<p>Vous pouvez moduler l\u2019inclinaison de votre store de 0 \u00e0 40\u00b0. Selon les mod\u00e8les et votre budget, vous avez le choix entre un store banne manuel ou un store banne motoris\u00e9e (connexion filaire \u00e0 un boitier de commandes ou t\u00e9l\u00e9commande sans fil).<\/p>\r\n\r\n\r\n\r\n<p>Certains stores poss\u00e8dent m\u00eame des capteurs solaires et des capteurs de vent qui d\u00e9termine automatiquement le syst\u00e8me d\u2019ouverture et de fermeture de votre store en fonction des conditions climatiques\u00a0!<\/p>\r\n\r\n\r\n\r\n<h2 class=\"wp-block-heading\">Le store banne finalise le style de votre fa\u00e7ade de maison<\/h2>\r\n\r\n\r\n\r\n<p>En plus d\u2019\u00eatre pratique et fonctionnel, votre\u00a0<strong><a href=\"https:\/\/www.lapeyre.fr\/stores-banne-CCN0082\" target=\"_blank\" rel=\"noreferrer noopener\">store banne<\/a><\/strong>\u00a0donne du cachet \u00e0 votre fa\u00e7ade de maison. Sa toile de store en acrylique \u00ab\u00a0anti-salissure\u00a0\u00bb est disponible en 29 coloris. Ses bras m\u00e9caniques en laqu\u00e9 blanc apportent une touche de simplicit\u00e9 \u00e9l\u00e9gante \u00e0 votre terrasse.<\/p>\r\n\n<p style=\"text-align: center;\"><a class=\"bouton bleu\" id=\"btn-rdv-magazine\" href=\"https:\/\/www.lapeyre.fr\/prise-de-rdv\">Prendre RDV<\/a><\/p>","protected":false},"excerpt":{"rendered":"<p>Votre store banne vous permet de rester au frais sur votre terrasse\u00a0ext\u00e9rieure, m\u00eame en cas de grosse&#8230;<\/p>\n","protected":false},"author":1005,"featured_media":187,"comment_status":"open","ping_status":"open","sticky":false,"template":"","format":"standard","meta":{"_acf_changed":false,"footnotes":""},"categories":[981,979],"tags":[26,27],"class_list":{"2":"type-post","6":"hentry"},"acf":[],"_links":{"self":[{"href":"https:\/\/www.lapeyre.fr\/c\/magazine\/wp-json\/wp\/v2\/posts\/1824","targetHints":{"allow":["GET"]}}],"collection":[{"href":"https:\/\/www.lapeyre.fr\/c\/magazine\/wp-json\/wp\/v2\/posts"}],"about":[{"href":"https:\/\/www.lapeyre.fr\/c\/magazine\/wp-json\/wp\/v2\/types\/post"}],"author":[{"embeddable":true,"href":"https:\/\/www.lapeyre.fr\/c\/magazine\/wp-json\/wp\/v2\/users\/1005"}],"replies":[{"embeddable":true,"href":"https:\/\/www.lapeyre.fr\/c\/magazine\/wp-json\/wp\/v2\/comments?post=1824"}],"version-history":[{"count":0,"href":"https:\/\/www.lapeyre.fr\/c\/magazine\/wp-json\/wp\/v2\/posts\/1824\/revisions"}],"wp:featuredmedia":[{"embeddable":true,"href":"https:\/\/www.lapeyre.fr\/c\/magazine\/wp-json\/wp\/v2\/media\/187"}],"wp:attachment":[{"href":"https:\/\/www.lapeyre.fr\/c\/magazine\/wp-json\/wp\/v2\/media?parent=1824"}],"wp:term":[{"taxonomy":"category","embeddable":true,"href":"https:\/\/www.lapeyre.fr\/c\/magazine\/wp-json\/wp\/v2\/categories?post=1824"},{"taxonomy":"post_tag","embeddable":true,"href":"https:\/\/www.lapeyre.fr\/c\/magazine\/wp-json\/wp\/v2\/tags?post=1824"}],"curies":[{"name":"wp","href":"https:\/\/api.w.org\/{rel}","templated":true}]}}