{"id":185,"date":"2019-10-14T10:29:31","date_gmt":"2019-10-14T08:29:31","guid":{"rendered":"https:\/\/magazine.lapeyre.fr\/?p=185"},"modified":"2025-03-18T14:31:37","modified_gmt":"2025-03-18T13:31:37","slug":"portes-de-placard-pliantes-ou-battantes","status":"publish","type":"post","link":"https:\/\/www.lapeyre.fr\/c\/magazine\/portes-de-placard-pliantes-ou-battantes\/","title":{"rendered":"Les portes de placard : pliantes ou battantes ?"},"content":{"rendered":"\r\n<p><strong>Vous h\u00e9sitez entre des portes pliantes et des portes battantes pour \u00e9quiper votre <a href=\"https:\/\/www.lapeyre.fr\/amenagements-placard-CCN0061\">placard <\/a>? Afin d\u2019y voir plus clair, Lapeyre fait le point sur leurs avantages et contraintes respectifs.<\/strong><\/p>\r\n\r\n\r\n\r\n<h2 class=\"wp-block-heading\"><strong>Les <a href=\"https:\/\/www.lapeyre.fr\/porte-de-placard-battante-CCN642984\">portes battantes<\/a> : r\u00e9sistantes et pratiques<\/strong><\/h2>\r\n\r\n\r\n\r\n<p>Si l\u2019espace ne constitue pas un probl\u00e8me, si vous pr\u00e9f\u00e9rez une d\u00e9co traditionnelle ou si vous souhaitez visualiser l\u2019int\u00e9gralit\u00e9 de votre placard d\u2019un seul coup d\u2019\u0153il, choisissez des portes de placard battantes.<\/p>\r\n\r\n\r\n\r\n<p>Il faut pr\u00e9voir un espace de d\u00e9gagement au moins \u00e9gal \u00e0 la largeur des portes pour pouvoir acc\u00e9der aux rangements, ainsi que des montants r\u00e9sistants pour la pose des \u00e9l\u00e9ments de fixation (charni\u00e8res ou paumelles), indispensables \u00e0 la bonne tenue de ces portes qui seront souvent sollicit\u00e9es.<\/p>\r\n\r\n\r\n\r\n<figure class=\"wp-block-image\"><img loading=\"lazy\" decoding=\"async\" width=\"747\" height=\"1024\" class=\"wp-image-275\" src=\"\/wp-content\/uploads\/2019\/10\/pp2-1-747x1024.jpg\" alt=\"Placard blanc portes battantes\" srcset=\"https:\/\/www.lapeyre.fr\/wp-content\/uploads\/2019\/10\/pp2-1-747x1024.jpg 747w, https:\/\/www.lapeyre.fr\/wp-content\/uploads\/2019\/10\/pp2-1-219x300.jpg 219w, https:\/\/www.lapeyre.fr\/wp-content\/uploads\/2019\/10\/pp2-1-768x1053.jpg 768w, https:\/\/www.lapeyre.fr\/wp-content\/uploads\/2019\/10\/pp2-1.jpg 898w\" sizes=\"auto, (max-width: 747px) 100vw, 747px\" \/><\/figure>\r\n\r\n\r\n\r\n<h2 class=\"wp-block-heading\"><strong>Astuces pour personnaliser<a href=\"https:\/\/www.lapeyre.fr\/portes-placard-CCN0084\"> vos portes<\/a><\/strong><\/h2>\r\n\r\n\r\n\r\n<p>Si vous pr\u00e9f\u00e9rez un style authentique, optez pour le ch\u00eane ou le sapin ! Les portes de placard battantes en sapin sont en bois massif, tandis que celles en ch\u00eane platine sont compos\u00e9es de montants et de traverses en ch\u00eane et de panneaux en agglom\u00e9r\u00e9 rev\u00eatus d\u2019un parement ch\u00eane. En fonction des tons de votre pi\u00e8ce, vous pourrez choisir parmi diff\u00e9rentes couleurs : clair, blanc, gris ou noir.<\/p>\r\n\r\n\r\n\r\n<p>Pour un mod\u00e8le classique ou plus actuel, personnalisez vos portes jusqu\u2019au moindre d\u00e9tail en optant pour des poign\u00e9es de porte qui feront la diff\u00e9rence\u00a0: rondes, carr\u00e9es ou plus classiques, il y en a pour tous les styles\u00a0!<\/p>\r\n\r\n\r\n\r\n<p>Avec nos mod\u00e8les de portes de placard battantes \u00e0 vernir ou \u00e0 peindre, vous vous chargez vous-m\u00eame des finitions. Si vous le souhaitez, les portes peuvent aussi \u00eatre vernies en usine, \u00e0 la demande chez Lapeyre.<\/p>\r\n\r\n\r\n\r\n<h2 class=\"wp-block-heading\"><strong><a href=\"https:\/\/www.lapeyre.fr\/portes-de-placard-pliantes-CCN642986\">Portes pliantes<\/a> : l\u2019atout gain de place<\/strong><\/h2>\r\n\r\n\r\n\r\n<p>Si vous disposez d\u2019un espace r\u00e9duit et souhaitez avoir un acc\u00e8s imm\u00e9diat \u00e0 toute votre garde-robe, installez des portes de placard pliantes. Gr\u00e2ce \u00e0 leur encombrement r\u00e9duit sur l\u2019ext\u00e9rieur, elles conviennent \u00e9galement aux petites largeurs et facilitent l&rsquo;accessibilit\u00e9 \u00e0 la zone de <a href=\"https:\/\/www.lapeyre.fr\/placards-dressing-CCU0005\">rangement<\/a>.<\/p>\r\n\r\n\r\n\r\n<figure class=\"wp-block-image\"><img loading=\"lazy\" decoding=\"async\" width=\"567\" height=\"720\" class=\"wp-image-191\" src=\"\/wp-content\/uploads\/2019\/10\/pp3.jpg\" alt=\"Portes de placard pliantes avec miroir\" srcset=\"https:\/\/www.lapeyre.fr\/wp-content\/uploads\/2019\/10\/pp3.jpg 567w, https:\/\/www.lapeyre.fr\/wp-content\/uploads\/2019\/10\/pp3-236x300.jpg 236w\" sizes=\"auto, (max-width: 567px) 100vw, 567px\" \/><\/figure>\r\n\r\n\r\n\r\n<h2 class=\"wp-block-heading\">Des <a href=\"https:\/\/www.lapeyre.fr\/portes-de-placard-pliantes-CCN642986\">portes pliantes<\/a> contemporaines ou naturelles\u00a0?<\/h2>\r\n\r\n\r\n\r\n<p>Si les portes de placard pliantes sont dot\u00e9es du syst\u00e8me d\u2019ouverture le plus traditionnel, elles permettent de b\u00e9n\u00e9ficier d\u2019a\u00e9rations (porte persienne blanche, cr\u00e8me, caf\u00e9 latte, gris quartz ou gris anthracite) ou encore d\u2019associer une porte color\u00e9e d\u2019un c\u00f4t\u00e9 et miroir de l\u2019autre.<\/p>\r\n\r\n\r\n\r\n<p>C\u00f4t\u00e9 d\u00e9co, un large choix de couleurs et de mat\u00e9riaux existe pour donner du style \u00e0 votre int\u00e9rieur ! Ainsi, <a href=\"https:\/\/www.lapeyre.fr\/portes-de-placard-pliantes-CCN642986\">les portes pliantes <\/a>deviennent contemporaines et tendance avec une couleur flashy, une finition laqu\u00e9e, un d\u00e9cor ch\u00eane cendr\u00e9, ou restent nature avec nos mod\u00e8les en bois (pin brut, \u00e9pic\u00e9a massif) qui jouent la carte du relief.<\/p>\r\n\r\n\r\n\r\n<p>Sobres, distingu\u00e9es ou plus originales, nos portes pliantes vous assurent une finition parfaite pour une d\u00e9co unique et sur-mesure\u00a0!<\/p>\r\n\n<p style=\"text-align: center;\"><a class=\"bouton bleu\" id=\"btn-rdv-magazine\" href=\"https:\/\/www.lapeyre.fr\/prise-de-rdv\">Prendre RDV<\/a><\/p>","protected":false},"excerpt":{"rendered":"<p>Vous h\u00e9sitez entre des portes pliantes et des portes battantes pour \u00e9quiper votre placard ? Afin d\u2019y&#8230;<\/p>\n","protected":false},"author":1008,"featured_media":188,"comment_status":"open","ping_status":"open","sticky":false,"template":"","format":"standard","meta":{"_acf_changed":false,"footnotes":""},"categories":[955,956],"tags":[19,930,935],"class_list":{"2":"type-post","6":"hentry"},"acf":[],"_links":{"self":[{"href":"https:\/\/www.lapeyre.fr\/c\/magazine\/wp-json\/wp\/v2\/posts\/185","targetHints":{"allow":["GET"]}}],"collection":[{"href":"https:\/\/www.lapeyre.fr\/c\/magazine\/wp-json\/wp\/v2\/posts"}],"about":[{"href":"https:\/\/www.lapeyre.fr\/c\/magazine\/wp-json\/wp\/v2\/types\/post"}],"author":[{"embeddable":true,"href":"https:\/\/www.lapeyre.fr\/c\/magazine\/wp-json\/wp\/v2\/users\/1008"}],"replies":[{"embeddable":true,"href":"https:\/\/www.lapeyre.fr\/c\/magazine\/wp-json\/wp\/v2\/comments?post=185"}],"version-history":[{"count":0,"href":"https:\/\/www.lapeyre.fr\/c\/magazine\/wp-json\/wp\/v2\/posts\/185\/revisions"}],"wp:featuredmedia":[{"embeddable":true,"href":"https:\/\/www.lapeyre.fr\/c\/magazine\/wp-json\/wp\/v2\/media\/188"}],"wp:attachment":[{"href":"https:\/\/www.lapeyre.fr\/c\/magazine\/wp-json\/wp\/v2\/media?parent=185"}],"wp:term":[{"taxonomy":"category","embeddable":true,"href":"https:\/\/www.lapeyre.fr\/c\/magazine\/wp-json\/wp\/v2\/categories?post=185"},{"taxonomy":"post_tag","embeddable":true,"href":"https:\/\/www.lapeyre.fr\/c\/magazine\/wp-json\/wp\/v2\/tags?post=185"}],"curies":[{"name":"wp","href":"https:\/\/api.w.org\/{rel}","templated":true}]}}