{"id":2131,"date":"2025-10-13T10:00:01","date_gmt":"2025-10-13T08:00:01","guid":{"rendered":"https:\/\/magazine.lapeyre.fr\/c\/magazine\/?p=2131"},"modified":"2025-10-13T11:51:25","modified_gmt":"2025-10-13T09:51:25","slug":"amenagement-cuisine-studio","status":"publish","type":"post","link":"https:\/\/www.lapeyre.fr\/c\/magazine\/amenagement-cuisine-studio\/","title":{"rendered":"Comment am\u00e9nager une petite cuisine dans un studio ?"},"content":{"rendered":"\r\n<p><b><span data-contrast=\"none\">Vous pr\u00e9voyez de quitter le cocon familial et de louer votre premier studio\u202f? Sachez que la cuisine est une pi\u00e8ce importante \u00e0 prendre en compte. Elle doit ainsi \u00eatre bien agenc\u00e9e afin de pr\u00e9parer vos meilleurs plats pour votre confort quotidien.<\/span><\/b><span data-ccp-props=\"{&quot;134233117&quot;:true,&quot;134233118&quot;:true,&quot;201341983&quot;:0,&quot;335559740&quot;:240}\">\u00a0<\/span><\/p>\r\n<p><span data-contrast=\"none\">Vous pouvez parfaitement disposer d\u2019une cuisine de studio, \u00e0 la fois fonctionnelle et joliment d\u00e9cor\u00e9e. Nous vous proposons des astuces d\u2019am\u00e9nagement et des id\u00e9es pour petite <\/span><a href=\"https:\/\/www.lapeyre.fr\/produits\/cuisine-electromenager\/meuble-cuisine-equipement\/kitchenette\"><span data-contrast=\"none\">kitchenette<\/span><\/a><span data-contrast=\"none\">.<\/span><span data-ccp-props=\"{&quot;134233117&quot;:true,&quot;134233118&quot;:true,&quot;201341983&quot;:0,&quot;335559740&quot;:240}\">\u00a0<\/span><\/p>\r\n<p>&nbsp;<\/p>\r\n<p><img loading=\"lazy\" decoding=\"async\" class=\"wp-image-4611 size-large aligncenter\" src=\"https:\/\/www.lapeyre.fr\/wp-content\/uploads\/2025\/09\/Cuisinette-1024x731.jpg\" alt=\"Cuisinette\" width=\"1024\" height=\"731\" srcset=\"https:\/\/www.lapeyre.fr\/wp-content\/uploads\/2025\/09\/Cuisinette-1024x731.jpg 1024w, https:\/\/www.lapeyre.fr\/wp-content\/uploads\/2025\/09\/Cuisinette-300x214.jpg 300w, https:\/\/www.lapeyre.fr\/wp-content\/uploads\/2025\/09\/Cuisinette-768x548.jpg 768w, https:\/\/www.lapeyre.fr\/wp-content\/uploads\/2025\/09\/Cuisinette-1536x1097.jpg 1536w, https:\/\/www.lapeyre.fr\/wp-content\/uploads\/2025\/09\/Cuisinette-1920x1371.jpg 1920w, https:\/\/www.lapeyre.fr\/wp-content\/uploads\/2025\/09\/Cuisinette.jpg 2000w\" sizes=\"auto, (max-width: 1024px) 100vw, 1024px\" \/><\/p>\r\n<h2><b><span data-contrast=\"none\">Les indispensables pour\u202fl\u2019am\u00e9nagement d\u2019une cuisine dans un studio<\/span><\/b><span data-ccp-props=\"{&quot;134233117&quot;:true,&quot;134233118&quot;:true,&quot;201341983&quot;:0,&quot;335559740&quot;:240}\">\u00a0<\/span><\/h2>\r\n<p><span data-contrast=\"none\">Votre\u202f<\/span><b><span data-contrast=\"none\">cuisine de studio doit tout d\u2019abord \u00eatre fonctionnelle<\/span><\/b><span data-contrast=\"none\">. D\u00e9couvrez quelques conseils utiles et nos solutions d\u2019am\u00e9nagement pour petits espaces.\u202f<\/span><span data-ccp-props=\"{&quot;134233117&quot;:true,&quot;134233118&quot;:true,&quot;201341983&quot;:0,&quot;335559740&quot;:240}\">\u00a0<\/span><\/p>\r\n<h3><b><span data-contrast=\"none\">\u00ab\u202fLe triangle d\u2019activit\u00e9\u202f\u00bb<\/span><\/b><span data-ccp-props=\"{&quot;134233117&quot;:true,&quot;134233118&quot;:true,&quot;201341983&quot;:0,&quot;335559740&quot;:240}\">\u00a0<\/span><\/h3>\r\n<p><span data-contrast=\"none\">Quelle que soit la taille de votre cuisine, vous devez respecter le \u00ab\u202ftriangle d\u2019activit\u00e9\u202f\u00bb. Ce dernier comprend les trois zones les plus exploit\u00e9es lors de la pr\u00e9paration des repas\u202f: <\/span><a href=\"https:\/\/www.lapeyre.fr\/produits\/cuisine-electromenager\/plan-travail-cuisine\"><span data-contrast=\"none\">plan de travail de cuisine<\/span><\/a><span data-contrast=\"none\">, <\/span><a href=\"https:\/\/www.lapeyre.fr\/produits\/cuisine-electromenager\/electromenager-lots\/table-cuisson\"><span data-contrast=\"none\">l\u2019espace cuisson<\/span><\/a><span data-contrast=\"none\"> et <\/span><a href=\"https:\/\/www.lapeyre.fr\/produits\/cuisine-electromenager\/evier-robinetterie\/evier-cuisine\"><span data-contrast=\"none\">un \u00e9vier de cuisine<\/span><\/a><span data-contrast=\"none\">.<\/span><span data-ccp-props=\"{&quot;134233117&quot;:true,&quot;134233118&quot;:true,&quot;201341983&quot;:0,&quot;335559740&quot;:240}\">\u00a0<\/span><\/p>\r\n<p><span data-contrast=\"none\">Veillez \u00e0 \u00e9tablir une distance similaire entre ces trois p\u00f4les. C\u2019est plus pratique\u202f: cela vous permet de cuisiner et de ranger votre mat\u00e9riel de cuisine rapidement.<\/span><span data-ccp-props=\"{&quot;134233117&quot;:true,&quot;134233118&quot;:true,&quot;201341983&quot;:0,&quot;335559740&quot;:240}\">\u00a0<\/span><\/p>\r\n<p><span data-contrast=\"none\">N\u2019h\u00e9sitez pas \u00e0 consulter nos experts pour b\u00e9n\u00e9ficier de conseils d\u2019am\u00e9nagement pour votre cuisine de studio. Ils sauront vous aider dans votre choix de plan de travail, de meubles multifonctions ou encore de rangements optimis\u00e9s. Nous disposons \u00e9galement de cuisines compl\u00e8tes pour studios.<\/span><span data-ccp-props=\"{&quot;134233117&quot;:true,&quot;134233118&quot;:true,&quot;201341983&quot;:0,&quot;335559740&quot;:240}\">\u00a0<\/span><\/p>\r\n<h3><b><span data-contrast=\"none\">La cr\u00e9dence en inox<\/span><\/b><span data-ccp-props=\"{&quot;134233117&quot;:true,&quot;134233118&quot;:true,&quot;201341983&quot;:0,&quot;335559740&quot;:240}\">\u00a0<\/span><\/h3>\r\n<p><span data-contrast=\"none\">Pour faciliter l\u2019entretien quotidien de votre cuisine de studio,\u202f<\/span><b><span data-contrast=\"none\">optez pour une <\/span><\/b><a href=\"https:\/\/www.lapeyre.fr\/produits\/cuisine-electromenager\/carrelage-cuisine-credence\/credence\"><b><span data-contrast=\"none\">cr\u00e9dence en inox<\/span><\/b><\/a><b><span data-contrast=\"none\"> sur mesure<\/span><\/b><span data-contrast=\"none\">.<\/span><span data-ccp-props=\"{&quot;134233117&quot;:true,&quot;134233118&quot;:true,&quot;201341983&quot;:0,&quot;335559740&quot;:240}\">\u00a0<\/span><\/p>\r\n<p><span data-contrast=\"none\">Ce type d\u2019\u00e9quipement est robuste et esth\u00e9tique. La cr\u00e9dence se nettoie facilement avec un produit m\u00e9nager, et en sus, sa mise en place est particuli\u00e8rement simple.<\/span><span data-ccp-props=\"{&quot;134233117&quot;:true,&quot;134233118&quot;:true,&quot;201341983&quot;:0,&quot;335559740&quot;:240}\">\u00a0<\/span><\/p>\r\n<h3><b><span data-contrast=\"none\">La hotte aspirante<\/span><\/b><span data-ccp-props=\"{&quot;134233117&quot;:true,&quot;134233118&quot;:true,&quot;201341983&quot;:0,&quot;335559740&quot;:240}\">\u00a0<\/span><\/h3>\r\n<p><b><span data-contrast=\"none\">Munissez \u00e9galement votre cuisine de studio d\u2019une <\/span><\/b><a href=\"https:\/\/www.lapeyre.fr\/produits\/cuisine-electromenager\/electromenager-lots\/hotte\"><b><span data-contrast=\"none\">hotte aspirante<\/span><\/b><\/a><span data-contrast=\"none\">. Elle vous d\u00e9barrassera des odeurs de cuissons.<\/span><span data-ccp-props=\"{&quot;134233117&quot;:true,&quot;134233118&quot;:true,&quot;201341983&quot;:0,&quot;335559740&quot;:240}\">\u00a0<\/span><\/p>\r\n<p><span data-contrast=\"none\">Pour les espaces les plus restreints, le fond de hotte peut remplacer la cr\u00e9dence. Il se fixe derri\u00e8re la plaque de cuisson, pour prot\u00e9ger le mur des \u00e9claboussures.<\/span><span data-ccp-props=\"{&quot;134233117&quot;:true,&quot;134233118&quot;:true,&quot;201341983&quot;:0,&quot;335559740&quot;:240}\">\u00a0<\/span><\/p>\r\n<p><span data-contrast=\"none\">Enfin, pour un maximum de confort dans votre coin cuisine, pr\u00e9voyez un \u00e9clairage global suffisamment intense. Vous pouvez \u00e9galement cibler les zones d\u2019activit\u00e9s principales avec <\/span><a href=\"https:\/\/www.lapeyre.fr\/produits\/cuisine-electromenager\/meuble-cuisine-equipement\/spot-eclairage-cuisine\"><span data-contrast=\"none\">des spots et \u00e9clairages de cuisine<\/span><\/a><span data-contrast=\"none\">.<\/span><span data-ccp-props=\"{&quot;134233117&quot;:true,&quot;134233118&quot;:true,&quot;201341983&quot;:0,&quot;335559740&quot;:240}\">\u00a0<\/span><\/p>\r\n<h3><b><span data-contrast=\"none\">Le mobilier<\/span><\/b><span data-ccp-props=\"{&quot;134233117&quot;:true,&quot;134233118&quot;:true,&quot;201341983&quot;:0,&quot;335559740&quot;:240}\">\u00a0<\/span><\/h3>\r\n<p><span data-contrast=\"none\">Gardez votre\u202fespace cuisine de studio<\/span> <span data-contrast=\"none\">ordonn\u00e9. Installez des placards hauts ou des \u00e9tag\u00e8res en hauteur. Pensez aussi \u00e0 utiliser des crochets et barres de cr\u00e9dence pour suspendre vos accessoires afin de gagner de l\u2019espace. Il est important de choisir des meubles multifonctions pour optimiser le rangement de vos produits.\u00a0<\/span><span data-ccp-props=\"{&quot;134233117&quot;:true,&quot;134233118&quot;:true,&quot;201341983&quot;:0,&quot;335559740&quot;:240}\">\u00a0<\/span><\/p>\r\n<p><span data-contrast=\"none\">Les cuisines compl\u00e8tes pour studio sont une solution pr\u00e9conis\u00e9e. Elles sont sp\u00e9cialement con\u00e7ues pour recevoir des \u00e9lectrom\u00e9nagers encastrables, et poss\u00e8dent d\u00e9j\u00e0 de nombreux rangements pour vos diff\u00e9rents produits. M\u00eame dans une petite cuisine ou kitchenette, vous pouvez choisir la d\u00e9co qui vous plait. Pour un style scandinave, par exemple,\u202f<\/span><a href=\"https:\/\/www.lapeyre.fr\/c\/magazine\/inspirations-tendances\/idees-cuisine-blanche-bois\/\"><span data-contrast=\"none\">optez pour du mobilier blanc et en bois<\/span><\/a><span data-contrast=\"none\">.<\/span><span data-ccp-props=\"{&quot;134233117&quot;:true,&quot;134233118&quot;:true,&quot;201341983&quot;:0,&quot;335559740&quot;:240}\">\u00a0<\/span><\/p>\r\n<h2><b><span data-contrast=\"none\">Nos id\u00e9es pour les petites cuisines de studio<\/span><\/b><span data-ccp-props=\"{&quot;134233117&quot;:true,&quot;134233118&quot;:true,&quot;201341983&quot;:0,&quot;335559740&quot;:240}\">\u00a0<\/span><\/h2>\r\n<p><span data-contrast=\"none\">Faites preuve d\u2019ing\u00e9niosit\u00e9 pour agencer la cuisine de votre studio\u202f!<\/span><span data-ccp-props=\"{&quot;134233117&quot;:true,&quot;134233118&quot;:true,&quot;201341983&quot;:0,&quot;335559740&quot;:240}\">\u00a0<\/span><\/p>\r\n<p><span data-contrast=\"none\">Et si vous disposez d\u2019une pi\u00e8ce de plus de 30m\u00b2 (salon + cuisine), trois solutions sont envisageables.<\/span><span data-ccp-props=\"{&quot;134233117&quot;:true,&quot;134233118&quot;:true,&quot;201341983&quot;:0,&quot;335559740&quot;:240}\">\u00a0<\/span><\/p>\r\n<ol>\r\n<li aria-setsize=\"-1\" data-leveltext=\"%1.\" data-font=\"Calibri\" data-listid=\"65\" data-list-defn-props=\"{&quot;335552541&quot;:0,&quot;335559685&quot;:720,&quot;335559991&quot;:360,&quot;469769242&quot;:[65533,0],&quot;469777803&quot;:&quot;left&quot;,&quot;469777804&quot;:&quot;%1.&quot;,&quot;469777815&quot;:&quot;multilevel&quot;}\" data-aria-posinset=\"1\" data-aria-level=\"1\"><span data-contrast=\"none\">Il existe des \u00ab\u202fcubes\u202f\u00bb en bois m\u00e9lamin\u00e9 ou stratifi\u00e9 qui permettent d\u2019abriter meubles et \u00e9lectrom\u00e9nagers de cuisine. Laissez un espace entre les 2 blocs pour pouvoir circuler\u202f; et voil\u00e0, votre cuisine de studio est cr\u00e9\u00e9e\u202f!<\/span><span data-ccp-props=\"{&quot;134233117&quot;:true,&quot;134233118&quot;:true,&quot;201341983&quot;:0,&quot;335559740&quot;:240}\">\u00a0<\/span><\/li>\r\n<\/ol>\r\n<ol>\r\n<li aria-setsize=\"-1\" data-leveltext=\"%1.\" data-font=\"Calibri\" data-listid=\"65\" data-list-defn-props=\"{&quot;335552541&quot;:0,&quot;335559685&quot;:720,&quot;335559991&quot;:360,&quot;469769242&quot;:[65533,0],&quot;469777803&quot;:&quot;left&quot;,&quot;469777804&quot;:&quot;%1.&quot;,&quot;469777815&quot;:&quot;multilevel&quot;}\" data-aria-posinset=\"2\" data-aria-level=\"1\"><span data-contrast=\"none\">Un\u202f<\/span><a href=\"https:\/\/www.lapeyre.fr\/c\/magazine\/inspirations-tendances\/idees-cuisine-verriere\/\"><span data-contrast=\"none\">espace s\u00e9par\u00e9 par une verri\u00e8re est aussi id\u00e9al<\/span><\/a><span data-contrast=\"none\">. Installez votre cuisine dans un recoin de votre studio <\/span><b><span data-contrast=\"none\">et\u202fplacez une verri\u00e8re, pour la s\u00e9parer du reste de l\u2019espace.<\/span><\/b><span data-ccp-props=\"{&quot;134233117&quot;:true,&quot;134233118&quot;:true,&quot;201341983&quot;:0,&quot;335559740&quot;:240}\">\u00a0<\/span><\/li>\r\n<\/ol>\r\n<ol>\r\n<li aria-setsize=\"-1\" data-leveltext=\"%1.\" data-font=\"Calibri\" data-listid=\"65\" data-list-defn-props=\"{&quot;335552541&quot;:0,&quot;335559685&quot;:720,&quot;335559991&quot;:360,&quot;469769242&quot;:[65533,0],&quot;469777803&quot;:&quot;left&quot;,&quot;469777804&quot;:&quot;%1.&quot;,&quot;469777815&quot;:&quot;multilevel&quot;}\" data-aria-posinset=\"3\" data-aria-level=\"1\"><span data-contrast=\"none\">Pour dissocier votre cuisine du salon, am\u00e9nagez un petit bar. Int\u00e9grez des placards \u00e0 l\u2019\u00eelot pour ranger vos accessoires et produits de cuisine.<\/span><span data-ccp-props=\"{&quot;134233117&quot;:true,&quot;134233118&quot;:true,&quot;201341983&quot;:0,&quot;335559740&quot;:240}\">\u00a0<\/span><\/li>\r\n<\/ol>\r\n<p><span data-contrast=\"none\">Ces solutions vous permettent de d\u00e9limiter votre espace cuisine sans cloisonner votre joli studio\u202f!<\/span><span data-ccp-props=\"{&quot;134233117&quot;:true,&quot;134233118&quot;:true,&quot;201341983&quot;:0,&quot;335559740&quot;:240}\">\u00a0<\/span><\/p>\r\n<p><span data-contrast=\"none\">Si vous avez des doutes quant \u00e0 votre projet d\u2019am\u00e9nagement de cuisine de studio, n\u2019h\u00e9sitez pas \u00e0 demander conseil en magasin ou \u00e0 prendre un rendez-vous en ligne. Les experts Lapeyre seront ravis de r\u00e9pondre \u00e0 toutes vos interrogations afin de mener \u00e0 bien votre projet. Que vous ayez un appartement, un studio ou une maison, Lapeyre saura vous proposer une solution adapt\u00e9e pour votre cuisine ou kitchenette. <\/span><span data-contrast=\"none\">Gr\u00e2ce \u00e0 nos conseils, v<\/span><span data-contrast=\"none\">ous aurez un coin cuisine fonctionnel et convivial<\/span><span data-contrast=\"none\">, avec un excellent rapport qualit\u00e9-prix.<\/span><span data-ccp-props=\"{&quot;134233117&quot;:true,&quot;134233118&quot;:true,&quot;201341983&quot;:0,&quot;335559740&quot;:240}\">\u00a0<\/span><\/p>\r\n\r\n\r\n\r\n\r\n\n<p style=\"text-align: center;\"><a class=\"bouton bleu\" id=\"btn-rdv-magazine\" href=\"https:\/\/www.lapeyre.fr\/prise-de-rdv\">Prendre RDV<\/a><\/p>","protected":false},"excerpt":{"rendered":"<p>Vous pr\u00e9voyez de quitter le cocon familial et de louer votre premier studio\u202f? Sachez que la cuisine&#8230;<\/p>\n","protected":false},"author":1005,"featured_media":4611,"comment_status":"open","ping_status":"open","sticky":false,"template":"","format":"standard","meta":{"_acf_changed":false,"footnotes":""},"categories":[966,963],"tags":[5],"class_list":{"2":"type-post","6":"hentry"},"acf":[],"_links":{"self":[{"href":"https:\/\/www.lapeyre.fr\/c\/magazine\/wp-json\/wp\/v2\/posts\/2131","targetHints":{"allow":["GET"]}}],"collection":[{"href":"https:\/\/www.lapeyre.fr\/c\/magazine\/wp-json\/wp\/v2\/posts"}],"about":[{"href":"https:\/\/www.lapeyre.fr\/c\/magazine\/wp-json\/wp\/v2\/types\/post"}],"author":[{"embeddable":true,"href":"https:\/\/www.lapeyre.fr\/c\/magazine\/wp-json\/wp\/v2\/users\/1005"}],"replies":[{"embeddable":true,"href":"https:\/\/www.lapeyre.fr\/c\/magazine\/wp-json\/wp\/v2\/comments?post=2131"}],"version-history":[{"count":0,"href":"https:\/\/www.lapeyre.fr\/c\/magazine\/wp-json\/wp\/v2\/posts\/2131\/revisions"}],"wp:featuredmedia":[{"embeddable":true,"href":"https:\/\/www.lapeyre.fr\/c\/magazine\/wp-json\/wp\/v2\/media\/4611"}],"wp:attachment":[{"href":"https:\/\/www.lapeyre.fr\/c\/magazine\/wp-json\/wp\/v2\/media?parent=2131"}],"wp:term":[{"taxonomy":"category","embeddable":true,"href":"https:\/\/www.lapeyre.fr\/c\/magazine\/wp-json\/wp\/v2\/categories?post=2131"},{"taxonomy":"post_tag","embeddable":true,"href":"https:\/\/www.lapeyre.fr\/c\/magazine\/wp-json\/wp\/v2\/tags?post=2131"}],"curies":[{"name":"wp","href":"https:\/\/api.w.org\/{rel}","templated":true}]}}