{"id":2242,"date":"2020-10-27T17:40:43","date_gmt":"2020-10-27T16:40:43","guid":{"rendered":"https:\/\/magazine.lapeyre.fr\/c\/magazine\/?p=2242"},"modified":"2025-02-17T13:48:57","modified_gmt":"2025-02-17T12:48:57","slug":"renovation-parquet","status":"publish","type":"post","link":"https:\/\/www.lapeyre.fr\/c\/magazine\/renovation-parquet\/","title":{"rendered":"R\u00e9nover son parquet : le guide \u00e0 appliquer"},"content":{"rendered":"\r\n<p>Le <a href=\"https:\/\/www.lapeyre.fr\/parquets-CCN0071\">parquet<\/a> est un rev\u00eatement de sol \u00e9l\u00e9gant et authentique id\u00e9al pour de nombreux styles d\u2019int\u00e9rieurs. Gr\u00e2ce aux diverses finitions, vous avez l\u2019opportunit\u00e9 de mettre en avant votre propre univers. Cependant avec le temps et malgr\u00e9 son <a href=\"https:\/\/www.lapeyre.fr\/c\/magazine\/expertises-tutoriels\/entretien-parquet\/\">entretien r\u00e9gulier<\/a>, votre parquet perd son \u00e9clat et son cachet. \u00c0 cet effet, il est important de le r\u00e9nover. Zoom sur la r\u00e9novation de parquet.<\/p>\r\n\r\n\r\n\r\n<figure class=\"wp-block-image size-large\"><img loading=\"lazy\" decoding=\"async\" width=\"655\" height=\"1024\" class=\"wp-image-2243\" src=\"https:\/\/magazine.lapeyre.fr\/wp-content\/uploads\/2020\/10\/parquet-vanne-655x1024.jpg\" alt=\"Parquet contrecoll\u00e9 \u00e0 clipser aspect authentique\" srcset=\"https:\/\/www.lapeyre.fr\/wp-content\/uploads\/2020\/10\/parquet-vanne-655x1024.jpg 655w, https:\/\/www.lapeyre.fr\/wp-content\/uploads\/2020\/10\/parquet-vanne-192x300.jpg 192w, https:\/\/www.lapeyre.fr\/wp-content\/uploads\/2020\/10\/parquet-vanne-768x1201.jpg 768w, https:\/\/www.lapeyre.fr\/wp-content\/uploads\/2020\/10\/parquet-vanne-982x1536.jpg 982w, https:\/\/www.lapeyre.fr\/wp-content\/uploads\/2020\/10\/parquet-vanne.jpg 1000w\" sizes=\"auto, (max-width: 655px) 100vw, 655px\" \/><\/figure>\r\n\r\n\r\n\r\n<h2 class=\"wp-block-heading\">Les \u00e9tapes \u00e0 suivre pour r\u00e9nover un parquet<\/h2>\r\n\r\n\r\n\r\n<p>Il faut suivre un processus pr\u00e9cis lors de la r\u00e9novation de parquet.<\/p>\r\n\r\n\r\n\r\n<h3 class=\"wp-block-heading\">1. Le pon\u00e7age<\/h3>\r\n\r\n\r\n\r\n<p>Le pon\u00e7age est une \u00e9tape importante pour correctement r\u00e9nover un parquet. En effet, <strong>il est indispensable d\u2019avoir une surface bien lisse pour pouvoir proc\u00e9der \u00e0 la suite des travaux<\/strong>. Privil\u00e9giez cependant une ponceuse m\u00e9canique, et r\u00e9alisez un pon\u00e7age dans le sens de la lumi\u00e8re ou dans le sens des lames.<\/p>\r\n\r\n\r\n\r\n<p>Pour un parquet \u00e0 chevrons, il est primordial de poncer en diagonale dans le sens des lames, tandis que pour un parquet \u00e0 l\u2019anglaise, il faut travailler dans le sens du bois.<\/p>\r\n\r\n\r\n\r\n<p><strong>Bon \u00e0 savoir<\/strong>\u00a0: un parquet ponc\u00e9 est sensible aux salissures, d\u2019o\u00f9 l\u2019int\u00e9r\u00eat de prendre des pr\u00e9cautions pour \u00e9viter toutes taches. <strong>Si le parquet pr\u00e9sente avant le pon\u00e7age des taches r\u00e9calcitrantes, appliquez dessus un d\u00e9tachant pour bois<\/strong>.<\/p>\r\n\r\n\r\n\r\n<h3 class=\"wp-block-heading\">2. La protection des plinthes et le bas des murs<\/h3>\r\n\r\n\r\n\r\n<p>Cette \u00e9tape \u00e9vite tout d\u00e9bordement lors de l\u2019application du vitrificateur sur les bords du parquet. Pour ce faire, <strong>il faut les recouvrir de ruban de masquage<\/strong>.<\/p>\r\n\r\n\r\n\r\n<h3 class=\"wp-block-heading\">3. La vitrification<\/h3>\r\n\r\n\r\n\r\n<p>Vernir un parquet demande beaucoup de pr\u00e9cautions. Avant de commencer, assurez-vous que le bois n\u2019a pas un taux d\u2019humidit\u00e9 sup\u00e9rieure \u00e0 10 %, car si le taux est plus sup\u00e9rieur, la vitrification devient impossible. Veillez ensuite \u00e0 \u00e9teindre votre chauffage le jour du vernissage et assurez-vous que la pi\u00e8ce ait une temp\u00e9rature comprise entre 12 et 25 \u00b0C.<\/p>\r\n\r\n\r\n\r\n<p>Une fois toutes les conditions respect\u00e9es, vous pouvez passer \u00e0 la vitrification en elle-m\u00eame. Pour ce faire, il faut proc\u00e9der \u00e0 un m\u00e9lange du produit avant de l\u2019appliquer. <strong>Trois couches bien garnies sont n\u00e9cessaires pour assurer sa qualit\u00e9<\/strong>. Il faut laisser s\u00e9cher chaque couche pendant deux heures et r\u00e9aliser un pon\u00e7age doux.<\/p>\r\n\r\n\r\n\r\n<p>\u00c0 la fin de l\u2019application des couches, prenez soin de\u00a0:<\/p>\r\n\r\n\r\n\r\n<ul>\r\n<li>ne pas couvrir le parquet de tapis durant les 10 premiers jours.<\/li>\r\n<li>ne pas tra\u00eener les meubles.<\/li>\r\n<li>d\u00e9poser un paillasson pour \u00e9liminer les sables et gravillons.<\/li>\r\n<li>\u00e9viter l\u2019eau qui peut stagner sur le parquet.<\/li>\r\n<\/ul>\r\n\r\n\r\n\r\n<p>Pour \u00eatre efficace dans vos travaux, <strong>d\u00e9butez la vitrification par le c\u00f4t\u00e9 oppos\u00e9 \u00e0 la porte d\u2019entr\u00e9e<\/strong>. Cela vous \u00e9vite de marcher sur votre parquet fra\u00eechement vernis et de ruiner tous vos efforts. R\u00e9nover un <a href=\"https:\/\/www.lapeyre.fr\/parquets-CCN0071\">parquet<\/a> est par cons\u00e9quent une t\u00e2che facile \u00e0 r\u00e9aliser si toutes les \u00e9tapes sont suivies et scrupuleusement respect\u00e9es.<\/p>\r\n\n<p style=\"text-align: center;\"><a class=\"bouton bleu\" id=\"btn-rdv-magazine\" href=\"https:\/\/www.lapeyre.fr\/prise-de-rdv\">Prendre RDV<\/a><\/p>","protected":false},"excerpt":{"rendered":"<p>Le parquet est un rev\u00eatement de sol \u00e9l\u00e9gant et authentique id\u00e9al pour de nombreux styles d\u2019int\u00e9rieurs. Gr\u00e2ce&#8230;<\/p>\n","protected":false},"author":1005,"featured_media":2243,"comment_status":"open","ping_status":"open","sticky":false,"template":"","format":"standard","meta":{"_acf_changed":false,"footnotes":""},"categories":[976,975],"tags":[18,25,928,931],"class_list":{"2":"type-post","6":"hentry"},"acf":[],"_links":{"self":[{"href":"https:\/\/www.lapeyre.fr\/c\/magazine\/wp-json\/wp\/v2\/posts\/2242","targetHints":{"allow":["GET"]}}],"collection":[{"href":"https:\/\/www.lapeyre.fr\/c\/magazine\/wp-json\/wp\/v2\/posts"}],"about":[{"href":"https:\/\/www.lapeyre.fr\/c\/magazine\/wp-json\/wp\/v2\/types\/post"}],"author":[{"embeddable":true,"href":"https:\/\/www.lapeyre.fr\/c\/magazine\/wp-json\/wp\/v2\/users\/1005"}],"replies":[{"embeddable":true,"href":"https:\/\/www.lapeyre.fr\/c\/magazine\/wp-json\/wp\/v2\/comments?post=2242"}],"version-history":[{"count":0,"href":"https:\/\/www.lapeyre.fr\/c\/magazine\/wp-json\/wp\/v2\/posts\/2242\/revisions"}],"wp:featuredmedia":[{"embeddable":true,"href":"https:\/\/www.lapeyre.fr\/c\/magazine\/wp-json\/wp\/v2\/media\/2243"}],"wp:attachment":[{"href":"https:\/\/www.lapeyre.fr\/c\/magazine\/wp-json\/wp\/v2\/media?parent=2242"}],"wp:term":[{"taxonomy":"category","embeddable":true,"href":"https:\/\/www.lapeyre.fr\/c\/magazine\/wp-json\/wp\/v2\/categories?post=2242"},{"taxonomy":"post_tag","embeddable":true,"href":"https:\/\/www.lapeyre.fr\/c\/magazine\/wp-json\/wp\/v2\/tags?post=2242"}],"curies":[{"name":"wp","href":"https:\/\/api.w.org\/{rel}","templated":true}]}}