{"id":2382,"date":"2025-09-21T16:55:45","date_gmt":"2025-09-21T14:55:45","guid":{"rendered":"https:\/\/magazine.lapeyre.fr\/c\/magazine\/?p=2382"},"modified":"2025-10-03T10:02:08","modified_gmt":"2025-10-03T08:02:08","slug":"fenetre-toit","status":"publish","type":"post","link":"https:\/\/www.lapeyre.fr\/c\/magazine\/fenetre-toit\/","title":{"rendered":"Installer une fen\u00eatre de toit : combien \u00e7a co\u00fbte ?"},"content":{"rendered":"\r\n<p><strong>Installer une fen\u00eatre de toit : suivez le guide\u00a0!<\/strong><\/p>\r\n<p>Les fen\u00eatres de toit, aussi appel\u00e9es velux, sont un incontournable des int\u00e9rieurs modernes et des propri\u00e9taires cherchant \u00e0 augmenter la lumi\u00e8re naturelle et le confort dans leur maison. Sachez que si leur installation soi-m\u00eame est possible sous certaines conditions, Lapeyre vous recommande vivement de faire appel \u00e0 un professionnel.<\/p>\r\n<p><img loading=\"lazy\" decoding=\"async\" class=\"size-medium wp-image-4428 aligncenter\" src=\"https:\/\/www.lapeyre.fr\/wp-content\/uploads\/2020\/12\/202234105_HD-300x200.jpg\" alt=\"202234105 hd\" width=\"300\" height=\"200\" srcset=\"https:\/\/www.lapeyre.fr\/wp-content\/uploads\/2020\/12\/202234105_HD-300x200.jpg 300w, https:\/\/www.lapeyre.fr\/wp-content\/uploads\/2020\/12\/202234105_HD-1024x682.jpg 1024w, https:\/\/www.lapeyre.fr\/wp-content\/uploads\/2020\/12\/202234105_HD-768x512.jpg 768w, https:\/\/www.lapeyre.fr\/wp-content\/uploads\/2020\/12\/202234105_HD.jpg 1280w\" sizes=\"auto, (max-width: 300px) 100vw, 300px\" \/><\/p>\r\n<h2>Combien co\u00fbte la fen\u00eatre de toit ?<\/h2>\r\n<h3>Le type d\u2019ouverture<\/h3>\r\n<p>Le type d\u2019ouverture est d\u00e9terminant sur le co\u00fbt d\u2019une fen\u00eatre de toit. Un mod\u00e8le fixe ne s\u2019ouvre pas, mais laisse seulement passer la lumi\u00e8re. Ce type de fen\u00eatre co\u00fbte g\u00e9n\u00e9ralement moins cher qu\u2019un mod\u00e8le ouvrant.<\/p>\r\n<p>Le prix d\u2019un velux ouvrant d\u00e9pend de son syst\u00e8me d\u2019ouverture. Chez Lapeyre, les mod\u00e8les \u00e0 rotation affichent g\u00e9n\u00e9ralement des prix compris entre 150 et 1100 euros. Les fen\u00eatres de toit \u00e0 projection vous sont quant \u00e0 elle propos\u00e9es entre 740 et 960 euros. Notez que ces prix sont donn\u00e9s \u00e0 titre indicatif et peuvent \u00e9voluer en fonction du catalogue produit.<\/p>\r\n<h3>L\u2019isolation<\/h3>\r\n<p>Le prix d\u2019une fen\u00eatre de toit ou d\u2019un <a href=\"https:\/\/www.lapeyre.fr\/produits\/menuiserie-porte-fenetre\/velux-lucarne\/velux-fenetre-toit\">velux<\/a> peut \u00e9galement grimper selon sa capacit\u00e9 isolante. Un velux tr\u00e8s isolant sur le plan phonique, acoustique et thermique sera forc\u00e9ment plus on\u00e9reux qu\u2019un mod\u00e8le n\u2019assurant pas le m\u00eame niveau d\u2019isolation.<\/p>\r\n<p>Chez Lapeyre, nous proposons des produits b\u00e9n\u00e9ficiant d\u2019une bonne (voire tr\u00e8s bonne) capacit\u00e9 d\u2019isolation. N\u2019h\u00e9sitez pas \u00e0 consulter notre catalogue produits et, si besoin, demander conseil \u00e0 nos experts qui seront ravis de vous aider dans votre projet menuiserie.<\/p>\r\n<h2>Comment proc\u00e9der \u00e0 l\u2019installation de la fen\u00eatre de toit soi-m\u00eame ?<\/h2>\r\n<p>Bien qu\u2019installer une fen\u00eatre de toit ou un velux soi-m\u00eame soit possible, \u00e0 condition de respecter des r\u00e8gles tr\u00e8s strictes et de s\u2019y conna\u00eetre en travaux de toiture avanc\u00e9s, cela n\u2019est pas recommand\u00e9. L\u2019installation de la fen\u00eatre de toit comporte des risques : chutes, fuites, affaiblissement de la toiture ou encore probl\u00e8mes li\u00e9s \u00e0 l\u2019assurance, aux travaux. Lapeyre vous recommande de ne prendre aucun risque et de confier cette op\u00e9ration \u00e0 un expert de la menuiserie qui pourra, avec son \u00e9quipement professionnel, r\u00e9aliser l\u2019ouverture dans la toiture sans aucun risque.<\/p>\r\n<p>L\u2019expert en question tracera les dimensions de votre future fen\u00eatre de toit, proc\u00e9dera \u00e0 la d\u00e9coupe de la toiture, mettra en place le chev\u00eatre, installera la fen\u00eatre de toit. Il placera ensuite le syst\u00e8me d\u2019\u00e9tanch\u00e9it\u00e9 et replacera les tuiles autour du velux. Si vous en avez un, il pourra enfin poser votre <a href=\"https:\/\/www.lapeyre.fr\/produits\/menuiserie-porte-fenetre\/velux-lucarne\/raccord-pour-fenetre-toit\">raccord de velux<\/a>.<\/p>\r\n<h2>Combien co\u00fbte l\u2019installation d\u2019une fen\u00eatre de toit par un professionnel\u2009?<\/h2>\r\n<p>G\u00e9n\u00e9ralement, l\u2019installation d\u2019une fen\u00eatre de toit co\u00fbte entre 200 et 1\u2009000 euros selon le type de fen\u00eatre, ainsi que l\u2019am\u00e9nagement n\u00e9cessaire.<\/p>\r\n<p>La pente cr\u00e9\u00e9e par la toiture et la surface de travail sont d\u00e9terminantes dans le prix final de l\u2019intervention. Notez que, pour que votre projet prenne vie, il est indispensable de consulter la r\u00e9glementation en vigueur dans votre commune.<\/p>\r\n<p>Votre nouvelle fen\u00eatre de toit peut tout \u00e0 fait \u00eatre install\u00e9e par un expert Lapeyre ! D\u00e9couvrez ici nos <a href=\"https:\/\/www.lapeyre.fr\/c\/services\/installation-lapeyre\">services de pose<\/a>.<\/p>\r\n<h2>Les aides financi\u00e8res pour l\u2019installation de fen\u00eatres de toit<\/h2>\r\n<p>L\u2019\u00c9tat incite de plus en plus les travaux de r\u00e9novation focalis\u00e9s vers la transition \u00e9nerg\u00e9tique. Un point que l\u2019on peut obtenir avec la pose d\u2019une fen\u00eatre de toit. <strong>Par cons\u00e9quent, la pose de ce type de menuiserie peut ouvrir la porte \u00e0 des aides financi\u00e8res :<\/strong><\/p>\r\n<p>\u00b7 R\u00e9duction de la TVA.<\/p>\r\n<p>\u00b7 Aide MaPrimeR\u00e9nov.<\/p>\r\n<p>\u00b7 CITE (Cr\u00e9dit d\u2019imp\u00f4t transition \u00e9nerg\u00e9tique).<\/p>\r\n<p>\u00b7 EPT Z\u00e9ro (\u00e9copr\u00eat \u00e0 taux z\u00e9ro).<\/p>\r\n<p>Pour obtenir ces aides pour installer vos fen\u00eatres de toit, vous devrez respecter certaines conditions qui peuvent varier selon l\u2019aide (travaux r\u00e9alis\u00e9s par une entreprise RGE, logement achev\u00e9 depuis plus de deux ans, installation visant \u00e0 am\u00e9liorer l\u2019isolation thermique\u2026).<\/p>\r\n<p>Les experts Lapeyre vous aident \u00e0 affiner votre projet et \u00e0 vous lancer dans vos travaux. Prenez rendez-vous en ligne pour en discuter de vive voix avec nous, en magasin ou chez vous !<\/p>\r\n\n<p style=\"text-align: center;\"><a class=\"bouton bleu\" id=\"btn-rdv-magazine\" href=\"https:\/\/www.lapeyre.fr\/prise-de-rdv\">Prendre RDV<\/a><\/p>","protected":false},"excerpt":{"rendered":"<p>Installer une fen\u00eatre de toit : suivez le guide\u00a0! Les fen\u00eatres de toit, aussi appel\u00e9es velux, sont&#8230;<\/p>\n","protected":false},"author":1005,"featured_media":4428,"comment_status":"open","ping_status":"open","sticky":false,"template":"","format":"standard","meta":{"_acf_changed":false,"footnotes":""},"categories":[958],"tags":[902,918],"class_list":{"2":"type-post","6":"hentry"},"acf":[],"_links":{"self":[{"href":"https:\/\/www.lapeyre.fr\/c\/magazine\/wp-json\/wp\/v2\/posts\/2382","targetHints":{"allow":["GET"]}}],"collection":[{"href":"https:\/\/www.lapeyre.fr\/c\/magazine\/wp-json\/wp\/v2\/posts"}],"about":[{"href":"https:\/\/www.lapeyre.fr\/c\/magazine\/wp-json\/wp\/v2\/types\/post"}],"author":[{"embeddable":true,"href":"https:\/\/www.lapeyre.fr\/c\/magazine\/wp-json\/wp\/v2\/users\/1005"}],"replies":[{"embeddable":true,"href":"https:\/\/www.lapeyre.fr\/c\/magazine\/wp-json\/wp\/v2\/comments?post=2382"}],"version-history":[{"count":0,"href":"https:\/\/www.lapeyre.fr\/c\/magazine\/wp-json\/wp\/v2\/posts\/2382\/revisions"}],"wp:featuredmedia":[{"embeddable":true,"href":"https:\/\/www.lapeyre.fr\/c\/magazine\/wp-json\/wp\/v2\/media\/4428"}],"wp:attachment":[{"href":"https:\/\/www.lapeyre.fr\/c\/magazine\/wp-json\/wp\/v2\/media?parent=2382"}],"wp:term":[{"taxonomy":"category","embeddable":true,"href":"https:\/\/www.lapeyre.fr\/c\/magazine\/wp-json\/wp\/v2\/categories?post=2382"},{"taxonomy":"post_tag","embeddable":true,"href":"https:\/\/www.lapeyre.fr\/c\/magazine\/wp-json\/wp\/v2\/tags?post=2382"}],"curies":[{"name":"wp","href":"https:\/\/api.w.org\/{rel}","templated":true}]}}