{"id":2399,"date":"2025-10-25T10:12:32","date_gmt":"2025-10-25T08:12:32","guid":{"rendered":"https:\/\/magazine.lapeyre.fr\/c\/magazine\/?p=2399"},"modified":"2025-10-27T16:29:44","modified_gmt":"2025-10-27T15:29:44","slug":"zoom-elements-fenetre","status":"publish","type":"post","link":"https:\/\/www.lapeyre.fr\/c\/magazine\/zoom-elements-fenetre\/","title":{"rendered":"Pi\u00e8ces composant une fen\u00eatre\u202f: noms et explications"},"content":{"rendered":"\r\n<p><span data-contrast=\"auto\">La pose d\u2019une nouvelle fen\u00eatre ne doit pas se faire au hasard. Il est m\u00eame indispensable de s\u2019informer sur les \u00e9l\u00e9ments qui constituent la menuiserie avant de valider son choix. Vitrage, dormant, ouvrant, ch\u00e2ssis\u2026 quels sont les noms des pi\u00e8ces d\u2019une fen\u00eatre\u202f? A quoi servent ces composants\u202f? Lapeyre vous r\u00e9pond.<\/span><span data-ccp-props=\"{}\">\u00a0<\/span><\/p>\r\n<p>&nbsp;<\/p>\r\n<p><img loading=\"lazy\" decoding=\"async\" width=\"1024\" height=\"672\" class=\"wp-image-928 aligncenter\" src=\"https:\/\/magazine.lapeyre.fr\/wp-content\/uploads\/2019\/11\/fenetre_ave_volet_marron_chambre-1024x672.jpg\" alt=\"Fen\u00eatre ouverte vue de l'int\u00e9rieur\" srcset=\"https:\/\/www.lapeyre.fr\/wp-content\/uploads\/2019\/11\/fenetre_ave_volet_marron_chambre-1024x672.jpg 1024w, https:\/\/www.lapeyre.fr\/wp-content\/uploads\/2019\/11\/fenetre_ave_volet_marron_chambre-300x197.jpg 300w, https:\/\/www.lapeyre.fr\/wp-content\/uploads\/2019\/11\/fenetre_ave_volet_marron_chambre-768x504.jpg 768w, https:\/\/www.lapeyre.fr\/wp-content\/uploads\/2019\/11\/fenetre_ave_volet_marron_chambre.jpg 1502w\" sizes=\"auto, (max-width: 1024px) 100vw, 1024px\" \/><\/p>\r\n<h2><b><span data-contrast=\"auto\">Le cadre<\/span><\/b><span data-ccp-props=\"{}\">\u00a0<\/span><\/h2>\r\n<p><b><span data-contrast=\"auto\">Aussi connu sous le nom de \u00ab<\/span><\/b><b><span data-contrast=\"auto\">\u2009<\/span><\/b><b><span data-contrast=\"auto\">ch\u00e2ssis<\/span><\/b><b><span data-contrast=\"auto\">\u2009<\/span><\/b><b><span data-contrast=\"auto\">\u00bb ou \u00ab<\/span><\/b><b><span data-contrast=\"auto\">\u2009<\/span><\/b><b><span data-contrast=\"auto\">huissier<\/span><\/b><b><span data-contrast=\"auto\">\u2009<\/span><\/b><b><span data-contrast=\"auto\">\u00bb, le cadre forme l\u2019ossature d\u2019une fen\u00eatre, situ\u00e9e dans l\u2019embrasure<\/span><\/b><span data-contrast=\"auto\">. Mais quelle est la <\/span><a href=\"https:\/\/www.lapeyre.fr\/c\/magazine\/embrasure-fenetre-quest-ce-que-cest\/\"><span data-contrast=\"none\">d\u00e9finition de l\u2019embrasure<\/span><\/a><span data-contrast=\"auto\">\u202f? On vous r\u00e9pond\u202f!<\/span><span data-ccp-props=\"{}\">\u00a0<\/span><\/p>\r\n<p><span data-contrast=\"auto\">Le cadre accueille g\u00e9n\u00e9ralement la majorit\u00e9 des autres composants. La partie dormante de cet \u00e9l\u00e9ment de la fen\u00eatre s\u2019installe depuis le mur ext\u00e9rieur de la maison.<\/span><span data-ccp-props=\"{}\">\u00a0<\/span><\/p>\r\n<p><span data-contrast=\"auto\">Servant \u00e0 accueillir le vantail, il est important de bien choisir le mat\u00e9riau de fabrication du cadre. Le bois et le PVC, ainsi que l\u2019aluminium, sont les plus en vue sur le march\u00e9. Ainsi, le choix de mati\u00e8re peut d\u00e9pendre de la pi\u00e8ce.<\/span><span data-ccp-props=\"{}\">\u00a0<\/span><\/p>\r\n<p><span data-contrast=\"auto\">D\u00e9couvrez toues les <\/span><a href=\"https:\/\/www.lapeyre.fr\/produits\/menuiserie-porte-fenetre\/fenetre\"><span data-contrast=\"none\">fen\u00eatres<\/span><\/a><span data-contrast=\"auto\"> Lapeyre, juste ici\u202f!<\/span><span data-ccp-props=\"{}\">\u00a0<\/span><\/p>\r\n<h2><b><span data-contrast=\"auto\">L\u2019\u00e9l\u00e9ment de fixation<\/span><\/b><span data-ccp-props=\"{}\">\u00a0<\/span><\/h2>\r\n<p><b><span data-contrast=\"auto\">L\u2019\u00e9l\u00e9ment de fixation d\u2019une fen\u00eatre est la charni\u00e8re qui doit maintenir le dormant et l\u2019ouvrant<\/span><\/b><span data-contrast=\"auto\">. Le dormant, ou ch\u00e2ssis fixe, est la partie fixe de la fen\u00eatre\u202f; l\u2019ouvrant est la partie mobile de la fen\u00eatre. La charni\u00e8re permet de joindre les deux parties du ch\u00e2ssis pour assurer le bon fonctionnement de la fen\u00eatre.<\/span><span data-ccp-props=\"{}\">\u00a0<\/span><\/p>\r\n<p><span data-contrast=\"auto\">Une charni\u00e8re est principalement form\u00e9e par un charnier pour le montant du dormant et un gond ainsi qu\u2019une partie mobile fix\u00e9e avec le battant.<\/span><span data-ccp-props=\"{}\">\u00a0<\/span><\/p>\r\n<p><span data-contrast=\"auto\">Elle peut \u00eatre de type standard ou invisible, mais aussi sous forme de paumelle. Cette derni\u00e8re option peut \u00eatre recommand\u00e9e, car elle facilite le d\u00e9montage de la fen\u00eatre. La rotation du battant est aussi plus facile avec une paumelle.<\/span><span data-ccp-props=\"{}\">\u00a0<\/span><\/p>\r\n<h2><b><span data-contrast=\"auto\">Le vitrage de la menuiserie<\/span><\/b><span data-ccp-props=\"{}\">\u00a0<\/span><\/h2>\r\n<p><span data-contrast=\"auto\">Le vitrage doit avant tout favoriser le passage de la lumi\u00e8re dans la pi\u00e8ce.\u202f<\/span><b><span data-contrast=\"auto\">Il faudra aussi s\u2019assurer que celui-ci offre une bonne isolation thermique et phonique.<\/span><\/b><span data-ccp-props=\"{}\">\u00a0<\/span><\/p>\r\n<p><span data-contrast=\"auto\">Le march\u00e9 actuel laisse le choix entre un simple vitrage, un double vitrage et un triple vitrage. Pour cela, l\u2019avis d\u2019un expert dans le domaine peut s\u2019av\u00e9rer indispensable. Ce dernier saura le bon type de verre pour chaque pi\u00e8ce. Dans tous les cas, le vitrage s\u2019int\u00e8gre facilement au niveau des feuillures du cadre.<\/span><span data-ccp-props=\"{}\">\u00a0<\/span><\/p>\r\n<h2><b><span data-contrast=\"auto\">Les \u00e9l\u00e9ments d\u2019\u00e9tanch\u00e9it\u00e9<\/span><\/b><span data-ccp-props=\"{}\">\u00a0<\/span><\/h2>\r\n<p><b><span data-contrast=\"auto\">L\u2019\u00e9tanch\u00e9it\u00e9 de la fen\u00eatre est avant tout assur\u00e9e par l\u2019appui dont elle dispose<\/span><\/b><span data-contrast=\"auto\">. Cet \u00e9l\u00e9ment de\u202fla fen\u00eatre\u202ffacilite l\u2019int\u00e9gration du cadre dans le mur tout en le prot\u00e9geant contre l\u2019\u00e9coulement des eaux de pluie.<\/span><span data-ccp-props=\"{}\">\u00a0<\/span><\/p>\r\n<p><span data-contrast=\"auto\">L\u2019appui se pose en haut de l\u2019all\u00e8ge dont la hauteur doit d\u00e9passer les 90\u202fcm. Par ailleurs, le rejingot vient renforcer la performance de l\u2019appui \u00e0 emp\u00eacher les fuites d\u2019eau depuis la fen\u00eatre. Il ne faut pas non plus n\u00e9gliger les joints d\u2019\u00e9tanch\u00e9it\u00e9 sur la fen\u00eatre.<\/span><span data-ccp-props=\"{}\">\u00a0<\/span><\/p>\r\n<p><span data-contrast=\"auto\">L\u2019\u00e9tanch\u00e9it\u00e9 de la fen\u00eatre est \u00e9galement assur\u00e9e par les joints. S\u2019ils sont de qualit\u00e9, ils permettent d\u2019isoler la fen\u00eatre phoniquement et thermiquement. L\u2019eau, le froid et le chaud ne passent pas\u202fet vous n\u2019avez donc pas besoin de <\/span><a href=\"https:\/\/www.lapeyre.fr\/c\/magazine\/calfeutrer-des-fenetres-le-guide\/\"><span data-contrast=\"none\">calfeutrer vos fen\u00eatres<\/span><\/a><span data-contrast=\"auto\">\u202f!<\/span><span data-ccp-props=\"{}\">\u00a0<\/span><\/p>\r\n<h2><b><span data-contrast=\"auto\">Le syst\u00e8me d\u2019ouverture et de fermeture<\/span><\/b><span data-ccp-props=\"{}\">\u00a0<\/span><\/h2>\r\n<p><b><span data-contrast=\"auto\">La ferrure est un \u00e9l\u00e9ment de la fen\u00eatre \u00e0 ne pas n\u00e9gliger<\/span><\/b><span data-contrast=\"auto\">. Elle rassemble les accessoires d\u2019ouverture et de fermeture de la construction comme le nombre de points de fermeture ainsi que le cylindre \u00e0 poser sur la serrure.<\/span><span data-ccp-props=\"{}\">\u00a0<\/span><\/p>\r\n<p><span data-contrast=\"auto\">L\u2019autre accessoire \u00e0 ne pas n\u00e9gliger est la\u202f<\/span><a href=\"https:\/\/www.lapeyre.fr\/produits\/menuiserie-porte-fenetre\/fenetre\/poignee-fenetre\"><span data-contrast=\"none\">poign\u00e9e<\/span><\/a><span data-contrast=\"auto\"> qui doit \u00eatre facile \u00e0 manipuler pour \u00e9viter un <\/span><a href=\"https:\/\/www.lapeyre.fr\/c\/magazine\/expertises-tutoriels\/debloquer-fenetre\"><span data-contrast=\"none\">blocage de la fen\u00eatre<\/span><\/a><span data-contrast=\"auto\">. Il faut savoir que le march\u00e9 actuel permet de choisir la taille et la forme ainsi que le mat\u00e9riau de fabrication d\u2019une poign\u00e9e de fen\u00eatre.<\/span><span data-ccp-props=\"{}\">\u00a0<\/span><\/p>\r\n<h2><b><span data-contrast=\"auto\">Les \u00e9l\u00e9ments de d\u00e9coration<\/span><\/b><span data-ccp-props=\"{}\">\u00a0<\/span><\/h2>\r\n<p><span data-contrast=\"auto\">Certaines pi\u00e8ces permettent de d\u00e9terminer le design d\u2019une fen\u00eatre. Ici, on peut \u00e9voquer les croisillons, les <\/span><a href=\"https:\/\/www.lapeyre.fr\/produits\/equipement-outil\/securite-surveillance\/garde-corps-barre-dappui\"><span data-contrast=\"none\">garde-corps de fen\u00eatre<\/span><\/a><span data-contrast=\"auto\"> ainsi que le petit bois. Ces \u00e9l\u00e9ments se posent directement au niveau du vitrage.<\/span><span data-ccp-props=\"{}\">\u00a0<\/span><\/p>\r\n<p><span data-contrast=\"auto\">Viennent ensuite les moulures ainsi que les corni\u00e8res qui se fixent g\u00e9n\u00e9ralement sur le pourtour de la construction. Enfin, il y a le meneau, qui se positionne facilement entre l\u2019appui et le haut de la fen\u00eatre. Vous pouvez bien \u00e9videmment compl\u00e9ter l\u2019esth\u00e9tique de votre fen\u00eatre en installant un joli volet roulant ou un volet battant \u00e9l\u00e9gant.<\/span><span data-ccp-props=\"{}\">\u00a0<\/span><\/p>\r\n<p><span data-contrast=\"auto\">Vous connaissez d\u00e9sormais tous les noms des pi\u00e8ces composant vos fen\u00eatres\u202f! Sachez \u00e9galement que, quel que soit le mat\u00e9riau composant votre menuiserie (bois, alu ou PVC), les pi\u00e8ces restent identiques d\u2019un mod\u00e8le \u00e0 l\u2019autre.<\/span><span data-ccp-props=\"{}\">\u00a0<\/span><\/p>\r\n<p><span data-contrast=\"auto\">Une question\u202fsur vos fen\u00eatres ? Un doute\u202fquant au nom d\u2019une pi\u00e8ce de fen\u00eatre ? Les experts en menuiserie Lapeyre vous r\u00e9pondent\u202f: prenez rendez-vous chez vous ou en magasin\u202f!<\/span><span data-ccp-props=\"{}\">\u00a0<\/span><\/p>\r\n\r\n\r\n\r\n\r\n\r\n<p>&nbsp;<\/p>\r\n\n<p style=\"text-align: center;\"><a class=\"bouton bleu\" id=\"btn-rdv-magazine\" href=\"https:\/\/www.lapeyre.fr\/prise-de-rdv\">Prendre RDV<\/a><\/p>","protected":false},"excerpt":{"rendered":"<p>La pose d\u2019une nouvelle fen\u00eatre ne doit pas se faire au hasard. Il est m\u00eame indispensable de&#8230;<\/p>\n","protected":false},"author":1005,"featured_media":928,"comment_status":"open","ping_status":"open","sticky":false,"template":"","format":"standard","meta":{"_acf_changed":false,"footnotes":""},"categories":[955,957],"tags":[902],"class_list":{"2":"type-post","6":"hentry"},"acf":[],"_links":{"self":[{"href":"https:\/\/www.lapeyre.fr\/c\/magazine\/wp-json\/wp\/v2\/posts\/2399","targetHints":{"allow":["GET"]}}],"collection":[{"href":"https:\/\/www.lapeyre.fr\/c\/magazine\/wp-json\/wp\/v2\/posts"}],"about":[{"href":"https:\/\/www.lapeyre.fr\/c\/magazine\/wp-json\/wp\/v2\/types\/post"}],"author":[{"embeddable":true,"href":"https:\/\/www.lapeyre.fr\/c\/magazine\/wp-json\/wp\/v2\/users\/1005"}],"replies":[{"embeddable":true,"href":"https:\/\/www.lapeyre.fr\/c\/magazine\/wp-json\/wp\/v2\/comments?post=2399"}],"version-history":[{"count":0,"href":"https:\/\/www.lapeyre.fr\/c\/magazine\/wp-json\/wp\/v2\/posts\/2399\/revisions"}],"wp:featuredmedia":[{"embeddable":true,"href":"https:\/\/www.lapeyre.fr\/c\/magazine\/wp-json\/wp\/v2\/media\/928"}],"wp:attachment":[{"href":"https:\/\/www.lapeyre.fr\/c\/magazine\/wp-json\/wp\/v2\/media?parent=2399"}],"wp:term":[{"taxonomy":"category","embeddable":true,"href":"https:\/\/www.lapeyre.fr\/c\/magazine\/wp-json\/wp\/v2\/categories?post=2399"},{"taxonomy":"post_tag","embeddable":true,"href":"https:\/\/www.lapeyre.fr\/c\/magazine\/wp-json\/wp\/v2\/tags?post=2399"}],"curies":[{"name":"wp","href":"https:\/\/api.w.org\/{rel}","templated":true}]}}