{"id":2408,"date":"2020-12-22T10:39:14","date_gmt":"2020-12-22T09:39:14","guid":{"rendered":"https:\/\/magazine.lapeyre.fr\/c\/magazine\/?p=2408"},"modified":"2025-03-11T11:47:22","modified_gmt":"2025-03-11T10:47:22","slug":"cuisine-moderne","status":"publish","type":"post","link":"https:\/\/www.lapeyre.fr\/c\/magazine\/cuisine-moderne\/","title":{"rendered":"Id\u00e9es pour moderniser une cuisine sans se ruiner"},"content":{"rendered":"\r\n<p>Il est tout \u00e0 fait possible d\u2019ajouter des touches de modernit\u00e9 dans la cuisine sans pour autant d\u00e9penser beaucoup d\u2019argent. Quelques astuces peuvent \u00eatre employ\u00e9es facilement dans un bref d\u00e9lai. <strong>Les id\u00e9es suivantes, notamment, peuvent apporter une seconde jeunesse \u00e0 une <a href=\"https:\/\/www.lapeyre.fr\/cuisine-CCU0001\" target=\"_blank\" rel=\"noreferrer noopener\">cuisine<\/a>.<\/strong><\/p>\r\n\r\n\r\n\r\n<figure class=\"wp-block-image size-large is-style-default\"><img loading=\"lazy\" decoding=\"async\" width=\"869\" height=\"869\" class=\"wp-image-2409\" src=\"https:\/\/magazine.lapeyre.fr\/wp-content\/uploads\/2020\/12\/cuisine-ilot-central.jpg\" alt=\"Cuisine moderne avec \u00eelot central\" srcset=\"https:\/\/www.lapeyre.fr\/wp-content\/uploads\/2020\/12\/cuisine-ilot-central.jpg 869w, https:\/\/www.lapeyre.fr\/wp-content\/uploads\/2020\/12\/cuisine-ilot-central-300x300.jpg 300w, https:\/\/www.lapeyre.fr\/wp-content\/uploads\/2020\/12\/cuisine-ilot-central-150x150.jpg 150w, https:\/\/www.lapeyre.fr\/wp-content\/uploads\/2020\/12\/cuisine-ilot-central-768x768.jpg 768w\" sizes=\"auto, (max-width: 869px) 100vw, 869px\" \/><\/figure>\r\n\r\n\r\n\r\n<h2 class=\"wp-block-heading\">R\u00e9nover les placards de la cuisine<\/h2>\r\n\r\n\r\n\r\n<p>Le renouveau de la cuisine peut se faire au niveau des placards, \u00e0 commencer par <strong>l\u2019application d\u2019une nouvelle peinture sur les portes.<\/strong><\/p>\r\n\r\n\r\n\r\n<p>Une couche de blanc apportera plus de luminosit\u00e9 dans la pi\u00e8ce. En outre, des couleurs claires ou neutres garantiront un effet flamand aux placards. La pose d\u2019adh\u00e9sifs ou de stickers sur les portes peut aussi apporter une touche de modernit\u00e9 dans la cuisine.<\/p>\r\n\r\n\r\n\r\n<p><strong>Un remplacement des portes peut aussi s\u2019av\u00e9rer avantageux<\/strong> pour <a href=\"https:\/\/www.lapeyre.fr\/performante-graphique-dynamique-CCN1571444\">l\u2019image de la cuisine<\/a>. Il suffit de trouver de nouveaux vantaux adapt\u00e9s \u00e0 chaque placard.<\/p>\r\n\r\n\r\n\r\n<p><strong>Autrement, il est toujours possible de coller des planches fines sur les portes.<\/strong> Il suffit de les repeindre selon les besoins et les envies pour obtenir un effet imm\u00e9diat \u00e0 moindre co\u00fbt.<\/p>\r\n\r\n\r\n\r\n<p><strong>Par ailleurs, certaines portes de placards peuvent \u00eatre enlev\u00e9es<\/strong> pour mettre les \u00e9quipements ainsi que les accessoires sur le devant. Il ne reste qu\u2019\u00e0 peindre l\u2019int\u00e9rieur de chaque placard pour profiter d\u2019une certaine originalit\u00e9.<\/p>\r\n\r\n\r\n\r\n<p>Pour aller plus loin, m\u00eame <a href=\"https:\/\/www.lapeyre.fr\/poignees-boutons-CCN0011\">les poign\u00e9es et les boutons de porte<\/a> peuvent \u00eatre remplac\u00e9s.<\/p>\r\n\r\n\r\n\r\n<h2 class=\"wp-block-heading\">Revoir le carrelage de la cr\u00e9dence<\/h2>\r\n\r\n\r\n\r\n<p>La <a href=\"https:\/\/www.lapeyre.fr\/credences-CCN0090\" target=\"_blank\" rel=\"noreferrer noopener\">cr\u00e9dence <\/a>peut \u00eatre r\u00e9nov\u00e9e facilement en fournissant une seconde jeunesse au <a href=\"https:\/\/www.lapeyre.fr\/carrelage-cuisine-CCN361484\" target=\"_blank\" rel=\"noreferrer noopener\">carrelage<\/a>. Cela n\u00e9cessite l\u2019utilisation d\u2019une peinture con\u00e7ue sp\u00e9cialement pour les carreaux.<\/p>\r\n\r\n\r\n\r\n<p>Normalement, la nouvelle peinture doit r\u00e9sister aux projections de tout \u00e9l\u00e9ment pouvant le salir surtout les graisses. <strong>Ainsi, il est important de v\u00e9rifier la facilit\u00e9 d\u2019entretien de la cr\u00e9dence apr\u00e8s l\u2019application de la nouvelle peinture.<\/strong><\/p>\r\n\r\n\r\n\r\n<p><strong>La pose d\u2019une cr\u00e9dence adh\u00e9sive est aussi une option int\u00e9ressante<\/strong> pour la r\u00e9novation de la cuisine. C\u2019est particuli\u00e8rement recommand\u00e9 dans une cuisine blanche. Elles peuvent se coller facilement sans enlever l\u2019ancienne cr\u00e9dence. Il suffit de choisir le motif qui convient le mieux au style de cuisine moderne.<\/p>\r\n\r\n\r\n\r\n<p>Il est bon de savoir que le march\u00e9 actuel laisse un choix consid\u00e9rable de <a href=\"https:\/\/www.lapeyre.fr\/credences-CCN688176\">cr\u00e9dences<\/a>.<\/p>\r\n\r\n\r\n\r\n<h2 class=\"wp-block-heading\">Habiller correctement les murs de la pi\u00e8ce<\/h2>\r\n\r\n\r\n\r\n<p><strong>Repeindre les murs peut apporter une seconde jeunesse \u00e0 une cuisine<\/strong>. Pour cela, la meilleure option est d\u2019adapter la nouvelle couleur aux meubles d\u00e9j\u00e0 install\u00e9s \u00e0 l\u2019int\u00e9rieur de la pi\u00e8ce.<\/p>\r\n\r\n\r\n\r\n<p>On peut par exemple \u00e9voquer le m\u00e9lange du rouge avec le blanc ou le vert. Le plus important est que la nouvelle teinte des murs mette en valeur l\u2019ensemble du mobilier.<\/p>\r\n\r\n\r\n\r\n<p><strong>Vous pouvez aussi utiliser de la peinture ardoise magn\u00e9tique<\/strong>. Le mur pourra ainsi recevoir les listes de courses et les dessins des enfants. Pratique et ludique \u00e0 la fois.<\/p>\r\n\r\n\r\n\r\n<p>Enfin, la fixation <a href=\"https:\/\/www.lapeyre.fr\/tabletterie-CCN0064\">d\u2019\u00e9tag\u00e8res sur les murs<\/a> peut servir \u00e0 moderniser la pi\u00e8ce sans faire de gros travaux. Cela ajoutera plus d\u2019emplacements pour les accessoires de cuisines.<\/p>\r\n\n<p style=\"text-align: center;\"><a class=\"bouton bleu\" id=\"btn-rdv-magazine\" href=\"https:\/\/www.lapeyre.fr\/prise-de-rdv\">Prendre RDV<\/a><\/p>","protected":false},"excerpt":{"rendered":"<p>Il est tout \u00e0 fait possible d\u2019ajouter des touches de modernit\u00e9 dans la cuisine sans pour autant&#8230;<\/p>\n","protected":false},"author":1005,"featured_media":2409,"comment_status":"open","ping_status":"open","sticky":false,"template":"","format":"standard","meta":{"_acf_changed":false,"footnotes":""},"categories":[977,975],"tags":[5,942],"class_list":{"2":"type-post","6":"hentry"},"acf":[],"_links":{"self":[{"href":"https:\/\/www.lapeyre.fr\/c\/magazine\/wp-json\/wp\/v2\/posts\/2408","targetHints":{"allow":["GET"]}}],"collection":[{"href":"https:\/\/www.lapeyre.fr\/c\/magazine\/wp-json\/wp\/v2\/posts"}],"about":[{"href":"https:\/\/www.lapeyre.fr\/c\/magazine\/wp-json\/wp\/v2\/types\/post"}],"author":[{"embeddable":true,"href":"https:\/\/www.lapeyre.fr\/c\/magazine\/wp-json\/wp\/v2\/users\/1005"}],"replies":[{"embeddable":true,"href":"https:\/\/www.lapeyre.fr\/c\/magazine\/wp-json\/wp\/v2\/comments?post=2408"}],"version-history":[{"count":0,"href":"https:\/\/www.lapeyre.fr\/c\/magazine\/wp-json\/wp\/v2\/posts\/2408\/revisions"}],"wp:featuredmedia":[{"embeddable":true,"href":"https:\/\/www.lapeyre.fr\/c\/magazine\/wp-json\/wp\/v2\/media\/2409"}],"wp:attachment":[{"href":"https:\/\/www.lapeyre.fr\/c\/magazine\/wp-json\/wp\/v2\/media?parent=2408"}],"wp:term":[{"taxonomy":"category","embeddable":true,"href":"https:\/\/www.lapeyre.fr\/c\/magazine\/wp-json\/wp\/v2\/categories?post=2408"},{"taxonomy":"post_tag","embeddable":true,"href":"https:\/\/www.lapeyre.fr\/c\/magazine\/wp-json\/wp\/v2\/tags?post=2408"}],"curies":[{"name":"wp","href":"https:\/\/api.w.org\/{rel}","templated":true}]}}