{"id":2443,"date":"2021-07-28T15:26:01","date_gmt":"2021-07-28T13:26:01","guid":{"rendered":"https:\/\/magazine.lapeyre.fr\/c\/magazine\/?p=2443"},"modified":"2025-02-03T10:59:46","modified_gmt":"2025-02-03T09:59:46","slug":"installation-garde-corps","status":"publish","type":"post","link":"https:\/\/www.lapeyre.fr\/c\/magazine\/installation-garde-corps\/","title":{"rendered":"La pose d\u2019un garde-corps : que dit la loi ?"},"content":{"rendered":"\r\n<p>Un garde-corps est un \u00e9l\u00e9ment de s\u00e9curit\u00e9 incontournable pour un escalier. <strong>Il doit parfaitement prot\u00e9ger les enfants et les personnes \u00e2g\u00e9es.\u00a0<\/strong><\/p>\r\n\r\n\r\n\r\n<figure class=\"wp-block-image size-large is-style-default\"><img loading=\"lazy\" decoding=\"async\" width=\"625\" height=\"1024\" class=\"wp-image-2444\" src=\"https:\/\/magazine.lapeyre.fr\/wp-content\/uploads\/2021\/02\/balustrade-escalier-interieur-625x1024.jpg\" alt=\"Garde-corps escalier int\u00e9rieur\" srcset=\"https:\/\/www.lapeyre.fr\/wp-content\/uploads\/2021\/02\/balustrade-escalier-interieur-625x1024.jpg 625w, https:\/\/www.lapeyre.fr\/wp-content\/uploads\/2021\/02\/balustrade-escalier-interieur-183x300.jpg 183w, https:\/\/www.lapeyre.fr\/wp-content\/uploads\/2021\/02\/balustrade-escalier-interieur.jpg 657w\" sizes=\"auto, (max-width: 625px) 100vw, 625px\" \/><\/figure>\r\n\r\n\r\n\r\n<p>La loi insiste sur certains points \u00e0 consid\u00e9rer avant d\u2019installer ce type d\u2019\u00e9quipement. Un garde-corps pour escalier doit r\u00e9pondre aux r\u00e8glements et aux normes en vigueur.<\/p>\r\n\r\n\r\n\r\n<h2 class=\"wp-block-heading\">Pourquoi suivre les normes pendant la pose d\u2019un garde-corps\u2009?<\/h2>\r\n\r\n\r\n\r\n<p>Un garde-corps assure la s\u00e9curit\u00e9 des personnes sur les espaces ouverts sur un escalier. Ces derniers seront \u00e0 l\u2019abri des chutes apr\u00e8s la pose du produit. <strong>Plusieurs normes ont \u00e9t\u00e9 instaur\u00e9es pour assurer la qualit\u00e9 d\u2019un garde-corps.<\/strong> On peut prendre en compte les normes suivantes :<\/p>\r\n\r\n\r\n\r\n<ul class=\"wp-block-list\">\r\n<li>NF P01-012 : dimensions des garde-corps.<\/li>\r\n<li>NF P01-013 : essai des garde-corps.<\/li>\r\n<\/ul>\r\n\r\n\r\n\r\n<p>Un <a href=\"https:\/\/www.lapeyre.fr\/balustrades-CCN1162457\">garde-corps<\/a> peut aussi se poser \u00e0 titre d\u00e9coratif en cas de besoin. Le produit apportera s\u00fbrement un meilleur cachet \u00e0 un escalier. Mais cela n\u2019emp\u00eache pas le produit de prot\u00e9ger les utilisateurs.<\/p>\r\n\r\n\r\n\r\n<h2 class=\"wp-block-heading\">Les obligations l\u00e9gales sur les garde-corps<\/h2>\r\n\r\n\r\n\r\n<p><strong>Une d\u00e9claration pr\u00e9alable des travaux est n\u00e9cessaire pour la pose d\u2019un garde-corps si celui-ci apporte des changements sur l\u2019escalier<\/strong>. Il suffit de remplir le cerfa 137\u2009031 6 pour envoyer la demande aupr\u00e8s de la commune.\u00a0<\/p>\r\n\r\n\r\n\r\n<p>Pour une construction neuve, il faut un permis de construire sur le garde-corps ext\u00e9rieur. La demande peut \u00eatre inscrite dans celle de votre nouvelle habitation. Certaines obligations sont \u00e0 prendre en compte comme la forme et le mat\u00e9riau de fabrication du garde-corps. <strong>Les sp\u00e9cificit\u00e9s sont \u00e9voqu\u00e9es dans le PLU (Plan local d\u2019Urbanisme) de la commune.\u00a0<\/strong><\/p>\r\n\r\n\r\n\r\n<p>Aucune obligation n\u2019est recommand\u00e9e pour la pose d\u2019un garde-corps \u00e0 l\u2019int\u00e9rieur de la maison.<\/p>\r\n\r\n\r\n\r\n<h2 class=\"wp-block-heading\">R\u00e9glementations sp\u00e9cifiques sur le garde-corps<\/h2>\r\n\r\n\r\n\r\n<p><strong>La pose d\u2019un garde-corps doit \u00eatre r\u00e9glement\u00e9e une fois que le risque de chute est sup\u00e9rieur \u00e0 1 m.\u00a0<\/strong><\/p>\r\n\r\n\r\n\r\n<p>Au-dessous de cette hauteur, l\u2019\u00e9quipement peut \u00eatre remplac\u00e9 par une jardini\u00e8re. Un garde-corps n\u2019est pas n\u00e9cessaire si la pente de l\u2019escalier est inf\u00e9rieure \u00e0 45 \u00b0.\u00a0<\/p>\r\n\r\n\r\n\r\n<p>C\u2019est aussi valable si vous disposez d\u2019un talus ou d\u2019un monticule. Pour un escalier, la hauteur du garde-corps doit \u00eatre sup\u00e9rieure \u00e0 90 cm. La pose d\u2019un mod\u00e8le trop bas peut causer la chute d\u2019une personne.\u00a0<\/p>\r\n\r\n\r\n\r\n<p>Cela n\u2019engage que la responsabilit\u00e9 du poseur. Il est alors recommand\u00e9 de confier la pose d\u2019un garde-corps \u00e0 un professionnel qualifi\u00e9.<\/p>\r\n\r\n\r\n\r\n<h2 class=\"wp-block-heading\">Respecter la r\u00e9sistance \u00e0 la pression<\/h2>\r\n\r\n\r\n\r\n<p>Un <a href=\"https:\/\/www.lapeyre.fr\/balustrades-CCN1162457\">garde-corps<\/a> doit \u00eatre capable de supporter de fortes charges horizontales et verticales apr\u00e8s son installation.\u00a0<\/p>\r\n\r\n\r\n\r\n<p><strong>La construction doit r\u00e9sister \u00e0 un poids de 60 daN\/ml apr\u00e8s son installation<\/strong>. La r\u00e9sistance \u00e0 la pression du garde-corps d\u00e9pend de la mati\u00e8re de fabrication ainsi que la technique de pose.<\/p>\r\n\r\n\r\n\r\n<h2 class=\"wp-block-heading\">Norme d\u2019un garde-corps pour une fen\u00eatre<\/h2>\r\n\r\n\r\n\r\n<p>La pose d\u2019un garde-corps peut aussi se faire sur une fen\u00eatre pour \u00e9viter les chutes depuis l\u2019ouverture.\u00a0<\/p>\r\n\r\n\r\n\r\n<p>La construction se fait sur une fen\u00eatre basse dont la partie inf\u00e9rieure ne d\u00e9passe pas les 90 cm au-dessus du plancher.\u00a0<\/p>\r\n\r\n\r\n\r\n<p>L\u2019article R111-15 du Code de la Construction et de l\u2019Habitation impose une hauteur minimale de 1 m pour l\u2019installation d\u2019un garde-corps sur une fen\u00eatre qui ouvre sur le vide.\u00a0<\/p>\r\n\r\n\r\n\r\n<p>Pour une fen\u00eatre d\u2019\u00e9tage qui ouvre sur une construction, la construction doit pr\u00e9senter une hauteur de 80 cm avec une \u00e9paisseur de 50 cm.<\/p>\r\n\n<p style=\"text-align: center;\"><a class=\"bouton bleu\" id=\"btn-rdv-magazine\" href=\"https:\/\/www.lapeyre.fr\/prise-de-rdv\">Prendre RDV<\/a><\/p>","protected":false},"excerpt":{"rendered":"<p>Un garde-corps est un \u00e9l\u00e9ment de s\u00e9curit\u00e9 incontournable pour un escalier. Il doit parfaitement prot\u00e9ger les enfants&#8230;<\/p>\n","protected":false},"author":1005,"featured_media":2444,"comment_status":"open","ping_status":"open","sticky":false,"template":"","format":"standard","meta":{"_acf_changed":false,"footnotes":""},"categories":[959,961],"tags":[14,914],"class_list":{"2":"type-post","6":"hentry"},"acf":[],"_links":{"self":[{"href":"https:\/\/www.lapeyre.fr\/c\/magazine\/wp-json\/wp\/v2\/posts\/2443","targetHints":{"allow":["GET"]}}],"collection":[{"href":"https:\/\/www.lapeyre.fr\/c\/magazine\/wp-json\/wp\/v2\/posts"}],"about":[{"href":"https:\/\/www.lapeyre.fr\/c\/magazine\/wp-json\/wp\/v2\/types\/post"}],"author":[{"embeddable":true,"href":"https:\/\/www.lapeyre.fr\/c\/magazine\/wp-json\/wp\/v2\/users\/1005"}],"replies":[{"embeddable":true,"href":"https:\/\/www.lapeyre.fr\/c\/magazine\/wp-json\/wp\/v2\/comments?post=2443"}],"version-history":[{"count":0,"href":"https:\/\/www.lapeyre.fr\/c\/magazine\/wp-json\/wp\/v2\/posts\/2443\/revisions"}],"wp:featuredmedia":[{"embeddable":true,"href":"https:\/\/www.lapeyre.fr\/c\/magazine\/wp-json\/wp\/v2\/media\/2444"}],"wp:attachment":[{"href":"https:\/\/www.lapeyre.fr\/c\/magazine\/wp-json\/wp\/v2\/media?parent=2443"}],"wp:term":[{"taxonomy":"category","embeddable":true,"href":"https:\/\/www.lapeyre.fr\/c\/magazine\/wp-json\/wp\/v2\/categories?post=2443"},{"taxonomy":"post_tag","embeddable":true,"href":"https:\/\/www.lapeyre.fr\/c\/magazine\/wp-json\/wp\/v2\/tags?post=2443"}],"curies":[{"name":"wp","href":"https:\/\/api.w.org\/{rel}","templated":true}]}}