{"id":2448,"date":"2025-02-04T11:55:35","date_gmt":"2025-02-04T10:55:35","guid":{"rendered":"https:\/\/magazine.lapeyre.fr\/c\/magazine\/?p=2448"},"modified":"2025-09-03T16:26:17","modified_gmt":"2025-09-03T14:26:17","slug":"debloquer-fenetre","status":"publish","type":"post","link":"https:\/\/www.lapeyre.fr\/c\/magazine\/debloquer-fenetre\/","title":{"rendered":"Ma fen\u00eatre est bloqu\u00e9e : que faire ?"},"content":{"rendered":"\r\n<p>Une fen\u00eatre est une menuiserie tr\u00e8s importante \u00e0 la maison.\u00a0<strong>Elle permet principalement d\u2019am\u00e9liorer la circulation d\u2019air dans le logement en plus d\u2019\u00eatre une source de lumi\u00e8re.<\/strong>\u00a0<\/p>\r\n<p>Mais une fen\u00eatre, qu\u2019elle soit battante ou oscillo-battante, peut aussi se retrouver bloqu\u00e9e. M\u00e9canisme d\u00e9faillant, gonflements, poign\u00e9e cass\u00e9e\u2026 Lapeyre vous donne ses meilleures astuces pour vous aider \u00e0 r\u00e9soudre votre probl\u00e8me de fen\u00eatre bloqu\u00e9e\u00a0!<\/p>\r\n<figure id=\"attachment_4416\" aria-describedby=\"caption-attachment-4416\" style=\"width: 2000px\" class=\"wp-caption alignnone\"><img loading=\"lazy\" decoding=\"async\" class=\"wp-image-4416 size-full\" src=\"https:\/\/www.lapeyre.fr\/wp-content\/uploads\/2021\/02\/202545854_HD-1.jpg\" alt=\"Fen\u00eatre bloqu\u00e9e : que faire pour la d\u00e9bloquer ?\" width=\"2000\" height=\"1500\" srcset=\"https:\/\/www.lapeyre.fr\/wp-content\/uploads\/2021\/02\/202545854_HD-1.jpg 2000w, https:\/\/www.lapeyre.fr\/wp-content\/uploads\/2021\/02\/202545854_HD-1-300x225.jpg 300w, https:\/\/www.lapeyre.fr\/wp-content\/uploads\/2021\/02\/202545854_HD-1-1024x768.jpg 1024w, https:\/\/www.lapeyre.fr\/wp-content\/uploads\/2021\/02\/202545854_HD-1-768x576.jpg 768w, https:\/\/www.lapeyre.fr\/wp-content\/uploads\/2021\/02\/202545854_HD-1-1536x1152.jpg 1536w, https:\/\/www.lapeyre.fr\/wp-content\/uploads\/2021\/02\/202545854_HD-1-1920x1440.jpg 1920w\" sizes=\"auto, (max-width: 2000px) 100vw, 2000px\" \/><figcaption id=\"caption-attachment-4416\" class=\"wp-caption-text\">Porte-fen\u00eatre PVC HEMERA<\/figcaption><\/figure>\r\n<h2><strong>D\u00e9terminer la source du probl\u00e8me<\/strong><\/h2>\r\n<p>De nombreuses situations peuvent causer le blocage d\u2019une fen\u00eatre.\u00a0<\/p>\r\n<p>En premier lieu, les conditions m\u00e9t\u00e9orologiques. L\u2019humidit\u00e9, le froid et la chaleur peuvent parfaitement nuire \u00e0 l\u2019ouverture.\u00a0<strong>Ces cas se manifestent le plus souvent sur les fen\u00eatres en bois qui se gonflent ou se r\u00e9tractent selon la situation<\/strong>.\u00a0<\/p>\r\n<p>Une\u00a0<strong>fen\u00eatre en PVC<\/strong> peut parfois finir par se tordre l\u00e9g\u00e8rement au fil du temps. Cela peut n\u00e9cessiter un remplacement complet de la fen\u00eatre si les charni\u00e8res sont irr\u00e9cup\u00e9rables. L\u2019objectif est d\u2019\u00e9viter que la fen\u00eatre se bloque et reste facile \u00e0 ouvrir et fermer. Si un remplacement est n\u00e9cessaire, n\u2019h\u00e9sitez pas \u00e0 solliciter l\u2019aide de nos experts qui se feront un plaisir de vous aider \u00e0 choisir vos nouvelles <a href=\"https:\/\/www.lapeyre.fr\/produits\/menuiserie-porte-fenetre\/fenetre\">fen\u00eatres<\/a>.<\/p>\r\n<p>La g\u00e2che de la fen\u00eatre peut aussi \u00eatre \u00e0 la source du blocage.\u00a0<strong>\u00c0 force de manipulation, le p\u00eane <\/strong>(pi\u00e8ce de fer engag\u00e9e par la poign\u00e9e) <strong>est peut-\u00eatre trop haut ou trop bas et ne fonctionne plus correctement<\/strong>. \u00c0 noter que l\u2019ouverture de la g\u00e2che peut \u00eatre agrandie selon les besoins.\u00a0<\/p>\r\n<p><strong>Un manque d\u2019entretien peut \u00e9galement \u00eatre la cause du blocage de la fen\u00eatre<\/strong>. Dans tous les cas, les pi\u00e8ces comme les charni\u00e8res ou la serrure ont des dur\u00e9es de vie limit\u00e9e.<\/p>\r\n<p>Notez que le probl\u00e8me peut venir de la <a href=\"https:\/\/www.lapeyre.fr\/produits\/menuiserie-porte-fenetre\/fenetre\/poignee-fenetre\">poign\u00e9e de fen\u00eatre<\/a>, quel que soit son mat\u00e9riau (<a href=\"https:\/\/www.lapeyre.fr\/produits\/menuiserie-porte-fenetre\/fenetre\/fenetre-aluminium\">fen\u00eatre en aluminium<\/a>, en bois ou en PVC). Ici, il faut avant tout la d\u00e9monter pour d\u00e9terminer quel est le probl\u00e8me. Si la poign\u00e9e est gripp\u00e9e, il faudra pulv\u00e9riser du lubrifiant sur le m\u00e9canisme. En revanche, si vous avez l\u2019impression qu\u2019elle tourne dans le vide, le m\u00e9canisme interne de la poign\u00e9e est s\u00fbrement en cause.<\/p>\r\n<h2><strong>D\u00e9bloquer une fen\u00eatre selon le mat\u00e9riau de fabrication<\/strong><\/h2>\r\n<p>Votre fen\u00eatre bloqu\u00e9e n\u00e9cessite une r\u00e9paration, certes, mais celle-ci d\u00e9pendra du mat\u00e9riau de fabrication de votre ouverture.<\/p>\r\n<p>Pour une <a href=\"https:\/\/www.lapeyre.fr\/produits\/menuiserie-porte-fenetre\/fenetre\/fenetre-bois\">fen\u00eatre en bois<\/a>, il peut \u00eatre recommand\u00e9 de raboter l\u00e9g\u00e8rement le corps de l\u2019ouverture. Il ne faut pas retirer trop de mati\u00e8re pour ne pas ab\u00eemer la menuiserie.\u00a0Rep\u00e9rez la zone qui frotte, d\u00e9montez la fen\u00eatre si besoin puis rabotez dans le sens du bois. Poncez l\u00e9g\u00e8rement et le tour est jou\u00e9\u00a0!<\/p>\r\n<p>Pour une <a href=\"https:\/\/www.lapeyre.fr\/produits\/menuiserie-porte-fenetre\/fenetre\/fenetre-pvc\">fen\u00eatre en PVC<\/a>, le d\u00e9blocage se joue plut\u00f4t au niveau des gonds. Il suffit de revoir le r\u00e9glage de ces gonds pour remettre la fen\u00eatre en bon \u00e9tat.<\/p>\r\n<h2><strong>D\u00e9bloquer une fen\u00eatre soi-m\u00eame<\/strong><\/h2>\r\n<p>Une fen\u00eatre bloqu\u00e9e pose souci. \u00c9l\u00e9ment indispensable de votre logement, elle permet l\u2019a\u00e9ration de votre int\u00e9rieur. Sans elle, adieu le confort.<\/p>\r\n<p>D\u00e9bloquer une fen\u00eatre soi-m\u00eame est souvent possible\u00a0: tout d\u00e9pend de l\u2019origine du probl\u00e8me et du mat\u00e9riau de la fen\u00eatre. Retenez que vous pouvez g\u00e9n\u00e9ralement proc\u00e9der \u00e0 la r\u00e9paration de votre fen\u00eatre bloqu\u00e9e quand\u00a0le souci est li\u00e9 \u00e0\u00a0un frottement \u00e0 l\u2019ouverture et \u00e0 la fermeture.<\/p>\r\n<p><strong>Bon \u00e0 savoir<\/strong>\u00a0: si vous poss\u00e9dez une fen\u00eatre oscillo-battante et que cette derni\u00e8re est bloqu\u00e9e en position entreb\u00e2ill\u00e9e, mettez la poign\u00e9e en position horizontale, appuyez l\u00e9g\u00e8rement sur le vantail et sur le loquet m\u00e9tallique sur le c\u00f4t\u00e9.<\/p>\r\n<h2><strong>Se tourner vers un professionnel pour d\u00e9bloquer une fen\u00eatre<\/strong><\/h2>\r\n<p>Un menuisier professionnel peut parfaitement proc\u00e9der \u00e0 la r\u00e9paration de votre fen\u00eatre bloqu\u00e9e, qu\u2019elle soit en bois, en PVC ou en aluminium.\u00a0D\u2019ailleurs, il est recommand\u00e9 de faire appel \u00e0 un professionnel si le probl\u00e8me semble li\u00e9 \u00e0\u00a0un m\u00e9canisme cass\u00e9 (poign\u00e9e de fen\u00eatre, cr\u00e9mone, etc.). Si la fen\u00eatre en question a \u00e9t\u00e9 construite sur mesure, nous vous recommandons \u00e9galement de demander l\u2019intervention d\u2019un expert.<\/p>\r\n<p><strong>Il peut intervenir rapidement afin d\u2019assurer le bon fonctionnement de la fen\u00eatre et vous conseiller. <\/strong>Si cette derni\u00e8re n\u00e9cessite un changement, le professionnel pourra vous conseiller sur le mod\u00e8le et ses avantages, le tout en respectant votre budget. Il suffit de faire une demande de devis avant de commencer l\u2019intervention. Le document affichera les d\u00e9tails concernant le d\u00e9blocage de la fen\u00eatre ainsi que le co\u00fbt de l\u2019intervention.\u00a0Notez que le co\u00fbt de la r\u00e9paration varie selon le type de manipulation r\u00e9alis\u00e9e. Un ajustement des gonds est moins on\u00e9reux qu\u2019un remplacement de poign\u00e9e, de cr\u00e9mone ou qu\u2019un d\u00e9blocage de m\u00e9canisme de fen\u00eatre oscillo-battante.<\/p>\r\n<p>N\u2019h\u00e9sitez pas \u00e0 prendre rendez-vous avec nos experts. Ils sont disponibles en magasin et peuvent se d\u00e9placer chez vous\u00a0: ensemble, vous affinerez votre projet. Lapeyre vous propose une vaste gamme de fen\u00eatres de haute qualit\u00e9 qui trouveront facilement leur place dans votre logement, maison ou appartement.<\/p>\r\n\n<p style=\"text-align: center;\"><a class=\"bouton bleu\" id=\"btn-rdv-magazine\" href=\"https:\/\/www.lapeyre.fr\/prise-de-rdv\">Prendre RDV<\/a><\/p>","protected":false},"excerpt":{"rendered":"<p>Une fen\u00eatre est une menuiserie tr\u00e8s importante \u00e0 la maison.\u00a0Elle permet principalement d\u2019am\u00e9liorer la circulation d\u2019air dans&#8230;<\/p>\n","protected":false},"author":1005,"featured_media":4416,"comment_status":"open","ping_status":"open","sticky":false,"template":"","format":"standard","meta":{"_acf_changed":false,"footnotes":""},"categories":[955,957],"tags":[902],"class_list":{"2":"type-post","6":"hentry"},"acf":[],"_links":{"self":[{"href":"https:\/\/www.lapeyre.fr\/c\/magazine\/wp-json\/wp\/v2\/posts\/2448","targetHints":{"allow":["GET"]}}],"collection":[{"href":"https:\/\/www.lapeyre.fr\/c\/magazine\/wp-json\/wp\/v2\/posts"}],"about":[{"href":"https:\/\/www.lapeyre.fr\/c\/magazine\/wp-json\/wp\/v2\/types\/post"}],"author":[{"embeddable":true,"href":"https:\/\/www.lapeyre.fr\/c\/magazine\/wp-json\/wp\/v2\/users\/1005"}],"replies":[{"embeddable":true,"href":"https:\/\/www.lapeyre.fr\/c\/magazine\/wp-json\/wp\/v2\/comments?post=2448"}],"version-history":[{"count":0,"href":"https:\/\/www.lapeyre.fr\/c\/magazine\/wp-json\/wp\/v2\/posts\/2448\/revisions"}],"wp:featuredmedia":[{"embeddable":true,"href":"https:\/\/www.lapeyre.fr\/c\/magazine\/wp-json\/wp\/v2\/media\/4416"}],"wp:attachment":[{"href":"https:\/\/www.lapeyre.fr\/c\/magazine\/wp-json\/wp\/v2\/media?parent=2448"}],"wp:term":[{"taxonomy":"category","embeddable":true,"href":"https:\/\/www.lapeyre.fr\/c\/magazine\/wp-json\/wp\/v2\/categories?post=2448"},{"taxonomy":"post_tag","embeddable":true,"href":"https:\/\/www.lapeyre.fr\/c\/magazine\/wp-json\/wp\/v2\/tags?post=2448"}],"curies":[{"name":"wp","href":"https:\/\/api.w.org\/{rel}","templated":true}]}}