{"id":2472,"date":"2021-03-04T09:56:48","date_gmt":"2021-03-04T08:56:48","guid":{"rendered":"https:\/\/magazine.lapeyre.fr\/c\/magazine\/?p=2472"},"modified":"2025-03-05T15:56:03","modified_gmt":"2025-03-05T14:56:03","slug":"choisir-porte-garage-sectionnelle","status":"publish","type":"post","link":"https:\/\/www.lapeyre.fr\/c\/magazine\/choisir-porte-garage-sectionnelle\/","title":{"rendered":"La porte de garage sectionnelle : \u00e0 la fois moderne et isolante"},"content":{"rendered":"\r\n<p>Choisir une porte de garage sectionnelle procure de nombreux avantages, notamment une v\u00e9ritable solidit\u00e9. Ce type d\u2019ouverture est aussi moderne tout en \u00e9tant isolant. Une telle porte apporte un nouveau style \u00e0 la propri\u00e9t\u00e9. <strong>D\u2019ailleurs, le vantail est tr\u00e8s facile \u00e0 installer, mais aussi \u00e0 manipuler.<\/strong><\/p>\r\n\r\n\r\n\r\n<figure class=\"wp-block-image size-large is-style-default\"><img loading=\"lazy\" decoding=\"async\" width=\"454\" height=\"561\" class=\"wp-image-2473\" src=\"https:\/\/magazine.lapeyre.fr\/wp-content\/uploads\/2021\/03\/porte-garage-coulissante.jpg\" alt=\"Porte de garage sectionnelle\" srcset=\"https:\/\/www.lapeyre.fr\/wp-content\/uploads\/2021\/03\/porte-garage-coulissante.jpg 454w, https:\/\/www.lapeyre.fr\/wp-content\/uploads\/2021\/03\/porte-garage-coulissante-243x300.jpg 243w\" sizes=\"auto, (max-width: 454px) 100vw, 454px\" \/><\/figure>\r\n\r\n\r\n\r\n<h2 class=\"wp-block-heading\">S\u2019offrir une porte de garage sectionnelle<\/h2>\r\n\r\n\r\n\r\n<p>Pratique et facile \u00e0 installer, une <a href=\"https:\/\/www.lapeyre.fr\/porte-de-garage-montana-sectionnelle-sur-mesure-FPC635722\">porte de garage sectionnelle peut aussi s\u2019obtenir sur mesure<\/a> en cas de besoin.\u00a0<\/p>\r\n\r\n\r\n\r\n<p>Le vantail doit r\u00e9pondre aux attentes de chaque utilisateur. <strong>Le choix de panneaux est libre avec une porte sur mesure<\/strong>. De nombreux styles sont offerts sur le march\u00e9 et s\u2019adaptent facilement sur tous les styles de fa\u00e7ades.<\/p>\r\n\r\n\r\n\r\n<p>Une <a href=\"https:\/\/www.lapeyre.fr\/sectionnelles-CCN688148\">porte de garage sectionnelle<\/a> sur mesure peut aussi int\u00e9grer un syst\u00e8me de motorisation.\u00a0<\/p>\r\n\r\n\r\n\r\n<p>Ce type de technologie est devenu incontournable sur le march\u00e9. Il suffit de contr\u00f4ler le vantail avec une t\u00e9l\u00e9commande. Les mod\u00e8les les plus avanc\u00e9s poss\u00e8dent d\u2019ailleurs des technologies de pointe.<\/p>\r\n\r\n\r\n\r\n<h2 class=\"wp-block-heading\">Une porte de garage automatique isol\u00e9e<\/h2>\r\n\r\n\r\n\r\n<p>La pose de <a href=\"https:\/\/www.lapeyre.fr\/motorisation-portes-garage-CCN687940\">motorisation<\/a> est incontournable pour une porte de garage sectionnelle. Cela \u00e9vite de tirer ou de pousser manuellement le vantail.\u00a0<\/p>\r\n\r\n\r\n\r\n<p>Vous ne serez plus oblig\u00e9 de descendre de la voiture pour ouvrir la porte du garage. Cela offre de nombreux avantages et peu importe la saison. <strong>Les fortes tomb\u00e9es de neiges n\u2019auront plus aucun impact sur le bon fonctionnement de la porte.<\/strong><\/p>\r\n\r\n\r\n\r\n<p>Une porte de garage sectionnelle est une construction isolante, surtout quand elle est automatis\u00e9e. Le vantail ne laisse pas passer la moindre fuite d\u2019air gr\u00e2ce \u00e0 la motorisation. Cela garantit un meilleur confort que ce soit en \u00e9t\u00e9 ou en hiver.\u00a0<\/p>\r\n\r\n\r\n\r\n<h2 class=\"wp-block-heading\">Choisir une porte de garage sectionnelle pr\u00e9mont\u00e9e<\/h2>\r\n\r\n\r\n\r\n<p>Vous pouvez d\u00e9nicher une porte moderne en optant pour un mod\u00e8le pr\u00e9-mont\u00e9. Cela participe aussi \u00e0 la solidit\u00e9 et la performance du vantail. <strong>Il faut savoir que ce type de porte est tr\u00e8s facile \u00e0 installer.<\/strong><\/p>\r\n\r\n\r\n\r\n<p>Pour gagner du temps, vous pouvez requ\u00e9rir l\u2019aide d\u2019un professionnel qui s\u2019assurera du bon montage de votre porte selon les normes en vigueur et de la bonne \u00e9tanch\u00e9it\u00e9 de cette derni\u00e8re. La livraison d\u2019un kit de porte pr\u00e9-mont\u00e9e se fait rapidement.<\/p>\r\n\r\n\r\n\r\n<p>Plusieurs motifs d\u00e9coratifs peuvent \u00eatre propos\u00e9s sur le march\u00e9. Il suffit de choisir un mod\u00e8le qui s\u2019int\u00e8gre efficacement avec l\u2019ouverture pour le garage.<\/p>\r\n\r\n\r\n\r\n<h2 class=\"wp-block-heading\">Ajouter un portillon sur sa porte de garage sectionnelle<\/h2>\r\n\r\n\r\n\r\n<p><a href=\"https:\/\/www.lapeyre.fr\/porte-de-garage-proaccess-basculante-debordante-avec-portillon-FPC2410461\">L\u2019int\u00e9gration d\u2019un portillon<\/a> sur la porte de garage sectionnelle ne nuit pas \u00e0 sa modernit\u00e9. Ce dernier peut \u00eatre mis en valeur ou rester discret selon le mod\u00e8le choisi.\u00a0<\/p>\r\n\r\n\r\n\r\n<p><strong>L\u2019ajout d\u2019un portillon ne g\u00e2chera pas non plus le c\u00f4t\u00e9 isolant de la porte<\/strong>. Il suffit de l\u2019installer correctement pour \u00e9viter la moindre fuite sur le vantail.<\/p>\r\n\r\n\r\n\r\n<p>Le portillon peut \u00eatre int\u00e9gr\u00e9 dans le kit ou install\u00e9 ult\u00e9rieurement selon le mod\u00e8le choisi.<\/p>\r\n\n<p style=\"text-align: center;\"><a class=\"bouton bleu\" id=\"btn-rdv-magazine\" href=\"https:\/\/www.lapeyre.fr\/prise-de-rdv\">Prendre RDV<\/a><\/p>","protected":false},"excerpt":{"rendered":"<p>Choisir une porte de garage sectionnelle procure de nombreux avantages, notamment une v\u00e9ritable solidit\u00e9. Ce type d\u2019ouverture&#8230;<\/p>\n","protected":false},"author":1005,"featured_media":2473,"comment_status":"open","ping_status":"open","sticky":false,"template":"","format":"standard","meta":{"_acf_changed":false,"footnotes":""},"categories":[982],"tags":[23],"class_list":{"2":"type-post","6":"hentry"},"acf":[],"_links":{"self":[{"href":"https:\/\/www.lapeyre.fr\/c\/magazine\/wp-json\/wp\/v2\/posts\/2472","targetHints":{"allow":["GET"]}}],"collection":[{"href":"https:\/\/www.lapeyre.fr\/c\/magazine\/wp-json\/wp\/v2\/posts"}],"about":[{"href":"https:\/\/www.lapeyre.fr\/c\/magazine\/wp-json\/wp\/v2\/types\/post"}],"author":[{"embeddable":true,"href":"https:\/\/www.lapeyre.fr\/c\/magazine\/wp-json\/wp\/v2\/users\/1005"}],"replies":[{"embeddable":true,"href":"https:\/\/www.lapeyre.fr\/c\/magazine\/wp-json\/wp\/v2\/comments?post=2472"}],"version-history":[{"count":0,"href":"https:\/\/www.lapeyre.fr\/c\/magazine\/wp-json\/wp\/v2\/posts\/2472\/revisions"}],"wp:featuredmedia":[{"embeddable":true,"href":"https:\/\/www.lapeyre.fr\/c\/magazine\/wp-json\/wp\/v2\/media\/2473"}],"wp:attachment":[{"href":"https:\/\/www.lapeyre.fr\/c\/magazine\/wp-json\/wp\/v2\/media?parent=2472"}],"wp:term":[{"taxonomy":"category","embeddable":true,"href":"https:\/\/www.lapeyre.fr\/c\/magazine\/wp-json\/wp\/v2\/categories?post=2472"},{"taxonomy":"post_tag","embeddable":true,"href":"https:\/\/www.lapeyre.fr\/c\/magazine\/wp-json\/wp\/v2\/tags?post=2472"}],"curies":[{"name":"wp","href":"https:\/\/api.w.org\/{rel}","templated":true}]}}