{"id":2502,"date":"2021-04-07T10:55:02","date_gmt":"2021-04-07T08:55:02","guid":{"rendered":"https:\/\/magazine.lapeyre.fr\/c\/magazine\/?p=2502"},"modified":"2025-03-13T09:40:49","modified_gmt":"2025-03-13T08:40:49","slug":"installation-motorisation-portail","status":"publish","type":"post","link":"https:\/\/www.lapeyre.fr\/c\/magazine\/installation-motorisation-portail\/","title":{"rendered":"Installer une motorisation de portail : comment proc\u00e9der ?"},"content":{"rendered":"\r\n<p>Le portail automatique vous offre la s\u00e9curit\u00e9 et le confort dont vous avez besoin. <strong>Souvent privil\u00e9gi\u00e9e pour les propri\u00e9t\u00e9s priv\u00e9es et lieux de travail, la motorisation de portail est un dispositif facile \u00e0 installer<\/strong>. Voici comment motoriser un portail en quelques \u00e9tapes simples.<\/p>\r\n\r\n\r\n\r\n<figure class=\"wp-block-image size-large is-style-default\"><img loading=\"lazy\" decoding=\"async\" width=\"1024\" height=\"811\" class=\"wp-image-2503\" src=\"https:\/\/magazine.lapeyre.fr\/wp-content\/uploads\/2021\/04\/202130990_2_HD-1024x811.jpg\" alt=\"Portail\" srcset=\"https:\/\/www.lapeyre.fr\/wp-content\/uploads\/2021\/04\/202130990_2_HD-1024x811.jpg 1024w, https:\/\/www.lapeyre.fr\/wp-content\/uploads\/2021\/04\/202130990_2_HD-300x238.jpg 300w, https:\/\/www.lapeyre.fr\/wp-content\/uploads\/2021\/04\/202130990_2_HD-768x608.jpg 768w, https:\/\/www.lapeyre.fr\/wp-content\/uploads\/2021\/04\/202130990_2_HD-1536x1216.jpg 1536w, https:\/\/www.lapeyre.fr\/wp-content\/uploads\/2021\/04\/202130990_2_HD-2048x1622.jpg 2048w, https:\/\/www.lapeyre.fr\/wp-content\/uploads\/2021\/04\/202130990_2_HD.jpg 1920w\" sizes=\"auto, (max-width: 1024px) 100vw, 1024px\" \/><\/figure>\r\n\r\n\r\n\r\n<h2 class=\"wp-block-heading\">Quelques notions sur le fonctionnement d\u2019un portail motoris\u00e9<\/h2>\r\n\r\n\r\n\r\n<p><a href=\"https:\/\/www.lapeyre.fr\/motorisation-portails-CCN0217\">La motorisation d\u2019un portail<\/a> est fonction du type d\u2019ouverture choisi.\u00a0<\/p>\r\n\r\n\r\n\r\n<p><strong>Les portails automatiques sont command\u00e9s par la force que le moteur applique au vantail ou \u00e0 la structure coulissante.\u00a0<\/strong><\/p>\r\n\r\n\r\n\r\n<p>Des arr\u00eats, ou but\u00e9es, doivent ainsi \u00eatre envisag\u00e9s aux deux extr\u00e9mit\u00e9s, l\u2019un \u00e0 l\u2019ouverture et l\u2019autre \u00e0 la fermeture.\u00a0<\/p>\r\n\r\n\r\n\r\n<p>Des bras articul\u00e9s se chargent de tirer ou de pousser le portail afin que celui-ci puisse s\u2019ouvrir ou se fermer. <strong>La motorisation d\u2019un portail n\u00e9cessite ainsi une arriv\u00e9e de courant d\u2019une puissance de 220 V<\/strong>.<\/p>\r\n\r\n\r\n\r\n<h2 class=\"wp-block-heading\">Pr\u00e9parer le portail pour l\u2019installation de la motorisation<\/h2>\r\n\r\n\r\n\r\n<p>Le portail doit \u00eatre de niveau et pouvoir pivoter librement sur ses charni\u00e8res. S\u2019il y a des pi\u00e8ces endommag\u00e9es ou us\u00e9es, elles doivent \u00eatre remplac\u00e9es ou r\u00e9par\u00e9es.\u00a0<\/p>\r\n\r\n\r\n\r\n<p>Les accessoires fournis pour la <a href=\"https:\/\/www.lapeyre.fr\/motorisation-portails-CCN0217\">motorisation du portail<\/a> sont complets et r\u00e9glables afin de s\u2019adapter aux diff\u00e9rents types d\u2019installations : un mod\u00e8le battant \u00e0 vantaux, avec bras articul\u00e9s, \u00e0 v\u00e9rins, \u00e0 roues, enterr\u00e9, int\u00e9gr\u00e9, ou bien un mod\u00e8le coulissant.<\/p>\r\n\r\n\r\n\r\n<h2 class=\"wp-block-heading\">D\u00e9cider de l\u2019emplacement du bo\u00eetier de commande<\/h2>\r\n\r\n\r\n\r\n<p><strong>Le bo\u00eetier de commande doit \u00eatre plac\u00e9 \u00e0 l\u2019abri de la lumi\u00e8re directe du soleil<\/strong>, et facilement accessible au passage du v\u00e9hicule. Il doit \u00eatre plac\u00e9 \u00e0 au moins un m\u00e8tre au-dessus du sol, et \u00e9galement \u00e0 un m\u00e8tre au moins de sa source d\u2019\u00e9nergie.\u00a0<\/p>\r\n\r\n\r\n\r\n<p><strong>Prot\u00e9gez la gaine des c\u00e2bles contre d\u2019\u00e9ventuelles agressions m\u00e9caniques ou climatiques<\/strong>. La position du capteur de la cellule photo\u00e9lectrique doit pouvoir d\u00e9tecter la pr\u00e9sence d\u2019un obstacle, de l\u2019int\u00e9rieur ou de l\u2019ext\u00e9rieur.<\/p>\r\n\r\n\r\n\r\n<h2 class=\"wp-block-heading\">V\u00e9rifier l\u2019aplomb des piliers du portail et l\u2019encombrement des bras articul\u00e9s<\/h2>\r\n\r\n\r\n\r\n<p>Les piliers du portail doivent \u00eatre d\u2019aplomb, autrement dit parfaitement droits.\u00a0<\/p>\r\n\r\n\r\n\r\n<p>Prenez les mesures au sol, \u00e0 mi-hauteur, et sous chapeau.\u00a0<\/p>\r\n\r\n\r\n\r\n<p>Dans le cadre de leur fixation, assurez-vous que la ma\u00e7onnerie permette une bonne fixation des chevilles m\u00e9caniques.\u00a0<\/p>\r\n\r\n\r\n\r\n<p>Raccordez les bras articul\u00e9s avec l\u2019ensemble du support du pilier du portail. Ils doivent disposer d\u2019une distance de 30 cm entre l\u2019axe de rotation du vantail et la face int\u00e9rieure du pilier lat\u00e9ral.\u00a0<\/p>\r\n\r\n\r\n\r\n<p>Assurez-vous que les bras articul\u00e9s pr\u00e9servent leur niveau, en ajustant le support du pilier si n\u00e9cessaire.\u00a0<\/p>\r\n\r\n\r\n\r\n<p>De m\u00eame, assurez-vous de la solidit\u00e9 des piliers et de la fixation des gonds. Ils doivent \u00eatre capables de r\u00e9sister \u00e0 la traction exerc\u00e9e notamment par les vantaux.<\/p>\r\n\r\n\r\n\r\n<h2 class=\"wp-block-heading\">Connecter le dispositif \u00e9lectronique<\/h2>\r\n\r\n\r\n\r\n<p>Cette \u00e9tape finale n\u00e9cessite la manipulation des c\u00e2bles d\u2019alimentation, du transformateur et des batteries.\u00a0<\/p>\r\n\r\n\r\n\r\n<p>Afin de connecter les fils de batterie, faites-les passer par la fente de d\u00e9charge du bo\u00eetier de commande.\u00a0<\/p>\r\n\r\n\r\n\r\n<p>Pour la connexion du c\u00e2ble d\u2019alimentation, ins\u00e9rez-le dans les fentes de d\u00e9charge de traction.\u00a0<\/p>\r\n\r\n\r\n\r\n<p>Connectez enfin les fils de la batterie et ceux du c\u00e2ble d\u2019alimentation \u00e0 leurs bornes correspondantes.<\/p>\r\n\r\n\r\n\r\n<p>N\u2019oubliez pas que des <a href=\"https:\/\/www.lapeyre.fr\/c\/services\/installation-lapeyre\">professionnels sont l\u00e0 pour vous accompagner dans votre projet de motorisation de portail<\/a>. Ils vous aideront \u00e9galement \u00e0 \u00e9valuer la faisabilit\u00e9 de votre projet.<\/p>\r\n\n<p style=\"text-align: center;\"><a class=\"bouton bleu\" id=\"btn-rdv-magazine\" href=\"https:\/\/www.lapeyre.fr\/prise-de-rdv\">Prendre RDV<\/a><\/p>","protected":false},"excerpt":{"rendered":"<p>Le portail automatique vous offre la s\u00e9curit\u00e9 et le confort dont vous avez besoin. Souvent privil\u00e9gi\u00e9e pour&#8230;<\/p>\n","protected":false},"author":1005,"featured_media":2503,"comment_status":"open","ping_status":"open","sticky":false,"template":"","format":"standard","meta":{"_acf_changed":false,"footnotes":""},"categories":[989,992],"tags":[913,910,10],"class_list":{"2":"type-post","6":"hentry"},"acf":[],"_links":{"self":[{"href":"https:\/\/www.lapeyre.fr\/c\/magazine\/wp-json\/wp\/v2\/posts\/2502","targetHints":{"allow":["GET"]}}],"collection":[{"href":"https:\/\/www.lapeyre.fr\/c\/magazine\/wp-json\/wp\/v2\/posts"}],"about":[{"href":"https:\/\/www.lapeyre.fr\/c\/magazine\/wp-json\/wp\/v2\/types\/post"}],"author":[{"embeddable":true,"href":"https:\/\/www.lapeyre.fr\/c\/magazine\/wp-json\/wp\/v2\/users\/1005"}],"replies":[{"embeddable":true,"href":"https:\/\/www.lapeyre.fr\/c\/magazine\/wp-json\/wp\/v2\/comments?post=2502"}],"version-history":[{"count":0,"href":"https:\/\/www.lapeyre.fr\/c\/magazine\/wp-json\/wp\/v2\/posts\/2502\/revisions"}],"wp:featuredmedia":[{"embeddable":true,"href":"https:\/\/www.lapeyre.fr\/c\/magazine\/wp-json\/wp\/v2\/media\/2503"}],"wp:attachment":[{"href":"https:\/\/www.lapeyre.fr\/c\/magazine\/wp-json\/wp\/v2\/media?parent=2502"}],"wp:term":[{"taxonomy":"category","embeddable":true,"href":"https:\/\/www.lapeyre.fr\/c\/magazine\/wp-json\/wp\/v2\/categories?post=2502"},{"taxonomy":"post_tag","embeddable":true,"href":"https:\/\/www.lapeyre.fr\/c\/magazine\/wp-json\/wp\/v2\/tags?post=2502"}],"curies":[{"name":"wp","href":"https:\/\/api.w.org\/{rel}","templated":true}]}}