{"id":2505,"date":"2025-04-07T11:01:04","date_gmt":"2025-04-07T09:01:04","guid":{"rendered":"https:\/\/magazine.lapeyre.fr\/c\/magazine\/?p=2505"},"modified":"2025-09-03T16:15:44","modified_gmt":"2025-09-03T14:15:44","slug":"dimensionner-baie-vitree-coulissante","status":"publish","type":"post","link":"https:\/\/www.lapeyre.fr\/c\/magazine\/dimensionner-baie-vitree-coulissante\/","title":{"rendered":"Baie vitr\u00e9e coulissante\u2009: comment prendre ses dimensions ?"},"content":{"rendered":"\r\n<p>Que vous r\u00e9noviez votre maison ou construisiez une nouvelle r\u00e9sidence, <strong>une <a href=\"https:\/\/www.lapeyre.fr\/produits\/menuiserie-porte-fenetre\/baie-vitree\">baie vitr\u00e9e<\/a> coulissante, simple, double ou triple vitrage, est un plus qui permet \u00e0 la lumi\u00e8re naturelle de p\u00e9n\u00e9trer dans votre maison.<\/strong><\/p>\r\n<p>Que vous construisiez votre maison et vouliez installer des ouvertures ou que vous souhaitiez remplacer vos baies vitr\u00e9es existantes, vous devez prendre les bonnes dimensions de votre fen\u00eatre afin d\u2019en tirer pleinement profit. Voici les \u00e9tapes cl\u00e9s pour y parvenir.<\/p>\r\n\r\n\r\n\r\n<figure class=\"wp-block-image size-large is-style-default\">\r\n<figure id=\"attachment_2506\" aria-describedby=\"caption-attachment-2506\" style=\"width: 1024px\" class=\"wp-caption alignnone\"><img loading=\"lazy\" decoding=\"async\" class=\"wp-image-2506\" src=\"https:\/\/magazine.lapeyre.fr\/wp-content\/uploads\/2021\/04\/202130797_2_HD-1024x819.jpg\" alt=\"Baie coulissante PVC CALISTA\" width=\"1024\" height=\"819\" srcset=\"https:\/\/www.lapeyre.fr\/wp-content\/uploads\/2021\/04\/202130797_2_HD-1024x819.jpg 1024w, https:\/\/www.lapeyre.fr\/wp-content\/uploads\/2021\/04\/202130797_2_HD-300x240.jpg 300w, https:\/\/www.lapeyre.fr\/wp-content\/uploads\/2021\/04\/202130797_2_HD-768x614.jpg 768w, https:\/\/www.lapeyre.fr\/wp-content\/uploads\/2021\/04\/202130797_2_HD-1536x1228.jpg 1536w, https:\/\/www.lapeyre.fr\/wp-content\/uploads\/2021\/04\/202130797_2_HD-2048x1638.jpg 2048w, https:\/\/www.lapeyre.fr\/wp-content\/uploads\/2021\/04\/202130797_2_HD.jpg 1920w\" sizes=\"auto, (max-width: 1024px) 100vw, 1024px\" \/><figcaption id=\"caption-attachment-2506\" class=\"wp-caption-text\">Baie coulissante PVC CALISTA<\/figcaption><\/figure>\r\n<\/figure>\r\n\r\n\r\n\r\n<h2>Pr\u00e9parer les outils<\/h2>\r\n<p>Peu importe ce que vous voulez dimensionner (une baie vitr\u00e9e, <strong>une <\/strong><a href=\"https:\/\/www.lapeyre.fr\/produits\/menuiserie-porte-fenetre\/fenetre\"><strong>fen\u00eatre<\/strong><\/a> standard ou <strong>une <a href=\"https:\/\/www.lapeyre.fr\/produits\/menuiserie-porte-fenetre\/porte-dinterieur\">porte d\u2019int\u00e9rieur<\/a><\/strong>) et peu importe le mat\u00e9riau de l\u2019ouverture (PVC, aluminium ou bois), la d\u00e9marche reste la m\u00eame. <strong>Vous devez toujours vous munir au pr\u00e9alable des outils qui vont vous permettre de prendre des mesures exactes.<\/strong><\/p>\r\n<p>Vous aurez besoin d\u2019un m\u00e8tre, d\u2019un crayon et d\u2019une feuille sur laquelle reporter les valeurs prises. C\u2019est la seule mani\u00e8re d\u2019adapter parfaitement votre baie vitr\u00e9e coulissante \u00e0 l\u2019emplacement pr\u00e9vu.<\/p>\r\n<h2>Prendre les dimensions de la baie vitr\u00e9e<\/h2>\r\n<h3>Les dimensions pour un remplacement de baie vitr\u00e9e coulissante<\/h3>\r\n<p>Muni d\u2019un m\u00e8tre, prenez la mesure de la hauteur de votre baie vitr\u00e9e.<\/p>\r\n<p>Prenez l\u2019\u00e9cart entre le bord sup\u00e9rieur du cadre et le sol. Mesurez ensuite les bords du c\u00f4t\u00e9 droit et du c\u00f4t\u00e9 gauche de la menuiserie.<\/p>\r\n<p>Pour vous assurer que la nouvelle baie vitr\u00e9e coulissante puisse s\u2019ins\u00e9rer dans l\u2019ouverture du mur, prenez la plus petite mesure comme r\u00e9f\u00e9rence, et retirez en 10 mm.<\/p>\r\n<p>Afin d\u2019obtenir la bonne largeur, mesurez l\u2019\u00e9cart entre les bords des c\u00f4t\u00e9s droite et gauche de l\u2019intrados. N\u2019oubliez pas de mesurer les distances en haut et en bas. Cette fois, prenez la plus petite valeur comme r\u00e9f\u00e9rence, et retirez 20 mm. Si besoin, appliquez des joints.<\/p>\r\n<h3>Les dimensions pour l\u2019installation d\u2019une nouvelle baie vitr\u00e9e coulissante<\/h3>\r\n<p><strong>Pour l\u2019installation d\u2019une nouvelle baie vitr\u00e9e coulissante, vous devez d\u00e9terminer les dimensions de son emplacement sur le mur.<\/strong> Pour cela :<\/p>\r\n<p>\u00b7 prenez les mesures de la hauteur de l\u2019ouverture sur le mur du c\u00f4t\u00e9 droit et du c\u00f4t\u00e9 gauche. Si vous remarquez une diff\u00e9rence, il suffit de prendre la plus petite valeur en tant que r\u00e9f\u00e9rence, lui retirer 20 mm pour avoir la dimension requise. La baie va s\u2019ins\u00e9rer ainsi dans l\u2019intrados. Vous pouvez toujours utiliser des joints si n\u00e9cessaire.<\/p>\r\n<p>\u00b7 pour obtenir la largeur, mesurez l\u2019\u00e9cart entre le mur, du c\u00f4t\u00e9 droit et le mur gauche de l\u2019emplacement de la baie vitr\u00e9e. Prenez les mesures en haut et en bas. Notez ensuite la plus petite valeur pour votre calcul. Pour avoir une garantie que la nouvelle baie ait la largeur optimale pour l\u2019emplacement sur le mur, prenez la plus petite valeur et retirez 20 mm.<\/p>\r\n<h3>Les dimensions de baie vitr\u00e9e pour une pose en applique<\/h3>\r\n<p><strong>Pour les mesures d\u2019une pose de baie vitr\u00e9e coulissante en applique, prenez les dimensions de l\u2019ouverture du mur d\u2019emplacement<\/strong>. Rajoutez 60 mm sur la largeur, puis 30 mm en hauteur. Les 30 mm du dormant viendront s\u2019appliquer en haut contre le mur, \u00e0 droite et \u00e0 gauche.<\/p>\r\n<h3>Les dimensions pour une pose en r\u00e9novation<\/h3>\r\n<p><strong>Pour les mesures d\u2019une baie vitr\u00e9e pour pose en r\u00e9novation, prenez les mesures suivantes :<\/strong><\/p>\r\n<p>\u00b7 la hauteur, la largeur \u00e0 l\u2019int\u00e9rieur du dormant, soit la taille d\u2019extr\u00e9mit\u00e9 du cadre \u00e0 l\u2019autre. D\u00e9duisez ensuite 2 mm en largeur et 2 mm en hauteur.<\/p>\r\n<p>\u00b7 notez que la taille de la bavette de recouvrement ne doit pas \u00eatre comprise dans les dimensions que vous prenez.<\/p>\r\n<h2>Quelles sont les dimensions de baie vitr\u00e9e minimales et maximales recommand\u00e9es ?<\/h2>\r\n<p>Les dimensions minimales et maximales recommand\u00e9es pour une baie vitr\u00e9e varient selon le type de menuiserie et les besoins de l&rsquo;espace o\u00f9 elle sera install\u00e9e. Voici un aper\u00e7u des dimensions courantes :<\/p>\r\n<p>Pour une <strong>baie vitr\u00e9e<\/strong> standard, la largeur minimale peut \u00eatre d&rsquo;<strong>environ 90 cm<\/strong>, et la hauteur minimale est souvent de <strong>163 cm<\/strong>. Cependant, pour des baies plus petites, la hauteur peut \u00eatre inf\u00e9rieure, comme 65 cm, notamment pour les baies sur-mesure.<\/p>\r\n<p>Les baies vitr\u00e9es peuvent atteindre des dimensions maximales impressionnantes, avec des largeurs allant jusqu&rsquo;\u00e0 <strong>6 m\u00e8tres<\/strong> pour les baies panoramiques \u00e0 plusieurs vantaux et des hauteurs pouvant atteindre <strong>2,45 m\u00e8tres<\/strong> pour certaines configurations sur-mesure. Les vantaux individuels peuvent avoir une largeur maximale de <strong>150 cm<\/strong> et une hauteur maximale de <strong>300 cm<\/strong>. Tout d\u00e9pend de l\u2019espace, de la pi\u00e8ce et de l\u2019utilit\u00e9 principale de votre baie vitr\u00e9e.<\/p>\r\n<h2>Quel mat\u00e9riau selon la dimension de la baie vitr\u00e9e ?<\/h2>\r\n<p>Les mat\u00e9riaux les plus adapt\u00e9s pour les baies vitr\u00e9es d\u00e9pendent de plusieurs crit\u00e8res. Vos pr\u00e9f\u00e9rences, la durabilit\u00e9, l&rsquo;isolation thermique et phonique, ainsi que le prix du produit.<\/p>\r\n<p>Vous comptez opter pour une grande baie vitr\u00e9e ? Si vous souhaitez profiter d\u2019une tr\u00e8s bonne isolation thermique et acoustique (ce qui est particuli\u00e8rement important avec les grandes ouvertures), optez pour une <a href=\"https:\/\/www.lapeyre.fr\/produits\/menuiserie-porte-fenetre\/baie-vitree\/baie-vitree-bois\">baie vitr\u00e9e en bois<\/a>. Le prix \u00e0 l\u2019achat est plus \u00e9lev\u00e9 mais vous ferez de belles \u00e9conomies sur le long terme ! Pour un aspect moderne, une grande est id\u00e9ale. Une <a href=\"https:\/\/www.lapeyre.fr\/produits\/menuiserie-porte-fenetre\/baie-vitree\/baie-vitree-pvc\">baie vitr\u00e9e en PVC<\/a> conviendra \u00e9galement mais il se peut que le mat\u00e9riau soit moins esth\u00e9tique que du bois ou de l\u2019aluminium pour une grande ouverture.<\/p>\r\n<p>Pour les baies vitr\u00e9es aux dimensions r\u00e9duites, tous les types d\u2019ouvertures conviennent. Bois, aluminium ou PVC : vous n\u2019avez qu\u2019\u00e0 choisir !<\/p>\r\n\n<p style=\"text-align: center;\"><a class=\"bouton bleu\" id=\"btn-rdv-magazine\" href=\"https:\/\/www.lapeyre.fr\/prise-de-rdv\">Prendre RDV<\/a><\/p>","protected":false},"excerpt":{"rendered":"<p>Que vous r\u00e9noviez votre maison ou construisiez une nouvelle r\u00e9sidence, une baie vitr\u00e9e coulissante, simple, double ou&#8230;<\/p>\n","protected":false},"author":1005,"featured_media":2506,"comment_status":"open","ping_status":"open","sticky":false,"template":"","format":"standard","meta":{"_acf_changed":false,"footnotes":""},"categories":[955,958],"tags":[902,917,925],"class_list":{"2":"type-post","6":"hentry"},"acf":[],"_links":{"self":[{"href":"https:\/\/www.lapeyre.fr\/c\/magazine\/wp-json\/wp\/v2\/posts\/2505","targetHints":{"allow":["GET"]}}],"collection":[{"href":"https:\/\/www.lapeyre.fr\/c\/magazine\/wp-json\/wp\/v2\/posts"}],"about":[{"href":"https:\/\/www.lapeyre.fr\/c\/magazine\/wp-json\/wp\/v2\/types\/post"}],"author":[{"embeddable":true,"href":"https:\/\/www.lapeyre.fr\/c\/magazine\/wp-json\/wp\/v2\/users\/1005"}],"replies":[{"embeddable":true,"href":"https:\/\/www.lapeyre.fr\/c\/magazine\/wp-json\/wp\/v2\/comments?post=2505"}],"version-history":[{"count":0,"href":"https:\/\/www.lapeyre.fr\/c\/magazine\/wp-json\/wp\/v2\/posts\/2505\/revisions"}],"wp:featuredmedia":[{"embeddable":true,"href":"https:\/\/www.lapeyre.fr\/c\/magazine\/wp-json\/wp\/v2\/media\/2506"}],"wp:attachment":[{"href":"https:\/\/www.lapeyre.fr\/c\/magazine\/wp-json\/wp\/v2\/media?parent=2505"}],"wp:term":[{"taxonomy":"category","embeddable":true,"href":"https:\/\/www.lapeyre.fr\/c\/magazine\/wp-json\/wp\/v2\/categories?post=2505"},{"taxonomy":"post_tag","embeddable":true,"href":"https:\/\/www.lapeyre.fr\/c\/magazine\/wp-json\/wp\/v2\/tags?post=2505"}],"curies":[{"name":"wp","href":"https:\/\/api.w.org\/{rel}","templated":true}]}}