{"id":2519,"date":"2021-04-08T14:50:00","date_gmt":"2021-04-08T12:50:00","guid":{"rendered":"https:\/\/magazine.lapeyre.fr\/c\/magazine\/?p=2519"},"modified":"2025-12-17T10:43:24","modified_gmt":"2025-12-17T09:43:24","slug":"creer-tremie-escalier","status":"publish","type":"post","link":"https:\/\/www.lapeyre.fr\/c\/magazine\/creer-tremie-escalier\/","title":{"rendered":"Comment cr\u00e9er une tr\u00e9mie d\u2019escalier\u202f?"},"content":{"rendered":"\r\n<p><span class=\"TextRun SCXW203994937 BCX0\" lang=\"FR-FR\" xml:lang=\"FR-FR\" data-contrast=\"auto\"><span class=\"NormalTextRun SCXW203994937 BCX0\">D\u00e9couvrez\u00a0<\/span><span class=\"NormalTextRun SCXW203994937 BCX0\">avec Lapeyre\u00a0<\/span><span class=\"NormalTextRun SCXW203994937 BCX0\">si vous devez faire appel \u00e0 un professionnel<\/span><span class=\"NormalTextRun SCXW203994937 BCX0\">\u00a0ou si quelques\u00a0<\/span><span class=\"NormalTextRun SCXW203994937 BCX0\">conseils\u00a0<\/span><span class=\"NormalTextRun SCXW203994937 BCX0\">suffisent<\/span><span class=\"NormalTextRun SCXW203994937 BCX0\">\u00a0pour r\u00e9ussir votre projet de tr\u00e9mie d\u2019escalier.<\/span><\/span><span class=\"EOP SCXW203994937 BCX0\" data-ccp-props=\"{&quot;335551550&quot;:6,&quot;335551620&quot;:6,&quot;469777462&quot;:[2424],&quot;469777927&quot;:[0],&quot;469777928&quot;:[1]}\">\u00a0<\/span><\/p>\r\n<p><img loading=\"lazy\" decoding=\"async\" class=\"aligncenter wp-image-4746 size-large\" src=\"https:\/\/www.lapeyre.fr\/wp-content\/uploads\/2021\/04\/202600032_5-1024x768.jpg\" alt=\"Echelle EZIO double cr\u00e9maill\u00e8re \" width=\"1024\" height=\"768\" srcset=\"https:\/\/www.lapeyre.fr\/wp-content\/uploads\/2021\/04\/202600032_5-1024x768.jpg 1024w, https:\/\/www.lapeyre.fr\/wp-content\/uploads\/2021\/04\/202600032_5-300x225.jpg 300w, https:\/\/www.lapeyre.fr\/wp-content\/uploads\/2021\/04\/202600032_5-768x576.jpg 768w, https:\/\/www.lapeyre.fr\/wp-content\/uploads\/2021\/04\/202600032_5-1536x1152.jpg 1536w, https:\/\/www.lapeyre.fr\/wp-content\/uploads\/2021\/04\/202600032_5-2048x1536.jpg 2048w, https:\/\/www.lapeyre.fr\/wp-content\/uploads\/2021\/04\/202600032_5-1920x1440.jpg 1920w\" sizes=\"auto, (max-width: 1024px) 100vw, 1024px\" \/><\/p>\r\n\r\n\r\n\r\n\r\n\r\n<h1 style=\"max-width: 60rem; margin: 3rem auto 3rem auto;\"><span class=\"TextRun SCXW224365985 BCX0\" lang=\"FR-FR\" xml:lang=\"FR-FR\" data-contrast=\"auto\"><span class=\"NormalTextRun SCXW224365985 BCX0\" data-ccp-parastyle=\"paragraph\" data-ccp-parastyle-defn=\"{&quot;ObjectId&quot;:&quot;aaed607e-c2a3-5841-9fb4-41037bfa0faf|1&quot;,&quot;ClassId&quot;:1073872969,&quot;Properties&quot;:[469777841,&quot;Times New Roman&quot;,469777842,&quot;Times New Roman&quot;,469777843,&quot;Times New Roman&quot;,469777844,&quot;Times New Roman&quot;,469769226,&quot;Times New Roman&quot;,268442635,&quot;24&quot;,469775450,&quot;paragraph&quot;,201340122,&quot;2&quot;,134233614,&quot;true&quot;,469778129,&quot;paragraph&quot;,335572020,&quot;1&quot;,335559705,&quot;1036&quot;,335551547,&quot;1036&quot;,335559740,&quot;240&quot;,201341983,&quot;0&quot;,134233118,&quot;true&quot;,134233117,&quot;true&quot;,469778324,&quot;Normal&quot;]}\">Comment cr\u00e9er une tr\u00e9mie d\u2019escalier\u202f?<\/span><\/span><\/h1>\r\n<p><span data-contrast=\"auto\">La tr\u00e9mie est une ouverture dans le plancher qui s\u00e9pare deux \u00e9tages\u00a0et qui permet d\u2019installer\u202fun escalier.\u202f<\/span><span data-ccp-props=\"{&quot;134233117&quot;:true,&quot;134233118&quot;:true,&quot;201341983&quot;:0,&quot;335559740&quot;:240}\">\u00a0<\/span><\/p>\r\n<p><b><span data-contrast=\"auto\">Au-del\u00e0 de sa praticit\u00e9, un escalier int\u00e9rieur peut donner du cachet \u00e0 une pi\u00e8ce, \u00e0 condition de bien choisir son emplacement, sa forme et sa taille.\u202f<\/span><\/b><span data-ccp-props=\"{&quot;134233117&quot;:true,&quot;134233118&quot;:true,&quot;201341983&quot;:0,&quot;335559740&quot;:240}\">\u00a0<\/span><\/p>\r\n<p><span data-contrast=\"auto\">Une tr\u00e9mie et son escalier sont aussi une source de lumi\u00e8re pour une pi\u00e8ce, en plus de diffuser la chaleur du logement.\u202fLa cr\u00e9ation d\u2019une tr\u00e9mie n\u2019est pas seulement une affaire de professionnel,\u202f<\/span><b><span data-contrast=\"auto\">vous pouvez cr\u00e9er votre propre tr\u00e9mie en suivant quelques conseils de base.<\/span><\/b><span data-ccp-props=\"{&quot;134233117&quot;:true,&quot;134233118&quot;:true,&quot;201341983&quot;:0,&quot;335559740&quot;:240}\">\u00a0<\/span><\/p>\r\n\r\n\r\n\r\n<h2 class=\"wp-block-heading\"><span class=\"TextRun SCXW136249978 BCX0\" lang=\"FR-FR\" xml:lang=\"FR-FR\" data-contrast=\"auto\"><span class=\"NormalTextRun SCXW136249978 BCX0\" data-ccp-parastyle=\"paragraph\" data-ccp-parastyle-defn=\"{&quot;ObjectId&quot;:&quot;aaed607e-c2a3-5841-9fb4-41037bfa0faf|1&quot;,&quot;ClassId&quot;:1073872969,&quot;Properties&quot;:[469777841,&quot;Times New Roman&quot;,469777842,&quot;Times New Roman&quot;,469777843,&quot;Times New Roman&quot;,469777844,&quot;Times New Roman&quot;,469769226,&quot;Times New Roman&quot;,268442635,&quot;24&quot;,469775450,&quot;paragraph&quot;,201340122,&quot;2&quot;,134233614,&quot;true&quot;,469778129,&quot;paragraph&quot;,335572020,&quot;1&quot;,335559705,&quot;1036&quot;,335551547,&quot;1036&quot;,335559740,&quot;240&quot;,201341983,&quot;0&quot;,134233118,&quot;true&quot;,134233117,&quot;true&quot;,469778324,&quot;Normal&quot;]}\">L\u2019emplacement de la tr\u00e9mie d\u2019escalier<\/span><\/span><\/h2>\r\n\r\n\r\n\r\n<p><span data-contrast=\"auto\">L\u2019architecture\u00a0et la taille\u00a0de votre maison influence directement l\u2019emplacement\u00a0de la tr\u00e9mie d\u2019escalier. Pour\u00a0une bonne coh\u00e9rence entre les deux\u00a0\u00e9tages, l\u2019ouverture doit \u00eatre positionn\u00e9e de mani\u00e8re \u00e0 optimiser l\u2019espace\u00a0disponible au sol tout en respectant la\u00a0largeur\u00a0et la\u00a0longueur\u00a0n\u00e9cessaires \u00e0 l\u2019escalier choisi.\u00a0<\/span><span data-ccp-props=\"{&quot;134233117&quot;:true,&quot;134233118&quot;:true,&quot;201341983&quot;:0,&quot;335559740&quot;:240}\">\u00a0<\/span><\/p>\r\n<p><span data-contrast=\"auto\">La tr\u00e9mie\u00a0d\u2019escalier\u00a0ne\u00a0<\/span><b><span data-contrast=\"auto\">doit jamais g\u00eaner l\u2019ouverture d\u2019une porte<\/span><\/b><span data-contrast=\"auto\">\u00a0afin de garantir une circulation fluide sous le\u00a0plafond\u00a0comme sur le palier. Plac\u00e9e contre un mur, elle\u00a0<\/span><span data-contrast=\"auto\">n\u2019empi\u00e8te pas sur la surface de la pi\u00e8ce\u00a0<\/span><span data-contrast=\"auto\">; install\u00e9e au centre, elle permet au contraire de mieux r\u00e9partir les volumes et de faciliter les\u00a0travaux\u00a0d\u2019am\u00e9nagement.<\/span><span data-ccp-props=\"{&quot;134233117&quot;:true,&quot;134233118&quot;:true,&quot;201341983&quot;:0,&quot;335559740&quot;:240}\">\u00a0<\/span><\/p>\r\n<p><span data-contrast=\"auto\">Ce choix d\u2019emplacement est d\u2019autant plus important si vous pr\u00e9voyez d\u2019installer un\u00a0<\/span><a href=\"https:\/\/www.lapeyre.fr\/produits\/escalier-rampe-main-courante\/escalier\/escalier-quart-tournant\"><span data-contrast=\"none\">escalier quart tournant en bois<\/span><\/a><span data-contrast=\"auto\">. Avec ses\u00a0marches\u00a0pivotantes qui\u00a0font gagner de\u00a0l\u2019espace, ce\u00a0mod\u00e8le\u00a0d\u2019escalier\u00a0n\u00e9cessite une tr\u00e9mie bien positionn\u00e9e pour permettre une mont\u00e9e s\u00e9curis\u00e9e. L\u2019ouverture doit tenir compte du d\u00e9battement de l\u2019escalier, de la largeur des marches et de la mani\u00e8re dont le quart tournant s\u2019int\u00e8gre dans la pi\u00e8ce.<\/span><span data-ccp-props=\"{&quot;134233117&quot;:true,&quot;134233118&quot;:true,&quot;201341983&quot;:0,&quot;335559740&quot;:240}\">\u00a0<\/span><\/p>\r\n\r\n\r\n\r\n<h2 class=\"wp-block-heading\"><span class=\"TextRun SCXW108245097 BCX0\" lang=\"FR-FR\" xml:lang=\"FR-FR\" data-contrast=\"auto\"><span class=\"NormalTextRun SCXW108245097 BCX0\" data-ccp-parastyle=\"paragraph\" data-ccp-parastyle-defn=\"{&quot;ObjectId&quot;:&quot;aaed607e-c2a3-5841-9fb4-41037bfa0faf|1&quot;,&quot;ClassId&quot;:1073872969,&quot;Properties&quot;:[469777841,&quot;Times New Roman&quot;,469777842,&quot;Times New Roman&quot;,469777843,&quot;Times New Roman&quot;,469777844,&quot;Times New Roman&quot;,469769226,&quot;Times New Roman&quot;,268442635,&quot;24&quot;,469775450,&quot;paragraph&quot;,201340122,&quot;2&quot;,134233614,&quot;true&quot;,469778129,&quot;paragraph&quot;,335572020,&quot;1&quot;,335559705,&quot;1036&quot;,335551547,&quot;1036&quot;,335559740,&quot;240&quot;,201341983,&quot;0&quot;,134233118,&quot;true&quot;,134233117,&quot;true&quot;,469778324,&quot;Normal&quot;]}\">L\u2019ouverture d\u2019une tr\u00e9mie d\u2019escalier<\/span><\/span><\/h2>\r\n\r\n\r\n\r\n<p><span data-contrast=\"auto\">L\u2019ouverture d\u2019une tr\u00e9mie d\u2019escalier peut toujours se r\u00e9aliser, quel que soit le type de sol que vous ayez. Cela peut \u00eatre des solives en bois, ou encore en b\u00e9ton.\u202f<\/span><span data-ccp-props=\"{&quot;134233117&quot;:true,&quot;134233118&quot;:true,&quot;201341983&quot;:0,&quot;335559740&quot;:240}\">\u00a0<\/span><\/p>\r\n<p><b><span data-contrast=\"auto\">L\u2019ouverture d\u2019une tr\u00e9mie en bois sera cependant moins co\u00fbteuse<\/span><\/b><span data-contrast=\"auto\">. L\u2019op\u00e9ration consiste ainsi \u00e0 cr\u00e9er une ouverture de forme carr\u00e9e, ronde ou rectangulaire, \u00e0 cr\u00e9er un chev\u00eatre, qui se construit \u00e0 l\u2019aide d\u2019une solive fix\u00e9e sur une charpente.\u202f<\/span><span data-ccp-props=\"{&quot;134233117&quot;:true,&quot;134233118&quot;:true,&quot;201341983&quot;:0,&quot;335559740&quot;:240}\">\u00a0<\/span><\/p>\r\n<p><b><span data-contrast=\"auto\">L\u2019ouverture pour une dalle en b\u00e9ton n\u00e9cessite quant \u00e0 elle du mat\u00e9riel plus cons\u00e9quent. Pour cette seconde option, il est vivement conseill\u00e9 de faire appel au savoir-faire d\u2019un professionnel.<\/span><\/b><span data-ccp-props=\"{&quot;134233117&quot;:true,&quot;134233118&quot;:true,&quot;201341983&quot;:0,&quot;335559740&quot;:240}\">\u00a0<\/span><\/p>\r\n\r\n\r\n\r\n<h2 class=\"wp-block-heading\"><span class=\"TextRun SCXW241961480 BCX0\" lang=\"FR-FR\" xml:lang=\"FR-FR\" data-contrast=\"auto\"><span class=\"NormalTextRun SCXW241961480 BCX0\" data-ccp-parastyle=\"paragraph\" data-ccp-parastyle-defn=\"{&quot;ObjectId&quot;:&quot;aaed607e-c2a3-5841-9fb4-41037bfa0faf|1&quot;,&quot;ClassId&quot;:1073872969,&quot;Properties&quot;:[469777841,&quot;Times New Roman&quot;,469777842,&quot;Times New Roman&quot;,469777843,&quot;Times New Roman&quot;,469777844,&quot;Times New Roman&quot;,469769226,&quot;Times New Roman&quot;,268442635,&quot;24&quot;,469775450,&quot;paragraph&quot;,201340122,&quot;2&quot;,134233614,&quot;true&quot;,469778129,&quot;paragraph&quot;,335572020,&quot;1&quot;,335559705,&quot;1036&quot;,335551547,&quot;1036&quot;,335559740,&quot;240&quot;,201341983,&quot;0&quot;,134233118,&quot;true&quot;,134233117,&quot;true&quot;,469778324,&quot;Normal&quot;]}\">La forme de la tr\u00e9mie d\u2019escalier<\/span><\/span><\/h2>\r\n\r\n\r\n\r\n<p><span data-contrast=\"auto\">La forme d\u2019une tr\u00e9mie peut \u00eatre diverses :<\/span><span data-ccp-props=\"{&quot;134233117&quot;:true,&quot;134233118&quot;:true,&quot;201341983&quot;:0,&quot;335559740&quot;:240}\">\u00a0<\/span><\/p>\r\n<ul>\r\n<li aria-setsize=\"-1\" data-leveltext=\"\uf0b7\" data-font=\"Symbol\" data-listid=\"1\" data-list-defn-props=\"{&quot;335552541&quot;:1,&quot;335559685&quot;:720,&quot;335559991&quot;:360,&quot;469769226&quot;:&quot;Symbol&quot;,&quot;469769242&quot;:[8226],&quot;469777803&quot;:&quot;left&quot;,&quot;469777804&quot;:&quot;\uf0b7&quot;,&quot;469777815&quot;:&quot;multilevel&quot;}\" data-aria-posinset=\"1\" data-aria-level=\"1\"><span data-contrast=\"auto\">carr\u00e9e\u00a0pour un\u00a0<\/span><a href=\"https:\/\/www.lapeyre.fr\/produits\/escalier-rampe-main-courante\/escalier\/escalier-en-colimacon-helicoidaux\"><span data-contrast=\"none\">escalier h\u00e9lico\u00efdal ou un escalier en colima\u00e7on<\/span><\/a><span data-ccp-props=\"{&quot;134233117&quot;:true,&quot;134233118&quot;:true,&quot;201341983&quot;:0,&quot;335559740&quot;:240}\">\u00a0<\/span><\/li>\r\n<\/ul>\r\n<ul>\r\n<li aria-setsize=\"-1\" data-leveltext=\"\uf0b7\" data-font=\"Symbol\" data-listid=\"1\" data-list-defn-props=\"{&quot;335552541&quot;:1,&quot;335559685&quot;:720,&quot;335559991&quot;:360,&quot;469769226&quot;:&quot;Symbol&quot;,&quot;469769242&quot;:[8226],&quot;469777803&quot;:&quot;left&quot;,&quot;469777804&quot;:&quot;\uf0b7&quot;,&quot;469777815&quot;:&quot;multilevel&quot;}\" data-aria-posinset=\"2\" data-aria-level=\"1\"><span data-contrast=\"auto\">rectangulaire\u00a0pour un escalier quart tournant ou un escalier droit<\/span><span data-ccp-props=\"{&quot;134233117&quot;:true,&quot;134233118&quot;:true,&quot;201341983&quot;:0,&quot;335559740&quot;:240}\">\u00a0<\/span><\/li>\r\n<\/ul>\r\n<ul>\r\n<li aria-setsize=\"-1\" data-leveltext=\"\uf0b7\" data-font=\"Symbol\" data-listid=\"1\" data-list-defn-props=\"{&quot;335552541&quot;:1,&quot;335559685&quot;:720,&quot;335559991&quot;:360,&quot;469769226&quot;:&quot;Symbol&quot;,&quot;469769242&quot;:[8226],&quot;469777803&quot;:&quot;left&quot;,&quot;469777804&quot;:&quot;\uf0b7&quot;,&quot;469777815&quot;:&quot;multilevel&quot;}\" data-aria-posinset=\"3\" data-aria-level=\"1\"><span data-contrast=\"auto\">ronde\u00a0ou en L pour un escalier h\u00e9lico\u00efdal<\/span><span data-ccp-props=\"{&quot;134233117&quot;:true,&quot;134233118&quot;:true,&quot;201341983&quot;:0,&quot;335559740&quot;:240}\">\u00a0<\/span><\/li>\r\n<\/ul>\r\n<p><b><span data-contrast=\"auto\">Les dimensions de la tr\u00e9mie peuvent ainsi varier selon vos besoins et l\u2019aspect de l\u2019escalier<\/span><\/b><span data-contrast=\"auto\">. Une tr\u00e9mie ronde est plus difficile \u00e0 r\u00e9aliser qu\u2019une tr\u00e9mie carr\u00e9e.\u202f<\/span><span data-ccp-props=\"{&quot;134233117&quot;:true,&quot;134233118&quot;:true,&quot;201341983&quot;:0,&quot;335559740&quot;:240}\">\u00a0<\/span><\/p>\r\n<p><span data-contrast=\"auto\">Pour\u00a0<\/span><a href=\"https:\/\/www.lapeyre.fr\/produits\/escalier-rampe-main-courante\/escalier\/escalier-droit-quart-tournant\"><span data-contrast=\"none\">un escalier droit<\/span><\/a><span data-contrast=\"auto\">, la tr\u00e9mie rectangulaire doit avoir une longueur d\u2019au moins 1,90 m, avec une largeur de 80 cm au minimum.\u202f<\/span><span data-ccp-props=\"{&quot;134233117&quot;:true,&quot;134233118&quot;:true,&quot;201341983&quot;:0,&quot;335559740&quot;:240}\">\u00a0<\/span><\/p>\r\n<p><b><span data-contrast=\"auto\">Sachez qu\u2019un escalier droit n\u00e9cessite un recul important, alors que celui en colima\u00e7on est en mesure d\u2019optimiser l\u2019espace disponible.<\/span><\/b><span data-ccp-props=\"{&quot;134233117&quot;:true,&quot;134233118&quot;:true,&quot;201341983&quot;:0,&quot;335559740&quot;:240}\">\u00a0<\/span><\/p>\r\n\r\n\r\n\r\n<h2 class=\"wp-block-heading\"><span class=\"TextRun SCXW253448331 BCX0\" lang=\"FR-FR\" xml:lang=\"FR-FR\" data-contrast=\"auto\"><span class=\"NormalTextRun SCXW253448331 BCX0\" data-ccp-parastyle=\"paragraph\" data-ccp-parastyle-defn=\"{&quot;ObjectId&quot;:&quot;aaed607e-c2a3-5841-9fb4-41037bfa0faf|1&quot;,&quot;ClassId&quot;:1073872969,&quot;Properties&quot;:[469777841,&quot;Times New Roman&quot;,469777842,&quot;Times New Roman&quot;,469777843,&quot;Times New Roman&quot;,469777844,&quot;Times New Roman&quot;,469769226,&quot;Times New Roman&quot;,268442635,&quot;24&quot;,469775450,&quot;paragraph&quot;,201340122,&quot;2&quot;,134233614,&quot;true&quot;,469778129,&quot;paragraph&quot;,335572020,&quot;1&quot;,335559705,&quot;1036&quot;,335551547,&quot;1036&quot;,335559740,&quot;240&quot;,201341983,&quot;0&quot;,134233118,&quot;true&quot;,134233117,&quot;true&quot;,469778324,&quot;Normal&quot;]}\">La taille de la tr\u00e9mie et l\u2019inclinaison de l\u2019escalier<\/span><\/span><\/h2>\r\n\r\n\r\n\r\n<p><span data-contrast=\"auto\">Avant tout, la tr\u00e9mie se calcule en m\u00eame temps que les dimensions de l\u2019escalier pr\u00e9vu pour l\u2019accompagner.\u202f<\/span><span data-ccp-props=\"{&quot;134233117&quot;:true,&quot;134233118&quot;:true,&quot;201341983&quot;:0,&quot;335559740&quot;:240}\">\u00a0<\/span><\/p>\r\n<p><b><span data-contrast=\"auto\">Ainsi, il est impossible de d\u00e9terminer la mesure exacte de la tr\u00e9mie sans avoir id\u00e9e ni de la forme de l\u2019escalier ni de ses mesures.\u202f<\/span><\/b><span data-ccp-props=\"{&quot;134233117&quot;:true,&quot;134233118&quot;:true,&quot;201341983&quot;:0,&quot;335559740&quot;:240}\">\u00a0<\/span><\/p>\r\n<p><span data-contrast=\"auto\">Afin d\u2019offrir\u202f<\/span><span data-contrast=\"auto\">un escalier confortable<\/span><span data-contrast=\"auto\">\u202fpour ses usagers, sa largeur devra \u00eatre au minimum de 90 cm. Sa longueur d\u00e9pend par ailleurs de l\u2019inclinaison de l\u2019escalier et de la hauteur sous plafond de la pi\u00e8ce.\u202f<\/span><span data-ccp-props=\"{&quot;134233117&quot;:true,&quot;134233118&quot;:true,&quot;201341983&quot;:0,&quot;335559740&quot;:240}\">\u00a0<\/span><\/p>\r\n<p><span data-contrast=\"auto\">L\u2019inclinaison pour un escalier doit \u00e9galement se situer entre 25 et 35 degr\u00e9s. Avec cette pente, la tr\u00e9mie d\u2019escalier occupera au moins 3,20 m. Un escalier raide peut atteindre une inclinaison de 45 degr\u00e9s, pour une tr\u00e9mie de 2,30 m.\u00a0<\/span><span data-ccp-props=\"{&quot;134233117&quot;:true,&quot;134233118&quot;:true,&quot;201341983&quot;:0,&quot;335559740&quot;:240}\">\u00a0<\/span><\/p>\r\n<p><span data-contrast=\"auto\">N\u2019h\u00e9sitez pas \u00e0 faire appel aux <\/span><a href=\"https:\/\/www.lapeyre.fr\/c\/services\/le-conseil-a-domicile\"><span data-contrast=\"none\">services d\u2019un professionnel<\/span><\/a><span data-contrast=\"auto\">\u202fen mesure de vous guider lors du choix de votre tr\u00e9mie d\u2019escalier et son installation, pour un meilleur agencement de votre espace int\u00e9rieur, et surtout : un respect des normes de s\u00e9curit\u00e9.<\/span><span data-ccp-props=\"{&quot;134233117&quot;:true,&quot;134233118&quot;:true,&quot;201341983&quot;:0,&quot;335559740&quot;:240}\">\u00a0<\/span><\/p>\r\n<p><span data-contrast=\"auto\">Besoin d\u2019informations compl\u00e9mentaires sur les escaliers\u202f?\u00a0<\/span><a href=\"https:\/\/www.lapeyre.fr\/c\/magazine\/prix-escalier\/\"><span data-contrast=\"none\">Prix d\u2019un escalier<\/span><\/a><span data-contrast=\"auto\">, m\u00e9thode pour\u00a0<\/span><a href=\"https:\/\/www.lapeyre.fr\/c\/magazine\/comment-bien-carreler-un-escalier\/\"><span data-contrast=\"none\">carreler un escalier<\/span><\/a><span data-contrast=\"auto\">\u2026\u00a0Les experts Lapeyre sont disponibles pour vous aider dans votre projet\u202f!\u00a0Prenez rendez-vous\u00a0afin de discuter de vos futurs travaux, chez vous ou en magasin.<\/span><span data-ccp-props=\"{&quot;134233117&quot;:true,&quot;134233118&quot;:true,&quot;201341983&quot;:0,&quot;335559740&quot;:240}\">\u00a0<\/span><\/p>\r\n\n<p style=\"text-align: center;\"><a class=\"bouton bleu\" id=\"btn-rdv-magazine\" href=\"https:\/\/www.lapeyre.fr\/prise-de-rdv\">Prendre RDV<\/a><\/p>","protected":false},"excerpt":{"rendered":"<p>D\u00e9couvrez\u00a0avec Lapeyre\u00a0si vous devez faire appel \u00e0 un professionnel\u00a0ou si quelques\u00a0conseils\u00a0suffisent\u00a0pour r\u00e9ussir votre projet de tr\u00e9mie d\u2019escalier.\u00a0&#8230;<\/p>\n","protected":false},"author":1005,"featured_media":4746,"comment_status":"open","ping_status":"open","sticky":false,"template":"","format":"standard","meta":{"_acf_changed":false,"footnotes":""},"categories":[959,961],"tags":[14],"class_list":{"2":"type-post","6":"hentry"},"acf":[],"_links":{"self":[{"href":"https:\/\/www.lapeyre.fr\/c\/magazine\/wp-json\/wp\/v2\/posts\/2519","targetHints":{"allow":["GET"]}}],"collection":[{"href":"https:\/\/www.lapeyre.fr\/c\/magazine\/wp-json\/wp\/v2\/posts"}],"about":[{"href":"https:\/\/www.lapeyre.fr\/c\/magazine\/wp-json\/wp\/v2\/types\/post"}],"author":[{"embeddable":true,"href":"https:\/\/www.lapeyre.fr\/c\/magazine\/wp-json\/wp\/v2\/users\/1005"}],"replies":[{"embeddable":true,"href":"https:\/\/www.lapeyre.fr\/c\/magazine\/wp-json\/wp\/v2\/comments?post=2519"}],"version-history":[{"count":0,"href":"https:\/\/www.lapeyre.fr\/c\/magazine\/wp-json\/wp\/v2\/posts\/2519\/revisions"}],"wp:featuredmedia":[{"embeddable":true,"href":"https:\/\/www.lapeyre.fr\/c\/magazine\/wp-json\/wp\/v2\/media\/4746"}],"wp:attachment":[{"href":"https:\/\/www.lapeyre.fr\/c\/magazine\/wp-json\/wp\/v2\/media?parent=2519"}],"wp:term":[{"taxonomy":"category","embeddable":true,"href":"https:\/\/www.lapeyre.fr\/c\/magazine\/wp-json\/wp\/v2\/categories?post=2519"},{"taxonomy":"post_tag","embeddable":true,"href":"https:\/\/www.lapeyre.fr\/c\/magazine\/wp-json\/wp\/v2\/tags?post=2519"}],"curies":[{"name":"wp","href":"https:\/\/api.w.org\/{rel}","templated":true}]}}