{"id":2526,"date":"2021-04-08T15:02:57","date_gmt":"2021-04-08T13:02:57","guid":{"rendered":"https:\/\/magazine.lapeyre.fr\/c\/magazine\/?p=2526"},"modified":"2025-02-03T11:22:28","modified_gmt":"2025-02-03T10:22:28","slug":"securisation-escalier-interieur","status":"publish","type":"post","link":"https:\/\/www.lapeyre.fr\/c\/magazine\/securisation-escalier-interieur\/","title":{"rendered":"L\u2019importance de s\u00e9curiser un escalier int\u00e9rieur"},"content":{"rendered":"\r\n<p>Certains dangers sont courants lorsque l\u2019on emprunte un escalier, notamment pour les personnes \u00e2g\u00e9es et les enfants.\u00a0<\/p>\r\n\r\n\r\n\r\n<figure class=\"wp-block-image size-large is-style-default\"><img loading=\"lazy\" decoding=\"async\" width=\"724\" height=\"1024\" class=\"wp-image-222\" src=\"https:\/\/magazine.lapeyre.fr\/wp-content\/uploads\/2019\/10\/escalier-deco-724x1024.jpg\" alt=\"Espace d\u00e9tente sous escalier avec d\u00e9co color\u00e9e et papier peint\" srcset=\"https:\/\/www.lapeyre.fr\/wp-content\/uploads\/2019\/10\/escalier-deco-724x1024.jpg 724w, https:\/\/www.lapeyre.fr\/wp-content\/uploads\/2019\/10\/escalier-deco-212x300.jpg 212w, https:\/\/www.lapeyre.fr\/wp-content\/uploads\/2019\/10\/escalier-deco-768x1086.jpg 768w, https:\/\/www.lapeyre.fr\/wp-content\/uploads\/2019\/10\/escalier-deco.jpg 1357w\" sizes=\"auto, (max-width: 724px) 100vw, 724px\" \/><\/figure>\r\n\r\n\r\n\r\n<p>Le respect des normes lors de la construction d\u2019un escalier int\u00e9rieur en particulier devrait \u00eatre une exigence minimale.\u00a0<\/p>\r\n\r\n\r\n\r\n<p><strong>Quelle que soit la complexit\u00e9 du mod\u00e8le ou la noblesse des mat\u00e9riaux choisis pour sa conception, <\/strong><a href=\"https:\/\/www.lapeyre.fr\/escaliers-CCU0006\"><strong>l\u2019escalier int\u00e9rieur<\/strong><\/a><strong> doit avant tout \u00eatre s\u00e9curis\u00e9.<\/strong><\/p>\r\n\r\n\r\n\r\n<h2 class=\"wp-block-heading\">Les normes en mati\u00e8re de s\u00e9curisation d\u2019un escalier int\u00e9rieur<\/h2>\r\n\r\n\r\n\r\n<p>Les normes pour la pose d\u2019un escalier int\u00e9rieur ont pour objectif de garantir la s\u00e9curit\u00e9 des utilisateurs, ainsi que leur confort lors de son usage.\u00a0<\/p>\r\n\r\n\r\n\r\n<p>Si la conception de tout escalier privatif est libre, les normes constituent un cadre permettant d\u2019aiguiller les choix, et ainsi limiter la fr\u00e9quence des accidents.<\/p>\r\n\r\n\r\n\r\n<p><strong>La norme NF P01-012A encadre ainsi la conception et la pose des \u00e9l\u00e9ments de s\u00e9curit\u00e9 pour les escaliers \u00e0 usage privatif.\u00a0<\/strong><\/p>\r\n\r\n\r\n\r\n<p>Ces normes concernent entre autres trois \u00e9l\u00e9ments essentiels de <a href=\"https:\/\/www.lapeyre.fr\/escaliers-CCU0006\">l\u2019escalier<\/a>, \u00e0 savoir les marches, la main courante et le palier.<\/p>\r\n\r\n\r\n\r\n<h2 class=\"wp-block-heading\">Le respect des dimensions des marches<\/h2>\r\n\r\n\r\n\r\n<p>Les marches doivent rester dans des cotes acceptables pour s\u00e9curiser ses usagers. Celles qui sont isol\u00e9es, courtes ou irr\u00e9guli\u00e8res sont souvent \u00e0 l\u2019origine des chutes.\u00a0<\/p>\r\n\r\n\r\n\r\n<p>Selon les normes, la hauteur des marches d\u2019un escalier int\u00e9rieur est fix\u00e9e entre 16 et 21 cm. Il faut que l\u2019ensemble des marches ait la m\u00eame hauteur. Le giron doit \u00eatre compris entre 21 et 32 cm, et l\u2019\u00e9chapp\u00e9e \u00e0 190 cm au minimum. L\u2019emmarchement doit enfin \u00eatre sup\u00e9rieur \u00e0 70 cm.\u00a0<\/p>\r\n\r\n\r\n\r\n<h2 class=\"wp-block-heading\">L\u2019installation d\u2019une main courante<\/h2>\r\n\r\n\r\n\r\n<p><strong>Dans une optique de s\u00e9curit\u00e9, la main courante, ou <\/strong><a href=\"https:\/\/www.lapeyre.fr\/rampes-balustrades-mains-courantes-CCN688060\"><strong>rampe<\/strong><\/a><strong> d\u2019un escalier int\u00e9rieur, repr\u00e9sente un soutien lors de la mont\u00e9e ou de la descente.\u00a0<\/strong><\/p>\r\n\r\n\r\n\r\n<p>De forme circulaire ou rectangulaire, elle doit \u00eatre facile \u00e0 saisir fermement, dans le cas o\u00f9 une personne y perd son \u00e9quilibre.\u00a0<\/p>\r\n\r\n\r\n\r\n<p>Chaque escalier doit ainsi disposer d\u2019au moins <a href=\"https:\/\/www.lapeyre.fr\/mains-courantes-CCN1162458\">une main courante<\/a>. Celle-ci s\u2019associe souvent au garde-corps, ou rambarde ou balustrade, permettant de pr\u00e9voir tout risque de chute en dehors des marches de l\u2019escalier.\u00a0<\/p>\r\n\r\n\r\n\r\n<p><strong>Les escaliers dont la largeur d\u00e9passe 100 cm doivent avoir une main courante de chaque c\u00f4t\u00e9.<\/strong><\/p>\r\n\r\n\r\n\r\n<h2 class=\"wp-block-heading\">L\u2019am\u00e9nagement d\u2019un palier<\/h2>\r\n\r\n\r\n\r\n<p>L\u2019aspect esth\u00e9tique est souvent privil\u00e9gi\u00e9 pour l\u2019installation d\u2019un palier entre deux vol\u00e9es de marches.\u00a0<\/p>\r\n\r\n\r\n\r\n<p>Toutefois, le palier est soumis \u00e0 la m\u00eame rigueur que le reste de la structure. <strong>Ainsi, si votre escalier d\u2019int\u00e9rieur compte plus de 25 marches, il faut pr\u00e9voir ce palier comme un espace de r\u00e9cup\u00e9ration pour les usagers moins diligents.\u00a0<\/strong><\/p>\r\n\r\n\r\n\r\n<p>Il est alors n\u00e9cessaire de dimensionner la largeur de l\u2019emmarchement du palier sur une longueur de 1 m\u00e8tre.\u00a0<\/p>\r\n\r\n\r\n\r\n<p>Le palier en question doit \u00e9galement \u00eatre suffisamment large afin d\u2019accueillir une personne debout.\u00a0<\/p>\r\n\r\n\r\n\r\n<p>Enfin, pour un escalier int\u00e9rieur construit entre deux parois, une main courante doit \u00eatre install\u00e9e sur l\u2019une des deux parois afin de s\u00e9curiser cet espace interm\u00e9diaire.<\/p>\r\n\r\n\r\n\r\n<h2 class=\"wp-block-heading\">Faire appel \u00e0 un professionnel pour s\u00e9curiser votre escalier int\u00e9rieur<\/h2>\r\n\r\n\r\n\r\n<p>Sur la base des conseils \u00e9manant d\u2019un professionnel, le client est en mesure de d\u00e9cider du type d\u2019escalier int\u00e9rieur qui lui convient et qui r\u00e9pond aux normes de s\u00e9curit\u00e9. Il saura parer techniquement \u00e0 tout \u00e9ventuel risque d\u2019accident.<\/p>\r\n\n<p style=\"text-align: center;\"><a class=\"bouton bleu\" id=\"btn-rdv-magazine\" href=\"https:\/\/www.lapeyre.fr\/prise-de-rdv\">Prendre RDV<\/a><\/p>","protected":false},"excerpt":{"rendered":"<p>Certains dangers sont courants lorsque l\u2019on emprunte un escalier, notamment pour les personnes \u00e2g\u00e9es et les enfants.\u00a0&#8230;<\/p>\n","protected":false},"author":1005,"featured_media":222,"comment_status":"open","ping_status":"open","sticky":false,"template":"","format":"standard","meta":{"_acf_changed":false,"footnotes":""},"categories":[959,961],"tags":[14,926],"class_list":{"2":"type-post","6":"hentry"},"acf":[],"_links":{"self":[{"href":"https:\/\/www.lapeyre.fr\/c\/magazine\/wp-json\/wp\/v2\/posts\/2526","targetHints":{"allow":["GET"]}}],"collection":[{"href":"https:\/\/www.lapeyre.fr\/c\/magazine\/wp-json\/wp\/v2\/posts"}],"about":[{"href":"https:\/\/www.lapeyre.fr\/c\/magazine\/wp-json\/wp\/v2\/types\/post"}],"author":[{"embeddable":true,"href":"https:\/\/www.lapeyre.fr\/c\/magazine\/wp-json\/wp\/v2\/users\/1005"}],"replies":[{"embeddable":true,"href":"https:\/\/www.lapeyre.fr\/c\/magazine\/wp-json\/wp\/v2\/comments?post=2526"}],"version-history":[{"count":0,"href":"https:\/\/www.lapeyre.fr\/c\/magazine\/wp-json\/wp\/v2\/posts\/2526\/revisions"}],"wp:featuredmedia":[{"embeddable":true,"href":"https:\/\/www.lapeyre.fr\/c\/magazine\/wp-json\/wp\/v2\/media\/222"}],"wp:attachment":[{"href":"https:\/\/www.lapeyre.fr\/c\/magazine\/wp-json\/wp\/v2\/media?parent=2526"}],"wp:term":[{"taxonomy":"category","embeddable":true,"href":"https:\/\/www.lapeyre.fr\/c\/magazine\/wp-json\/wp\/v2\/categories?post=2526"},{"taxonomy":"post_tag","embeddable":true,"href":"https:\/\/www.lapeyre.fr\/c\/magazine\/wp-json\/wp\/v2\/tags?post=2526"}],"curies":[{"name":"wp","href":"https:\/\/api.w.org\/{rel}","templated":true}]}}