{"id":2528,"date":"2021-04-13T16:24:56","date_gmt":"2021-04-13T14:24:56","guid":{"rendered":"https:\/\/magazine.lapeyre.fr\/c\/magazine\/?p=2528"},"modified":"2025-02-21T09:47:37","modified_gmt":"2025-02-21T08:47:37","slug":"meublez-vous-francais-lapeyre","status":"publish","type":"post","link":"https:\/\/www.lapeyre.fr\/c\/magazine\/meublez-vous-francais-lapeyre\/","title":{"rendered":"#MeublezVousFran\u00e7ais : choisir des meubles fran\u00e7ais et de qualit\u00e9 chez Lapeyre"},"content":{"rendered":"\r\n<p>Parce que chez Lapeyre nous nous engageons chaque jour \u00e0 vos c\u00f4t\u00e9s pour des achats plus raisonn\u00e9s, nous rejoignons le mouvement #MeublezVousFran\u00e7ais avec nos gammes engag\u00e9es de meubles fran\u00e7ais.<\/p>\r\n\r\n\r\n\r\n<div class=\"wp-block-image is-style-default\">\r\n<figure class=\"aligncenter size-large is-resized\"><img loading=\"lazy\" decoding=\"async\" class=\"wp-image-2530\" src=\"https:\/\/magazine.lapeyre.fr\/wp-content\/uploads\/2021\/04\/IMG_1037-1024x683.jpg\" alt=\"Artisan fabricant Lapeyre menuiserie\" width=\"512\" height=\"342\" srcset=\"https:\/\/www.lapeyre.fr\/wp-content\/uploads\/2021\/04\/IMG_1037-1024x683.jpg 1024w, https:\/\/www.lapeyre.fr\/wp-content\/uploads\/2021\/04\/IMG_1037-300x200.jpg 300w, https:\/\/www.lapeyre.fr\/wp-content\/uploads\/2021\/04\/IMG_1037-768x512.jpg 768w, https:\/\/www.lapeyre.fr\/wp-content\/uploads\/2021\/04\/IMG_1037-1536x1024.jpg 1536w, https:\/\/www.lapeyre.fr\/wp-content\/uploads\/2021\/04\/IMG_1037-2048x1365.jpg 2048w, https:\/\/www.lapeyre.fr\/wp-content\/uploads\/2021\/04\/IMG_1037.jpg 1920w\" sizes=\"auto, (max-width: 512px) 100vw, 512px\" \/><\/figure>\r\n<\/div>\r\n\r\n\r\n\r\n<h2 class=\"wp-block-heading\">Qu&rsquo;est-ce que Meublez-vous Fran\u00e7ais ?<\/h2>\r\n\r\n\r\n\r\n<p><a href=\"http:\/\/www.meublezvousfrancais.com\/\" target=\"_blank\" rel=\"noreferrer noopener\">Meublez-vous Fran\u00e7ais<\/a> est une op\u00e9ration nationale qui vise \u00e0 valoriser l\u2019ameublement fran\u00e7ais et chacun des acteurs qui participe \u00e0 la fabrication de meubles dans nos ch\u00e8res r\u00e9gions de France.<\/p>\r\n\r\n\r\n\r\n<p>Le mouvement est initi\u00e9 par l\u2019Ameublement Fran\u00e7ais, une organisation professionnelle qui rassemble aujourd\u2019hui plus de 350 acteurs mobilis\u00e9s pour une fabrication locale.<\/p>\r\n\r\n\r\n\r\n<p>Meublez-vous Fran\u00e7ais, c\u2019est aussi et surtout un label de confiance pour vous, consommateurs, qui vous garantit\u00a0:<\/p>\r\n\r\n\r\n\r\n<ul>\r\n<li>Des <strong>meubles fabriqu\u00e9s en France<\/strong><\/li>\r\n<li>Par pr\u00e8s de 40 000 femmes et hommes aux <strong>savoir-faire ma\u00eetris\u00e9s<\/strong><\/li>\r\n<li>Du <strong>mobilier engag\u00e9 pour un avenir durable<\/strong> \u00e0 travers une conception \u00e0 l\u2019impact soci\u00e9tal et environnemental positif<\/li>\r\n<li>Des <strong>designs et mat\u00e9riaux innovants<\/strong> adapt\u00e9s aux usages quotidiens<\/li>\r\n<li>Qui valorisent <strong>l\u2019art de vivre \u00e0 la fran\u00e7aise<\/strong> pour des int\u00e9rieurs et des ext\u00e9rieurs chaleureux.<\/li>\r\n<\/ul>\r\n\r\n\r\n\r\n<p>Le tout dans un esprit solidaire envers des entreprises fran\u00e7aises qui soutiennent l\u2019emploi local.<\/p>\r\n\r\n\r\n\r\n<h2 class=\"wp-block-heading\">Pourquoi Lapeyre participe ?<\/h2>\r\n\r\n\r\n\r\n<p>Parce que toutes les raisons sont bonnes pour soutenir l\u2019\u00e9conomie locale, nous rejoignons le mouvement #MeublezVousFran\u00e7ais. Mais aussi parce que, chez Lapeyre, ce sont des valeurs qui r\u00e9sonnent\u00a0et pour lesquelles nous \u0153uvrons depuis&#8230; tr\u00e8s longtemps.<\/p>\r\n\r\n\r\n\r\n<p>Depuis 1931, la <a href=\"https:\/\/www.lapeyre.fr\/c\/engagements\/la-fabrication-francaise-lapeyre\" target=\"_blank\" rel=\"noreferrer noopener\">fabrication fran\u00e7aise<\/a> fait partie de notre ADN. Nous avons fait le choix du local pour vous offrir des produits d\u2019ameublement de qualit\u00e9 fabriqu\u00e9s dans nos usines de France.<\/p>\r\n\r\n\r\n\r\n<p>Pour soutenir vos d\u00e9marches d\u2019achats raisonn\u00e9s, nous nous engageons chaque jour dans une <a href=\"https:\/\/www.lapeyre.fr\/c\/engagements\/eco-responsabilite-lapeyre\" target=\"_blank\" rel=\"noreferrer noopener\">d\u00e9marche \u00e9co-responsable<\/a>. Ainsi de l\u2019achat de mati\u00e8res premi\u00e8res locales certifi\u00e9es \u00e0 une fabrication consciente en passant par une logistique optimis\u00e9e, l\u2019ensemble de notre cha\u00eene nous permet de vous proposer des produits \u00e0 l\u2019impact neutre sur l\u2019environnement.<\/p>\r\n\r\n\r\n\r\n<p>Pour favoriser la durabilit\u00e9, nos mat\u00e9riaux sont m\u00e9ticuleusement choisis pour leur provenance locale et leur haute qualit\u00e9, puis test\u00e9s dans notre laboratoire Marnais. <a href=\"https:\/\/www.lapeyre.fr\/c\/engagements\" target=\"_blank\" rel=\"noreferrer noopener\">Cette qualit\u00e9 Lapeyre<\/a> dont nous sommes si fiers, ce sont ainsi des meubles fran\u00e7ais respectueux des ressources et des Hommes.<\/p>\r\n\r\n\r\n\r\n<p><strong>Des valeurs profond\u00e9ment ancr\u00e9es depuis la naissance de Lapeyre et qui guident chacune de nos d\u00e9cisions pour servir au mieux vos besoins et vos convictions.<\/strong><\/p>\r\n\r\n\r\n\r\n<h2 class=\"wp-block-heading\">D\u00e9couvrez nos produits et meublez-vous fran\u00e7ais !<\/h2>\r\n\r\n\r\n\r\n<p>Tent\u00e9(e)s par des meubles de France\u00a0fabriqu\u00e9s au c\u0153ur de nos r\u00e9gions\u00a0? En magasin comme sur notre site, retrouvez l\u2019ensemble de nos gammes de mobilier fran\u00e7ais avec lesquelles nous soutenons le mouvement #MeublezVousFran\u00e7ais.<\/p>\r\n\r\n\r\n\r\n<p>\u00c9quipez-vous de <a href=\"https:\/\/www.lapeyre.fr\/cuisine-CCU0001\" target=\"_blank\" rel=\"noreferrer noopener\">meubles de cuisine fran\u00e7ais<\/a> que votre espace soit spacieux ou plus r\u00e9duit. Quel que soit votre budget, Lapeyre \u00e9quipe aussi votre salle de bain\u00a0: rangement, am\u00e9nagement et <a href=\"https:\/\/www.lapeyre.fr\/decouvrez-tous-les-meubles-salle-bains-CCN688009\" target=\"_blank\" rel=\"noreferrer noopener\">meubles sous-vasques fabriqu\u00e9s en France.<\/a><\/p>\r\n\r\n\r\n\r\n<div class=\"wp-block-image is-style-default\">\r\n<figure class=\"aligncenter size-large is-resized\"><img loading=\"lazy\" decoding=\"async\" class=\"wp-image-571\" src=\"https:\/\/magazine.lapeyre.fr\/wp-content\/uploads\/2019\/10\/meuble-gain-de-place-bois.jpg\" alt=\"Petite salle de bains en bois\" width=\"374\" height=\"477\" srcset=\"https:\/\/www.lapeyre.fr\/wp-content\/uploads\/2019\/10\/meuble-gain-de-place-bois.jpg 748w, https:\/\/www.lapeyre.fr\/wp-content\/uploads\/2019\/10\/meuble-gain-de-place-bois-235x300.jpg 235w\" sizes=\"auto, (max-width: 374px) 100vw, 374px\" \/><\/figure>\r\n<\/div>\r\n\r\n\r\n\r\n<p><a href=\"https:\/\/www.lapeyre.fr\/placards-dressing-CCU0005\" target=\"_blank\" rel=\"noreferrer noopener\">Nos gammes de rangement fran\u00e7ais<\/a> am\u00e9nagent aussi vos int\u00e9rieurs sur-mesure\u00a0! Dressings, placards am\u00e9nagements sous-combles&#8230; \u00a0Nos mod\u00e8les s\u2019adaptent \u00e0 vos mesures pour des espaces optimis\u00e9s qui r\u00e9pondent \u00e0 vos usages quotidiens.<\/p>\r\n\r\n\r\n\r\n<div class=\"wp-block-image is-style-default\">\r\n<figure class=\"aligncenter size-large is-resized\"><img loading=\"lazy\" decoding=\"async\" class=\"wp-image-2531\" src=\"https:\/\/magazine.lapeyre.fr\/wp-content\/uploads\/2021\/04\/amenagement-miami-864x1024.jpg\" alt=\"Am\u00e9nagement de dressing pr\u00eat \u00e0 poser \" width=\"432\" height=\"512\" srcset=\"https:\/\/www.lapeyre.fr\/wp-content\/uploads\/2021\/04\/amenagement-miami-864x1024.jpg 864w, https:\/\/www.lapeyre.fr\/wp-content\/uploads\/2021\/04\/amenagement-miami-253x300.jpg 253w, https:\/\/www.lapeyre.fr\/wp-content\/uploads\/2021\/04\/amenagement-miami-768x911.jpg 768w, https:\/\/www.lapeyre.fr\/wp-content\/uploads\/2021\/04\/amenagement-miami.jpg 947w\" sizes=\"auto, (max-width: 432px) 100vw, 432px\" \/><\/figure>\r\n<\/div>\r\n\r\n\r\n\r\n<p>Mais ce n&rsquo;est pas tout : <a href=\"https:\/\/www.lapeyre.fr\/pret-a-poser-CCN424528\" target=\"_blank\" rel=\"noreferrer noopener\">nos collections en kit<\/a> composent \u00e9galement votre dressing 100% fran\u00e7ais avec des am\u00e9nagements pr\u00eats \u00e0 poser aussi pratiques qu\u2019\u00e9conomiques.<\/p>\r\n\r\n\r\n\r\n<p>De nos meubles sous-vasque \u00e0 nos plans de travail, en passant par nos am\u00e9nagements de placard fran\u00e7ais fabriqu\u00e9s dans nos 10 usines m\u00e9tropolitaines, Lapeyre vous accompagne dans votre engagement et soutient la fabrication locale et les savoir-faire de notre pays.<\/p>\r\n\r\n\r\n\r\n<p>En achetant nos gammes d\u2019ameublement fran\u00e7ais, vous soutenez l\u2019\u00e9conomie et les emplois locaux, et participez \u00e0 offrir un avenir durable. Des valeurs responsables au service de votre int\u00e9rieur, des produits de qualit\u00e9, une d\u00e9marche locale et engag\u00e9e \u00e0 vos c\u00f4t\u00e9s. Que dire de plus si ce n\u2019est&#8230; <strong>\u00ab\u00a0Meublez-vous fran\u00e7ais\u00a0\u00bb avec Lapeyre\u00a0!<\/strong><\/p>\r\n\n<p style=\"text-align: center;\"><a class=\"bouton bleu\" id=\"btn-rdv-magazine\" href=\"https:\/\/www.lapeyre.fr\/prise-de-rdv\">Prendre RDV<\/a><\/p>","protected":false},"excerpt":{"rendered":"<p>Parce que chez Lapeyre nous nous engageons chaque jour \u00e0 vos c\u00f4t\u00e9s pour des achats plus raisonn\u00e9s,&#8230;<\/p>\n","protected":false},"author":1005,"featured_media":2530,"comment_status":"open","ping_status":"open","sticky":false,"template":"","format":"standard","meta":{"_acf_changed":false,"footnotes":""},"categories":[958,970,966,955,962,959,963,967],"tags":[5,7,15,16,19,906],"class_list":{"2":"type-post","6":"hentry"},"acf":[],"_links":{"self":[{"href":"https:\/\/www.lapeyre.fr\/c\/magazine\/wp-json\/wp\/v2\/posts\/2528","targetHints":{"allow":["GET"]}}],"collection":[{"href":"https:\/\/www.lapeyre.fr\/c\/magazine\/wp-json\/wp\/v2\/posts"}],"about":[{"href":"https:\/\/www.lapeyre.fr\/c\/magazine\/wp-json\/wp\/v2\/types\/post"}],"author":[{"embeddable":true,"href":"https:\/\/www.lapeyre.fr\/c\/magazine\/wp-json\/wp\/v2\/users\/1005"}],"replies":[{"embeddable":true,"href":"https:\/\/www.lapeyre.fr\/c\/magazine\/wp-json\/wp\/v2\/comments?post=2528"}],"version-history":[{"count":0,"href":"https:\/\/www.lapeyre.fr\/c\/magazine\/wp-json\/wp\/v2\/posts\/2528\/revisions"}],"wp:featuredmedia":[{"embeddable":true,"href":"https:\/\/www.lapeyre.fr\/c\/magazine\/wp-json\/wp\/v2\/media\/2530"}],"wp:attachment":[{"href":"https:\/\/www.lapeyre.fr\/c\/magazine\/wp-json\/wp\/v2\/media?parent=2528"}],"wp:term":[{"taxonomy":"category","embeddable":true,"href":"https:\/\/www.lapeyre.fr\/c\/magazine\/wp-json\/wp\/v2\/categories?post=2528"},{"taxonomy":"post_tag","embeddable":true,"href":"https:\/\/www.lapeyre.fr\/c\/magazine\/wp-json\/wp\/v2\/tags?post=2528"}],"curies":[{"name":"wp","href":"https:\/\/api.w.org\/{rel}","templated":true}]}}