{"id":2619,"date":"2021-05-19T11:00:13","date_gmt":"2021-05-19T09:00:13","guid":{"rendered":"https:\/\/magazine.lapeyre.fr\/c\/magazine\/?p=2619"},"modified":"2025-02-21T09:46:08","modified_gmt":"2025-02-21T08:46:08","slug":"mesures-portail-portillon","status":"publish","type":"post","link":"https:\/\/www.lapeyre.fr\/c\/magazine\/mesures-portail-portillon\/","title":{"rendered":"Comment bien prendre les mesures de votre portail et portillon\u202f?"},"content":{"rendered":"\r\n<p>Envie de remplacer votre <a href=\"https:\/\/www.lapeyre.fr\/portails-CCN0089\" target=\"_blank\" rel=\"noreferrer noopener\">portail <\/a>ou <a href=\"https:\/\/www.lapeyre.fr\/portillons-CCN396534\" target=\"_blank\" rel=\"noreferrer noopener\">portillon <\/a>en bois, en acier, en PVC ou en aluminium ? Pr\u00e9f\u00e9rez-vous un portail battant ou un portail coulissant ? Pour bien commencer votre projet, il est important de bien prendre vos mesures. D\u00e9couvrez nos conseils pratiques en vid\u00e9o.\u202f<\/p>\r\n\r\n\r\n\r\n<figure class=\"wp-block-embed-youtube wp-block-embed is-type-video is-provider-youtube wp-embed-aspect-16-9 wp-has-aspect-ratio\">\r\n<div class=\"wp-block-embed__wrapper\">https:\/\/www.youtube.com\/watch?v=br-ura3UAFE<\/div>\r\n<\/figure>\r\n\r\n\r\n\r\n<h2 class=\"wp-block-heading\"><strong>Portail battant : quelles mesures ?\u202f<\/strong>\u00a0<\/h2>\r\n\r\n\r\n\r\n<p>Pour un\u00a0<strong>portail un battant<\/strong>, deux mesures sont \u00e0 noter. Commencez par mesurer la\u00a0<strong>largeur entre les piliers<\/strong>\u00a0en deux points diff\u00e9rents. Conservez la mesure la plus petite. Mesurez ensuite la\u00a0<strong>hauteur des piliers<\/strong>\u00a0en partant du sol jusqu\u2019au dessous\u00a0du chapeau.\u202f\u00a0<\/p>\r\n\r\n\r\n\r\n<p>Pour\u00a0<strong>motoriser votre portail battant<\/strong>, vous devez v\u00e9rifier qu\u2019aucun obstacle ne g\u00eane le d\u00e9ploiement du moteur \u00e0 bras. Prenez les\u00a0<strong>mesures des \u00e9coin\u00e7ons<\/strong>\u00a0qui correspondent \u00e0 la largeur entre le pilier et le retour du mur ou de l\u2019obstacle le plus proche \u00e0 gauche et \u00e0 droite.\u202f\u00a0<\/p>\r\n\r\n\r\n\r\n<p>Mesurez enfin la\u00a0<strong>largeur des piliers<\/strong>.\u00a0<\/p>\r\n\r\n\r\n\r\n<h2 class=\"wp-block-heading\"><strong>Portillon : quelles mesures ?\u202f<\/strong>\u00a0<\/h2>\r\n\r\n\r\n\r\n<p>Les mesures \u00e0 prendre pour un portillon sont les m\u00eames que pour un portail battant. Mesurez la largeur entre les piliers puis leur hauteur.\u202f\u00a0<\/p>\r\n\r\n\r\n\r\n<h2 class=\"wp-block-heading\"><strong>Portail coulissant : quelles mesures ?\u202f<\/strong>\u00a0<\/h2>\r\n\r\n\r\n\r\n<p>Quatre mesures sont \u00e0 noter pour un portail coulissant. Mesurez d\u2019abord la\u00a0<strong>largeur entre les piliers<\/strong>\u00a0en deux endroits diff\u00e9rents et notez la plus petite. Prenez la\u00a0<strong>hauteur des piliers<\/strong>\u00a0du sol jusqu\u2019au dessous\u00a0du chapeau puis leur largeur. Identifiez ensuite le\u00a0<strong>refoulement<\/strong>\u00a0qui correspond \u00e0 la longueur n\u00e9cessaire \u00e0 l\u2019ouverture totale du portail coulissant soit la largeur entre les piliers + 70 cm environ.\u202f\u00a0<\/p>\r\n\r\n\r\n\r\n<h2 class=\"wp-block-heading\"><strong>Quel type d\u2019ouverture choisir pour son portail ?\u202f<\/strong>\u00a0<\/h2>\r\n\r\n\r\n\r\n<ul class=\"wp-block-list\">\r\n<li>Pour un portail battant et un portillon, l\u2019ouverture peut se faire vers l\u2019int\u00e9rieur de la maison avec un\u00a0<strong>poussant\u00a0<\/strong>\u00e0 gauche ou \u00e0 droite. Elle peut \u00e9galement se faire sur la rue avec un tirant \u00e0 gauche ou \u00e0 droite.\u202f\u00a0<\/li>\r\n<li>Pour un portail coulissant, le choix doit se faire entre un\u00a0<strong>refoulement\u00a0<\/strong>\u00e0 gauche ou \u00e0 droite.\u202f\u00a0<\/li>\r\n<\/ul>\r\n\r\n\r\n\r\n<p>Pour plus de conseils et pour vous aider \u00e0 prendre vos mesures, rendez-vous en magasin Lapeyre et sur lapeyre.fr.\u202f\u00a0<\/p>\r\n\n<p style=\"text-align: center;\"><a class=\"bouton bleu\" id=\"btn-rdv-magazine\" href=\"https:\/\/www.lapeyre.fr\/prise-de-rdv\">Prendre RDV<\/a><\/p>","protected":false},"excerpt":{"rendered":"<p>Envie de remplacer votre portail ou portillon en bois, en acier, en PVC ou en aluminium ?&#8230;<\/p>\n","protected":false},"author":1005,"featured_media":2620,"comment_status":"open","ping_status":"open","sticky":false,"template":"","format":"standard","meta":{"_acf_changed":false,"footnotes":""},"categories":[982,979],"tags":[10,908],"class_list":{"2":"type-post","6":"hentry"},"acf":[],"_links":{"self":[{"href":"https:\/\/www.lapeyre.fr\/c\/magazine\/wp-json\/wp\/v2\/posts\/2619","targetHints":{"allow":["GET"]}}],"collection":[{"href":"https:\/\/www.lapeyre.fr\/c\/magazine\/wp-json\/wp\/v2\/posts"}],"about":[{"href":"https:\/\/www.lapeyre.fr\/c\/magazine\/wp-json\/wp\/v2\/types\/post"}],"author":[{"embeddable":true,"href":"https:\/\/www.lapeyre.fr\/c\/magazine\/wp-json\/wp\/v2\/users\/1005"}],"replies":[{"embeddable":true,"href":"https:\/\/www.lapeyre.fr\/c\/magazine\/wp-json\/wp\/v2\/comments?post=2619"}],"version-history":[{"count":0,"href":"https:\/\/www.lapeyre.fr\/c\/magazine\/wp-json\/wp\/v2\/posts\/2619\/revisions"}],"wp:featuredmedia":[{"embeddable":true,"href":"https:\/\/www.lapeyre.fr\/c\/magazine\/wp-json\/wp\/v2\/media\/2620"}],"wp:attachment":[{"href":"https:\/\/www.lapeyre.fr\/c\/magazine\/wp-json\/wp\/v2\/media?parent=2619"}],"wp:term":[{"taxonomy":"category","embeddable":true,"href":"https:\/\/www.lapeyre.fr\/c\/magazine\/wp-json\/wp\/v2\/categories?post=2619"},{"taxonomy":"post_tag","embeddable":true,"href":"https:\/\/www.lapeyre.fr\/c\/magazine\/wp-json\/wp\/v2\/tags?post=2619"}],"curies":[{"name":"wp","href":"https:\/\/api.w.org\/{rel}","templated":true}]}}