{"id":2626,"date":"2021-05-19T11:30:30","date_gmt":"2021-05-19T09:30:30","guid":{"rendered":"https:\/\/magazine.lapeyre.fr\/c\/magazine\/?p=2626"},"modified":"2025-02-21T09:45:52","modified_gmt":"2025-02-21T08:45:52","slug":"prendre-mesures-escalier","status":"publish","type":"post","link":"https:\/\/www.lapeyre.fr\/c\/magazine\/prendre-mesures-escalier\/","title":{"rendered":"Comment bien prendre les mesures de votre escalier ?"},"content":{"rendered":"\r\n<p>Quand on veut installer ou remplacer un <a href=\"https:\/\/www.lapeyre.fr\/escaliers-CCU0006\" target=\"_blank\" rel=\"noreferrer noopener\">escalier<\/a>, la prise de dimensions est essentielle pour choisir la configuration la plus adapt\u00e9e \u00e0 l\u2019espace : escalier droit, \u00e0 quart tournant, \u00e0 double quart tournant, en spirale&#8230; D\u00e9couvrez tous nos conseils en vid\u00e9o pour bien prendre vos mesures.<\/p>\r\n\r\n\r\n\r\n<figure class=\"wp-block-embed-youtube wp-block-embed is-type-video is-provider-youtube wp-embed-aspect-16-9 wp-has-aspect-ratio\">\r\n<div class=\"wp-block-embed__wrapper\">https:\/\/www.youtube.com\/watch?v=byx4i2hc7pU<\/div>\r\n<\/figure>\r\n\r\n\r\n\r\n<h2 class=\"wp-block-heading\"><strong>Installer un nouvel escalier : quelles mesures ?\u202f<\/strong>\u00a0<\/h2>\r\n\r\n\r\n\r\n<p>Pour d\u00e9finir\u00a0<strong>l\u2019implantation\u00a0<\/strong>d\u2019un escalier, commencez par v\u00e9rifier que\u00a0<strong>son encombrement au sol<\/strong>\u00a0et sa forme sont compatibles avec l\u2019espace dont vous disposez chez vous. Mesurez les dimensions de la pi\u00e8ce et indiquez aussi les contraintes d\u2019environnement comme les portes, les fen\u00eatres ou les radiateurs. Notez leurs emplacements, leurs dimensions ainsi que leur sens d\u2019ouverture.\u00a0<\/p>\r\n\r\n\r\n\r\n<p>Pour prendre les dimensions de la pi\u00e8ce, commencez par noter la distance entre l\u2019angle du mur et la porte en tenant compte du sens de l\u2019ouverture. Ensuite, mesurez la distance entre l\u2019angle du mur et la fen\u00eatre<strong>.<\/strong>\u00a0Enfin, indiquez la hauteur et la largeur de la fen\u00eatre. Vous devez \u00e9galement noter l\u2019emplacement des autres obstacles \u00e9ventuels, comme les radiateurs ou les prises.\u00a0<\/p>\r\n\r\n\r\n\r\n<p>Si la pi\u00e8ce ne dispose pas encore de\u00a0<strong>tr\u00e9mie<\/strong>, c\u2019est-\u00e0-dire l\u2019ouverture dans le plafond,\u202f nos conseillers peuvent vous accompagner pour d\u00e9finir les dimensions \u00e0 pr\u00e9voir et son orientation.\u202f\u00a0<\/p>\r\n\r\n\r\n\r\n<h2 class=\"wp-block-heading\"><strong>Quelles mesures pour un escalier droit ?\u202f<\/strong>\u00a0<\/h2>\r\n\r\n\r\n\r\n<p>Pour installer un\u00a0<strong><a href=\"https:\/\/www.lapeyre.fr\/escaliers-interieur-CCN0227\" target=\"_blank\" rel=\"noreferrer noopener\">escalier droit<\/a><\/strong>, commencez par noter la longueur, la largeur et l\u2019\u00e9paisseur de la tr\u00e9mie. Mesurez ensuite la hauteur entre les deux sols. N\u2019oubliez pas d\u2019\u00e9valuer l\u2019encombrement au sol en mesurant sa longueur et sa largeur.\u00a0<\/p>\r\n\r\n\r\n\r\n<h2 class=\"wp-block-heading\"><strong>Quelles mesures pour un escalier \u00e0 quart tournant?\u202f<\/strong>\u00a0<\/h2>\r\n\r\n\r\n\r\n<p>Pour un <strong><a href=\"https:\/\/www.lapeyre.fr\/escaliers-interieur-CCN0227\" target=\"_blank\" rel=\"noreferrer noopener\">escalier \u00e0 quart tournant<\/a><\/strong>, commencez par prendre les mesures de la tr\u00e9mie, en indiquant la longueur, la largeur, l\u2019\u00e9paisseur et la hauteur de sol \u00e0 sol. D\u00e9finissez ensuite le reculement de d\u00e9part et le reculement d\u2019arriv\u00e9e,<strong>\u00a0<\/strong>c\u2019est-\u00e0-dire l\u2019encombrement au sol de l\u2019escalier au point de d\u00e9part (en bas de l\u2019escalier), et au point d\u2019arriv\u00e9e (en haut).\u202f\u00a0<\/p>\r\n\r\n\r\n\r\n<h2 class=\"wp-block-heading\"><strong>Quelles mesures pour un escalier \u00e0 double quart tournant?\u202f<\/strong>\u00a0<\/h2>\r\n\r\n\r\n\r\n<p>Vous souhaitez plut\u00f4t installer un escalier \u00e0 double quart tournant ? Mesurez tout d\u2019abord la longueur, la largeur et l\u2019\u00e9paisseur de la tr\u00e9mie. Apr\u00e8s \u00e7a, relevez la hauteur de sol \u00e0 sol. Passez ensuite \u00e0 la mesure des encombrements au sol de chaque partie de l\u2019escalier, en prenant en compte le\u00a0<strong>reculement<\/strong>\u00a0de d\u00e9part (en bas de l\u2019escalier) le reculement d\u2019arriv\u00e9e (en haut)<strong>\u00a0<\/strong>et enfin le reculement de la partie interm\u00e9diaire.\u202f\u00a0<\/p>\r\n\r\n\r\n\r\n<h2 class=\"wp-block-heading\"><strong>Quelles mesures pour un escalier en spirale ?\u202f<\/strong>\u00a0<\/h2>\r\n\r\n\r\n\r\n<p>Pour un escalier en spirale, aussi appel\u00e9 escalier en colima\u00e7on, les mesures sont rapides \u00e0 prendre ! Il vous suffit de mesurer la longueur, la largeur et l\u2019\u00e9paisseur<strong>\u00a0<\/strong>de la tr\u00e9mie, puis la hauteur de sol \u00e0 sol\u202f\u00a0<\/p>\r\n\r\n\r\n\r\n<p>Pour plus de conseils et pour vous aider \u00e0 prendre vos mesures, rendez-vous en magasin Lapeyre et sur lapeyre.fr.\u00a0<\/p>\r\n\n<p style=\"text-align: center;\"><a class=\"bouton bleu\" id=\"btn-rdv-magazine\" href=\"https:\/\/www.lapeyre.fr\/prise-de-rdv\">Prendre RDV<\/a><\/p>","protected":false},"excerpt":{"rendered":"<p>Quand on veut installer ou remplacer un escalier, la prise de dimensions est essentielle pour choisir la&#8230;<\/p>\n","protected":false},"author":1005,"featured_media":2628,"comment_status":"open","ping_status":"open","sticky":false,"template":"","format":"standard","meta":{"_acf_changed":false,"footnotes":""},"categories":[962,959],"tags":[14,908],"class_list":{"2":"type-post","6":"hentry"},"acf":[],"_links":{"self":[{"href":"https:\/\/www.lapeyre.fr\/c\/magazine\/wp-json\/wp\/v2\/posts\/2626","targetHints":{"allow":["GET"]}}],"collection":[{"href":"https:\/\/www.lapeyre.fr\/c\/magazine\/wp-json\/wp\/v2\/posts"}],"about":[{"href":"https:\/\/www.lapeyre.fr\/c\/magazine\/wp-json\/wp\/v2\/types\/post"}],"author":[{"embeddable":true,"href":"https:\/\/www.lapeyre.fr\/c\/magazine\/wp-json\/wp\/v2\/users\/1005"}],"replies":[{"embeddable":true,"href":"https:\/\/www.lapeyre.fr\/c\/magazine\/wp-json\/wp\/v2\/comments?post=2626"}],"version-history":[{"count":0,"href":"https:\/\/www.lapeyre.fr\/c\/magazine\/wp-json\/wp\/v2\/posts\/2626\/revisions"}],"wp:featuredmedia":[{"embeddable":true,"href":"https:\/\/www.lapeyre.fr\/c\/magazine\/wp-json\/wp\/v2\/media\/2628"}],"wp:attachment":[{"href":"https:\/\/www.lapeyre.fr\/c\/magazine\/wp-json\/wp\/v2\/media?parent=2626"}],"wp:term":[{"taxonomy":"category","embeddable":true,"href":"https:\/\/www.lapeyre.fr\/c\/magazine\/wp-json\/wp\/v2\/categories?post=2626"},{"taxonomy":"post_tag","embeddable":true,"href":"https:\/\/www.lapeyre.fr\/c\/magazine\/wp-json\/wp\/v2\/tags?post=2626"}],"curies":[{"name":"wp","href":"https:\/\/api.w.org\/{rel}","templated":true}]}}