{"id":2658,"date":"2021-06-01T14:59:10","date_gmt":"2021-06-01T12:59:10","guid":{"rendered":"https:\/\/magazine.lapeyre.fr\/c\/magazine\/?p=2658"},"modified":"2025-02-05T17:44:08","modified_gmt":"2025-02-05T16:44:08","slug":"inspirations-porte-entree","status":"publish","type":"post","link":"https:\/\/www.lapeyre.fr\/c\/magazine\/inspirations-porte-entree\/","title":{"rendered":"Choisir une porte d\u2019entr\u00e9e : des id\u00e9es pour vous inspirer"},"content":{"rendered":"\r\n<p>La\u00a0<a href=\"https:\/\/www.lapeyre.fr\/portes-entree-CCN0051\" target=\"_blank\" rel=\"noreferrer noopener\"><strong>porte d\u2019entr\u00e9e<\/strong><\/a>\u00a0est le premier \u00e9l\u00e9ment que l\u2019on voit lorsque l\u2019on rentre chez soi, elle est le reflet de l\u2019identit\u00e9 d\u2019une maison. Elle doit \u00eatre accueillante et esth\u00e9tique. Qu\u2019elle soit en\u00a0<a href=\"https:\/\/www.lapeyre.fr\/bois-CCN688052\" target=\"_blank\" rel=\"noreferrer noopener\"><strong>bois<\/strong><\/a>, en\u00a0<a href=\"https:\/\/www.lapeyre.fr\/aluminium-CCN688050\" target=\"_blank\" rel=\"noreferrer noopener\"><strong>aluminium<\/strong><\/a>, en\u00a0<a href=\"https:\/\/www.lapeyre.fr\/pvc-CCN688051\" target=\"_blank\" rel=\"noreferrer noopener\"><strong>PVC<\/strong><\/a>\u00a0ou encore en\u00a0<a href=\"https:\/\/www.lapeyre.fr\/acier-CCN688049\" target=\"_blank\" rel=\"noreferrer noopener\"><strong>acier<\/strong><\/a>, la porte d\u2019entr\u00e9e se d\u00e9cline en une multitude de styles pour satisfaire toutes les envies. Elle participe \u00e9galement\u00a0a\u0300 l\u2019isolation thermique et l\u2019isolation phonique de la maison et assure la s\u00e9curit\u00e9 du foyer. Voici quelques id\u00e9es et inspirations pour vous aider \u00e0 choisir une porte d\u2019entr\u00e9e.\u202f\u00a0<\/p>\r\n\r\n\r\n\r\n<figure class=\"wp-block-embed-youtube wp-block-embed is-type-video is-provider-youtube wp-embed-aspect-16-9 wp-has-aspect-ratio\">\r\n<div class=\"wp-block-embed__wrapper\">https:\/\/www.youtube.com\/watch?v=Ymnpu5QoQ1s<\/div>\r\n<\/figure>\r\n\r\n\r\n\r\n<h2 class=\"wp-block-heading\"><strong>Une porte d\u2019entr\u00e9e au style classique\u202f<\/strong>\u00a0<\/h2>\r\n\r\n\r\n\r\n<p>Traditionnelles, les\u00a0<strong>portes d\u2019entr\u00e9e en bois exotique<\/strong>, comme les mod\u00e8les\u00a0<strong>Montfort\u00a0<\/strong>et\u00a0<strong>Skara<\/strong>, apportent du charme et de la chaleur. Ces portes sont aussi d\u00e9clin\u00e9es en ch\u00eane.\u00a0<\/p>\r\n\r\n\r\n\r\n<p>Le\u00a0<a href=\"https:\/\/www.lapeyre.fr\/c\/engagements\/eco-responsabilite-lapeyre\" target=\"_blank\" rel=\"noreferrer noopener\"><strong>label FSC<\/strong><\/a>\u00a0indique que le bois provient d\u2019une for\u00eat g\u00e9r\u00e9e de fa\u00e7on durable et qui r\u00e9pond aux normes environnementales, sociales et \u00e9conomiques. Les portes d\u2019entr\u00e9e bois Lapeyre sont toutes trait\u00e9es contre les insectes et champignons et hydrofug\u00e9es.\u00a0<\/p>\r\n\r\n\r\n\r\n<p>C\u00f4t\u00e9 d\u00e9co, les portes d\u2019entr\u00e9e en bois peuvent \u00eatre ajour\u00e9es d\u2019un\u00a0<strong>vitrage\u00a0<\/strong>et d\u00e9cor\u00e9es de\u00a0<strong>moulures\u00a0<\/strong>comme dans le mod\u00e8le\u00a0<strong>Romagne\u00a0<\/strong>ou ornement\u00e9es d\u2019une grille ouvrag\u00e9e sur la porte\u00a0<strong>Margaux<\/strong>. Ces \u00e9l\u00e9ments d\u00e9coratifs offrent un cachet suppl\u00e9mentaire \u00e0 l\u2019entr\u00e9e de la propri\u00e9t\u00e9.\u00a0<\/p>\r\n\r\n\r\n\r\n<p>Certaines\u00a0<strong>portes d\u2019entr\u00e9e en aluminium<\/strong>\u00a0peuvent elles aussi afficher un design classique. Les mod\u00e8les\u00a0<strong>Saturne<\/strong>,\u00a0<strong>Clairac\u00a0<\/strong>et\u00a0<strong>Gaillac<\/strong>, par exemple, poss\u00e8dent moulures et motifs grillag\u00e9s. Un choix de\u00a0<strong>150 couleurs\u00a0<\/strong>est propos\u00e9 par Lapeyre pour obtenir le rendu d\u00e9sir\u00e9 et r\u00e9pondre \u00e0 vos envies.\u00a0<\/p>\r\n\r\n\r\n\r\n<h2 class=\"wp-block-heading\"><strong>Une porte d\u2019entr\u00e9e au style contemporain<\/strong>\u00a0<\/h2>\r\n\r\n\r\n\r\n<p>Vous cherchez une\u00a0<strong>porte d\u2019entr\u00e9e design<\/strong>\u00a0pour moderniser le style de votre entr\u00e9e de maison ? Qu\u2019elle soit en acier, en PVC ou en aluminium, vous avez le champ des possibles !\u00a0<\/p>\r\n\r\n\r\n\r\n<p>Sobres et \u00e9l\u00e9gantes, les\u00a0<strong>portes d\u2019entr\u00e9e en acier<\/strong>\u00a0pr\u00e9peint\u00a0<strong>Nikita\u00a0<\/strong>ou en acier laqu\u00e9\u00a0<strong>Mocka\u00a0<\/strong>sont robustes et s\u00e9curisantes.\u00a0<\/p>\r\n\r\n\r\n\r\n<p>Choisir une porte d\u2019entr\u00e9e en aluminium offre une multitude de possibilit\u00e9s. Elle peut aussi bien afficher un style classique qu\u2019un style r\u00e9solument moderne et design comme le mod\u00e8le\u00a0<strong>Moncelle<\/strong>, qui est ajour\u00e9 d\u2019une forme g\u00e9om\u00e9trique et contemporaine. La collection\u00a0<strong>Havre<\/strong>, par exemple, propose un jeu de mati\u00e8res entre le vitrage, l\u2019alu et le bois pour un effet remarquable.\u00a0<\/p>\r\n\r\n\r\n\r\n<p>Le PVC est, quant\u00a0a\u0300 lui, un mat\u00e9riau durable et facile\u00a0a\u0300 entretenir. Un simple coup d\u2019\u00e9ponge et les traces disparaissent ! Les\u00a0<strong>portes d\u2019entr\u00e9e Lapeyre en PVC<\/strong>\u00a0<strong>Marennes<\/strong>,\u00a0<strong>Mansart<\/strong>,\u00a0<strong>Dinan<\/strong>\u00a0et\u00a0<strong>Gu\u00e9rande<\/strong>, par exemple, ne demandent aucun entretien. Ces menuiseries offrent aussi de bonnes performances thermiques et acoustiques. C\u00f4t\u00e9 d\u00e9co, elles affichent un style simple, mais \u00e9l\u00e9gant. On retrouve les m\u00eames d\u00e9cors que certaines portes d\u2019entr\u00e9es en alu avec les mod\u00e8les\u00a0<strong>Stella<\/strong>,\u00a0<strong>Olonne<\/strong>\u00a0et\u00a0<strong>Aubin<\/strong>.\u00a0<\/p>\r\n\r\n\r\n\r\n<h2 class=\"wp-block-heading\"><strong>Choisir une porte d\u2019entr\u00e9e adapt\u00e9e \u00e0 son projet<\/strong>\u00a0<\/h2>\r\n\r\n\r\n\r\n<p>Le\u00a0<strong>mat\u00e9riau<\/strong>\u00a0de porte d\u2019entr\u00e9e sera choisi en fonction de vos crit\u00e8res et de vos exigences de durabilit\u00e9, d\u2019isolation phonique et thermique.\u00a0<strong>Trois gammes<\/strong>\u00a0sont propos\u00e9es par Lapeyre pour satisfaire les besoins et les budgets de chacun. Que vous choisissiez la solution\u00a0<strong>\u00e9conomique<\/strong>\u00a0ou la\u00a0<strong>gamme sup\u00e9rieure<\/strong>, les dimensions existent toujours en version\u00a0<strong>standard<\/strong>\u00a0et\u00a0<strong>sur-mesure<\/strong>, avec des\u00a0<strong>fermetures cinq points<\/strong>\u00a0minimum. Pour un maximum de choix de couleurs, pr\u00e9f\u00e9rez le niveau trois qui propose des coloris tendances pour\u00a0<strong>personnaliser votre porte d\u2019entr\u00e9e<\/strong>. 150 teintes et coloris sont disponibles, optez pour un gris anthracite, un gris bleu ou un rouge basque RAL, des tons dans l\u2019air du temps, mais qui doivent aussi vous ressembler. N\u2019oubliez pas que la porte d\u2019entr\u00e9e se voit de l\u2019ext\u00e9rieur et qu\u2019elle accueille les visiteurs !\u00a0<\/p>\r\n\r\n\r\n\r\n<p>Pour encore plus de personnalisation, la\u00a0<strong>forme de la porte<\/strong>\u00a0est \u00e0 choisir avec attention : \u00e0 deux\u00a0<strong>vantaux \u00e9gaux<\/strong>\u00a0ou\u00a0<strong>tierc\u00e9s<\/strong>, une porte\u00a0<strong>cintr\u00e9e<\/strong>\u00a0ou\u00a0<strong>rectangulaire<\/strong>, avec ou sans\u00a0<strong>imposte<\/strong>, il y en a pour tous les go\u00fbts ! Pleine, la porte d\u2019entr\u00e9e donne un sentiment de\u00a0<strong>s\u00e9curit\u00e9<\/strong>\u00a0et davantage de protection. La porte d\u2019entr\u00e9e vitr\u00e9e laisse, elle, passer la\u00a0<strong>lumi\u00e8re<\/strong>. La porte \u00e0 moiti\u00e9 vitr\u00e9e est donc un bon compromis.\u00a0<\/p>\r\n\r\n\r\n\r\n<p>Peu importe le style de votre maison, Lapeyre vous accompagne et s\u2019adapte \u00e0 vos contraintes d\u2019ouverture. Avant de finaliser votre projet, choisir une porte d\u2019entr\u00e9e passe aussi par la\u00a0<a href=\"https:\/\/www.lapeyre.fr\/produits\/menuiserie-porte-fenetre\/porte-dentree\/poignee-porte-exterieure\" target=\"_blank\" rel=\"noreferrer noopener\"><strong>poign\u00e9e<\/strong><\/a>\u00a0qui l\u2019accompagne. Elle apporte une touche d\u2019authenticit\u00e9 et du cachet \u00e0 votre palier. D\u00e9couvrez aussi les\u00a0<a href=\"https:\/\/www.lapeyre.fr\/accessoires-pour-portes-dentree-CCN424524\" target=\"_blank\" rel=\"noreferrer noopener\"><strong>accessoires<\/strong>\u00a0<strong>d\u00e9coratifs<\/strong><\/a>\u00a0et de s\u00e9curit\u00e9 (judas,\u00a0entrebailleur\u00a0de porte, etc.) pour vous pr\u00e9munir contre les effractions. Les\u00a0<a href=\"https:\/\/www.lapeyre.fr\/serrures-CCN0181\" target=\"_blank\" rel=\"noreferrer noopener\"><strong>serrures<\/strong><\/a>\u00a0peuvent \u00eatre \u00e0\u00a0<strong>cl\u00e9<\/strong>,\u00a0<strong>automatiques<\/strong>, \u00e0\u00a0<strong>relevage<\/strong>\u00a0ou\u00a0<strong>multipoint \u00e0 crochets<\/strong>. Pour votre entr\u00e9e de maison, vous pouvez aussi installer un\u00a0<a href=\"https:\/\/www.lapeyre.fr\/auvents-marquises-CCN0056\" target=\"_blank\" rel=\"noreferrer noopener\"><strong>auvent<\/strong><\/a>\u00a0pour \u00eatre abrit\u00e9 en cas de pluie le temps de chercher ses clefs.\u00a0<\/p>\r\n\r\n\r\n\r\n<p>Pour encore plus d&rsquo;inspirations, retrouvez les conseils de nos experts dans les magasins Lapeyre ou sur\u00a0<a href=\"http:\/\/lapeyre.fr\/\" target=\"_blank\" rel=\"noreferrer noopener\">lapeyre.fr<\/a>\u00a0!\u202f\u00a0<\/p>\r\n\n<p style=\"text-align: center;\"><a class=\"bouton bleu\" id=\"btn-rdv-magazine\" href=\"https:\/\/www.lapeyre.fr\/prise-de-rdv\">Prendre RDV<\/a><\/p>","protected":false},"excerpt":{"rendered":"<p>La\u00a0porte d\u2019entr\u00e9e\u00a0est le premier \u00e9l\u00e9ment que l\u2019on voit lorsque l\u2019on rentre chez soi, elle est le reflet&#8230;<\/p>\n","protected":false},"author":1005,"featured_media":2660,"comment_status":"open","ping_status":"open","sticky":false,"template":"","format":"standard","meta":{"_acf_changed":false,"footnotes":""},"categories":[955,956],"tags":[20,908],"class_list":{"2":"type-post","6":"hentry"},"acf":[],"_links":{"self":[{"href":"https:\/\/www.lapeyre.fr\/c\/magazine\/wp-json\/wp\/v2\/posts\/2658","targetHints":{"allow":["GET"]}}],"collection":[{"href":"https:\/\/www.lapeyre.fr\/c\/magazine\/wp-json\/wp\/v2\/posts"}],"about":[{"href":"https:\/\/www.lapeyre.fr\/c\/magazine\/wp-json\/wp\/v2\/types\/post"}],"author":[{"embeddable":true,"href":"https:\/\/www.lapeyre.fr\/c\/magazine\/wp-json\/wp\/v2\/users\/1005"}],"replies":[{"embeddable":true,"href":"https:\/\/www.lapeyre.fr\/c\/magazine\/wp-json\/wp\/v2\/comments?post=2658"}],"version-history":[{"count":0,"href":"https:\/\/www.lapeyre.fr\/c\/magazine\/wp-json\/wp\/v2\/posts\/2658\/revisions"}],"wp:featuredmedia":[{"embeddable":true,"href":"https:\/\/www.lapeyre.fr\/c\/magazine\/wp-json\/wp\/v2\/media\/2660"}],"wp:attachment":[{"href":"https:\/\/www.lapeyre.fr\/c\/magazine\/wp-json\/wp\/v2\/media?parent=2658"}],"wp:term":[{"taxonomy":"category","embeddable":true,"href":"https:\/\/www.lapeyre.fr\/c\/magazine\/wp-json\/wp\/v2\/categories?post=2658"},{"taxonomy":"post_tag","embeddable":true,"href":"https:\/\/www.lapeyre.fr\/c\/magazine\/wp-json\/wp\/v2\/tags?post=2658"}],"curies":[{"name":"wp","href":"https:\/\/api.w.org\/{rel}","templated":true}]}}