{"id":273,"date":"2019-10-11T16:45:44","date_gmt":"2019-10-11T14:45:44","guid":{"rendered":"https:\/\/magazine.lapeyre.fr\/?p=273"},"modified":"2025-03-18T14:32:13","modified_gmt":"2025-03-18T13:32:13","slug":"les-fenetres-sur-mesure","status":"publish","type":"post","link":"https:\/\/www.lapeyre.fr\/c\/magazine\/les-fenetres-sur-mesure\/","title":{"rendered":"R\u00e9novation et r\u00e9alisation de fen\u00eatres sur-mesure"},"content":{"rendered":"<p><strong>Les<\/strong> <a href=\"https:\/\/www.lapeyre.fr\/produits\/menuiserie-porte-fenetre\"><strong>fen\u00eatres<\/strong><\/a><strong> sur mesure vous offrent la possibilit\u00e9 de dessiner et de penser l\u2019apport de lumi\u00e8re dans toutes vos pi\u00e8ces de la maison, hors des dimensions standard d\u2019ouverture. D\u00e9couvrez les informations \u00e0 conna\u00eetre avant de les installer.<\/strong><\/p>\n<h2><strong><em>Qu\u2019est-ce qu\u2019une fen\u00eatre sur mesure ?<\/em><\/strong><\/h2>\n<p>Si la plupart des fen\u00eatres dites\u00a0<a href=\"https:\/\/www.lapeyre.fr\/produits\/menuiserie-porte-fenetre\/fenetre\">standard\u00a0<\/a>proposent des mod\u00e8les permettant de s\u2019adapter \u00e0 tous les types d\u2019ouverture, les mod\u00e8les sur mesure permettent de r\u00e9pondre au mieux aux formats atypiques, aux r\u00e9novations complexes ou \u00e0 des contraintes esth\u00e9tiques. De plus, le sur-mesure, ce n\u2019est pas seulement l\u2019adaptation aux dimensions de l\u2019ouverture. C\u2019est aussi la possibilit\u00e9 de cr\u00e9er une fen\u00eatre en accord avec votre d\u00e9coration int\u00e9rieure et celui de votre fa\u00e7ade de maison. Les options du sur-mesure vous offrent un large choix : montants bicolores, petits carreaux int\u00e9gr\u00e9s ou amovibles\u2026 \u00c0 vous de choisir \u00e9galement le vitrage qui correspond le mieux \u00e0 vos besoins et \u00e0 votre budget : simple, double, ou triple vitrage, etc.<\/p>\n<p><strong><em>\u00c0 lire aussi : <\/em><\/strong><a href=\"https:\/\/www.lapeyre.fr\/c\/magazine\/preparer-mon-projet\/choisir-fenetres\"><strong><em>Choisir ses fen\u00eatres : conseils et astuces<\/em><\/strong><\/a><strong><em>\u00a0<\/em><\/strong><\/p>\n<h2><strong><em>\u00a0Quels sont leurs avantages ?<\/em><\/strong><\/h2>\n<p>En plus de s\u2019adapter parfaitement au style de votre maison, tant au niveau forme qu\u2019en terme de finition, gr\u00e2ce au large de choix de coloris, de poign\u00e9es, de verres, ou encore d\u2019habillages, l\u2019avantage s\u2019impose aussi en termes de performance.<\/p>\n<p>En plus de l\u2019aspect esth\u00e9tique, \u00e0 vous de choisir la qualit\u00e9 du verre. Double ou triple vitrage pour une haute performance acoustique et\/ou thermique, choix d\u2019une s\u00e9curit\u00e9 renforc\u00e9e, ou encore des mat\u00e9riaux utilis\u00e9s. Lapeyre r\u00e9alise votre fen\u00eatre sur mesure avec le type de mat\u00e9riau de votre choix : aluminium,\u00a0<a href=\"https:\/\/www.lapeyre.fr\/fenetre-classic-pvc-FPC2186320\">PVC<\/a>, pin sylvestre ou\u00a0<a href=\"https:\/\/www.lapeyre.fr\/produits\/menuiserie-porte-fenetre\/fenetre\">ch\u00eane<\/a>. Vous b\u00e9n\u00e9ficiez ainsi des avantages particuliers de chacun. Les fen\u00eatres\u00a0Lapeyre en bois, en PVC et en aluminium sont\u00a0fabriqu\u00e9es en France dans nos propres usines et soumises \u00e0\u00a0des contr\u00f4les qualit\u00e9 exigeants.<\/p>\n<h2><strong><em>\u00a0Quels mat\u00e9riaux pour des fen\u00eatres sur-mesure<\/em><\/strong><strong><em>\u202f?<\/em><\/strong><\/h2>\n<p>Au moment de r\u00e9nover ou r\u00e9aliser des <a href=\"https:\/\/www.lapeyre.fr\/produits\/menuiserie-porte-fenetre\/fenetre\">fen\u00eatres<\/a> sur-mesure, <strong>plusieurs types de mat\u00e9riaux<\/strong> s\u2019offrent \u00e0 vous, chacun avec ses avantages.<\/p>\n<h3><strong><em>La fen\u00eatre sur-mesure en PVC<\/em><\/strong><\/h3>\n<p>Le <a href=\"https:\/\/www.lapeyre.fr\/produits\/menuiserie-porte-fenetre\/fenetre\/fenetre-pvc\">fen\u00eatre en PVC<\/a> reste la solution <strong>la plus largement sollicit\u00e9e<\/strong> pour des menuiseries sur-mesure. Il faut dire que cette mati\u00e8re plastique particuli\u00e8re \u2013 du polychlorure de vinyle \u2013 pr\u00e9sente de nombreux atouts.<\/p>\n<p>Il s\u2019agit d\u2019un mat\u00e9riau <strong>peu on\u00e9reux<\/strong> et <strong>facilement personnalisable<\/strong> puisqu\u2019il se d\u00e9cline dans une multitude de coloris et motifs. Tr\u00e8s <strong>simple \u00e0 entretenir<\/strong>, le PVC pr\u00e9sente \u00e9galement de <strong>bonnes performances en mati\u00e8re d\u2019\u00e9tanch\u00e9it\u00e9<\/strong> et demeure un <strong>bon isolant thermique<\/strong>.<\/p>\n<p>En revanche, ce mat\u00e9riau plastique reste <strong>plus sensible aux chocs et aux UV<\/strong>, et ne peut supporter un vitrage trop lourd. Il convient donc davantage aux plus petites fen\u00eatres. De plus, son rendu esth\u00e9tique sera moins \u00e9l\u00e9gant que du bois ou de l\u2019aluminium.<\/p>\n<p><img loading=\"lazy\" decoding=\"async\" class=\"alignnone size-full wp-image-4143\" src=\"https:\/\/uat-magazine.lapeyre.fr\/wp-content\/uploads\/2019\/10\/202442365_3_HD.jpg\" alt=\"Cr\u00e9ation et r\u00e9novation de fen\u00eatres sur mesure\" width=\"2000\" height=\"972\" srcset=\"https:\/\/www.lapeyre.fr\/wp-content\/uploads\/2019\/10\/202442365_3_HD.jpg 2000w, https:\/\/www.lapeyre.fr\/wp-content\/uploads\/2019\/10\/202442365_3_HD-300x146.jpg 300w, https:\/\/www.lapeyre.fr\/wp-content\/uploads\/2019\/10\/202442365_3_HD-1024x498.jpg 1024w, https:\/\/www.lapeyre.fr\/wp-content\/uploads\/2019\/10\/202442365_3_HD-768x373.jpg 768w, https:\/\/www.lapeyre.fr\/wp-content\/uploads\/2019\/10\/202442365_3_HD-1536x746.jpg 1536w, https:\/\/www.lapeyre.fr\/wp-content\/uploads\/2019\/10\/202442365_3_HD-1920x933.jpg 1920w\" sizes=\"auto, (max-width: 2000px) 100vw, 2000px\" \/><\/p>\n<h3><strong><em>La fen\u00eatre sur-mesure en bois<\/em><\/strong><\/h3>\n<p>Mat\u00e9riau noble et chaleureux, le bois reste une <strong>solution particuli\u00e8rement esth\u00e9tique<\/strong> pour vos fen\u00eatres sur-mesure. Il pr\u00e9sente une <strong>importante long\u00e9vit\u00e9 dans le temps<\/strong> et peut <strong>facilement \u00eatre r\u00e9par\u00e9<\/strong>, r\u00e9nov\u00e9 ou repeint au fil des ann\u00e9es.<\/p>\n<p><strong>Robuste<\/strong>, la <a href=\"https:\/\/www.lapeyre.fr\/produits\/menuiserie-porte-fenetre\/fenetre\/fenetre-bois\">fen\u00eatre en bois<\/a> peut <strong>supporter des vitrages lourds<\/strong>. Simple \u00e0 d\u00e9couper, la conception de votre menuiserie sur-mesure prend moins de temps qu\u2019avec un autre mat\u00e9riau.<\/p>\n<p>Vous avez le choix entre <strong>diff\u00e9rentes essences de bois<\/strong>, pr\u00e9sentant chacune des atouts\u202f:<\/p>\n<ul>\n<li>Feuillue\u202f(ch\u00eane, h\u00eatre, etc.)\u202f: cette essence offre de tr\u00e8s bonnes performances isolantes\u202f;<\/li>\n<\/ul>\n<ul>\n<li>R\u00e9sineuse (pin, sapin, etc.)\u202f: il s\u2019agit de l\u2019essence de bois la moins on\u00e9reuse\u202f;<\/li>\n<\/ul>\n<ul>\n<li>Bois exotique (teck, ip\u00e9, weng\u00e9, etc.)\u202f: cette essence est la plus r\u00e9sistante face aux al\u00e9as climatiques.<\/li>\n<\/ul>\n<p>Toutefois, le bois se pr\u00e9sente comme <strong>un mat\u00e9riau on\u00e9reux<\/strong>. De m\u00eame, il demande un <strong>entretien particulier<\/strong> pour r\u00e9sister aux intemp\u00e9ries, aux variations climatiques et \u00e0 l\u2019humidit\u00e9. Il est n\u00e9cessaire d\u2019appliquer de la lasure et des produits hydrofuges et fongicides pour pr\u00e9server ce mat\u00e9riau noble.<\/p>\n<p><img loading=\"lazy\" decoding=\"async\" class=\"alignnone size-full wp-image-4144\" src=\"https:\/\/uat-magazine.lapeyre.fr\/wp-content\/uploads\/2019\/10\/202442361_5_HD.jpg\" alt=\"Cr\u00e9ation et r\u00e9novation de fen\u00eatres sur mesure.\" width=\"2000\" height=\"1500\" srcset=\"https:\/\/www.lapeyre.fr\/wp-content\/uploads\/2019\/10\/202442361_5_HD.jpg 2000w, https:\/\/www.lapeyre.fr\/wp-content\/uploads\/2019\/10\/202442361_5_HD-300x225.jpg 300w, https:\/\/www.lapeyre.fr\/wp-content\/uploads\/2019\/10\/202442361_5_HD-1024x768.jpg 1024w, https:\/\/www.lapeyre.fr\/wp-content\/uploads\/2019\/10\/202442361_5_HD-768x576.jpg 768w, https:\/\/www.lapeyre.fr\/wp-content\/uploads\/2019\/10\/202442361_5_HD-1536x1152.jpg 1536w, https:\/\/www.lapeyre.fr\/wp-content\/uploads\/2019\/10\/202442361_5_HD-1920x1440.jpg 1920w\" sizes=\"auto, (max-width: 2000px) 100vw, 2000px\" \/><\/p>\n<h3><strong><em>La fen\u00eatre sur-mesure en aluminium<\/em><\/strong><\/h3>\n<p>Autre possibilit\u00e9 pour vos fen\u00eatres sur-mesure\u202f: l\u2019aluminium. S\u2019il se pr\u00e9sente comme un mat\u00e9riau l\u00e9ger, il se montre <strong>tr\u00e8s r\u00e9sistant<\/strong> et capable de <strong>supporter des charges lourdes<\/strong>.<\/p>\n<p>Id\u00e9al pour s\u2019int\u00e9grer dans un style industriel ou contemporain, l\u2019aluminium offre une <strong>parfaite \u00e9tanch\u00e9it\u00e9 et une dur\u00e9e de vie importante<\/strong>. Peu sensible aux UV, contrairement au PVC, l\u2019alu ne demande que tr\u00e8s <strong>peu d\u2019entretien<\/strong>.<\/p>\n<p>Les <a href=\"https:\/\/www.lapeyre.fr\/produits\/menuiserie-porte-fenetre\/fenetre\/fenetre-aluminium\">fen\u00eatres en aluminium<\/a> se montrent toutefois <strong>on\u00e9reuses<\/strong> bien qu\u2019elles offrent de nombreux avantages. Pour b\u00e9n\u00e9ficier d\u2019une isolation thermique optimale, il est \u00e9galement conseill\u00e9 de <strong>renforcer la menuiserie de votre ouverture \u00e0 l\u2019aide d\u2019une rupture de pont thermique<\/strong>.<\/p>\n<p><img loading=\"lazy\" decoding=\"async\" class=\"alignnone size-full wp-image-4145\" src=\"https:\/\/uat-magazine.lapeyre.fr\/wp-content\/uploads\/2019\/10\/202335832_3_HD.jpg\" alt=\"Cr\u00e9ation et r\u00e9novation de fen\u00eatres sur mesure.\" width=\"2000\" height=\"1343\" srcset=\"https:\/\/www.lapeyre.fr\/wp-content\/uploads\/2019\/10\/202335832_3_HD.jpg 2000w, https:\/\/www.lapeyre.fr\/wp-content\/uploads\/2019\/10\/202335832_3_HD-300x201.jpg 300w, https:\/\/www.lapeyre.fr\/wp-content\/uploads\/2019\/10\/202335832_3_HD-1024x688.jpg 1024w, https:\/\/www.lapeyre.fr\/wp-content\/uploads\/2019\/10\/202335832_3_HD-768x516.jpg 768w, https:\/\/www.lapeyre.fr\/wp-content\/uploads\/2019\/10\/202335832_3_HD-1536x1031.jpg 1536w, https:\/\/www.lapeyre.fr\/wp-content\/uploads\/2019\/10\/202335832_3_HD-1920x1289.jpg 1920w\" sizes=\"auto, (max-width: 2000px) 100vw, 2000px\" \/><\/p>\n<p><strong>\u00c0 lire aussi : <\/strong><a href=\"https:\/\/www.lapeyre.fr\/c\/magazine\/inspirations-tendances\/choisir-fenetres-inspirations\"><strong>Choisir ses fen\u00eatres<\/strong><\/a><a href=\"https:\/\/www.lapeyre.fr\/c\/magazine\/inspirations-tendances\/choisir-fenetres-inspirations\"><strong>\u202f<\/strong><\/a><a href=\"https:\/\/www.lapeyre.fr\/c\/magazine\/inspirations-tendances\/choisir-fenetres-inspirations\"><strong>: des id\u00e9es pour vous inspirer<\/strong><\/a><\/p>\n<h2><strong><em>\u00a0Quelles sont les d\u00e9marches \u00e0 suivre ?<\/em><\/strong><\/h2>\n<p>Qu\u2019il s\u2019agisse d\u2019une fen\u00eatre sur mesure ou non, l\u2019\u00e9tape incontournable avant de la changer est de se renseigner sur la r\u00e9glementation en vigueur. En effet, lors d\u2019une r\u00e9novation, certaines obligations seront \u00e0 respecter,\u00a0par exemple si vous vous trouvez dans\u00a0un secteur prot\u00e9g\u00e9 ou sauvegard\u00e9.<\/p>\n<p>Bon \u00e0 savoir, si vous changez votre fen\u00eatre \u00e0 l\u2019identique, une d\u00e9claration de travaux n\u2019est pas n\u00e9cessaire. En revanche, si le futur mod\u00e8le s\u2019av\u00e8re diff\u00e9rent (nouveau mat\u00e9riau, nouvelle couleur), il vous faudra faire une d\u00e9claration pr\u00e9alable de travaux. De m\u00eame, pour tous travaux qui engendrent une modification de la fa\u00e7ade comme la cr\u00e9ation d\u2019une ouverture, la modification de l\u2019apparence d\u2019une fen\u00eatre existante ou la transformation d\u2019une fen\u00eatre par une porte-fen\u00eatre, une d\u00e9claration de travaux sera alors n\u00e9cessaire.<\/p>\n<p>Pour estimer le co\u00fbt de votre fen\u00eatre, simulez votre projet avec le configurateur Lapeyre.<\/p>\n<h2><strong><em>\u00a0Lapeyre vous accompagne dans la r\u00e9novation et la r\u00e9alisation de fen\u00eatres sur-mesure <\/em><\/strong><\/h2>\n<p>Chez Lapeyre, nos menuisiers qualifi\u00e9s sont \u00e0 votre disposition pour la r\u00e9novation et la r\u00e9alisation de fen\u00eatres sur-mesure. \u00c0 l\u2019<a href=\"https:\/\/www.lapeyre.fr\/c\/services\/le-service-atelier\">Atelier<\/a>, accessible dans tous les magasins, <strong>des professionnels r\u00e9pondent \u00e0 toutes vos demandes et \u00e0 tous vos besoins<\/strong>.<\/p>\n<h2><strong><em>Comment b\u00e9n\u00e9ficier de l\u2019accompagnement Lapeyre<\/em><\/strong><strong><em>\u202f?<\/em><\/strong><\/h2>\n<p>Pour b\u00e9n\u00e9ficier de l\u2019accompagnement Lapeyre, c\u2019est tr\u00e8s simple\u202f: rendez-vous dans le <a href=\"https:\/\/www.lapeyre.fr\/tous-les-magasins\">magasin Lapeyre le plus proche de chez vous<\/a>. Nos \u00e9quipes de menuisiers vous <strong>conseilleront dans votre projet<\/strong> et <strong>r\u00e9aliseront tous les travaux ou prestations n\u00e9cessaires<\/strong>.<\/p>\n<p>Pour le remplacement de vos menuiseries, deux solutions s\u2019offrent \u00e0 vous\u202f:<\/p>\n<ul>\n<li><strong>Solution R\u00e9no<\/strong><strong>\u202f:<\/strong> vous venez en magasin avec vos menuiseries existantes et l\u2019un de nos menuisiers se charge de les remplacer \u00e0 l\u2019identique\u202f;<\/li>\n<\/ul>\n<ul>\n<li><strong>Solution Reno+<\/strong><strong>\u202f:<\/strong> un de nos conseillers se rend chez vous pour r\u00e9cup\u00e9rer vos menuiseries afin de les modifier \u00e0 l\u2019Atelier. Les nouveaux mod\u00e8les sont ensuite install\u00e9s chez vous, sans travaux suppl\u00e9mentaires.<\/li>\n<\/ul>\n<h2><strong><em>\u00a0De nombreuses prestations disponibles selon vos projets<\/em><\/strong><\/h2>\n<p>Au-del\u00e0 des fen\u00eatres sur-mesure, <strong>Lapeyre vous accompagne dans tous vos projets<\/strong>, notamment\u202f:<\/p>\n<ul>\n<li>La r\u00e9novation de portes avec paumelles et serrures apport\u00e9es par vos soins\u202f: vous rentrez chez vous avec une porte pr\u00eate \u00e0 \u00eatre remise sur ses gonds d\u2019origine, sans n\u00e9cessit\u00e9 de r\u00e9aliser des travaux\u202f;<\/li>\n<\/ul>\n<ul>\n<li>La r\u00e9novation de volets, sur le m\u00eame principe que les portes, pour un rendu sur-mesure et rapide, pr\u00eat \u00e0 \u00eatre install\u00e9\u202f;<\/li>\n<\/ul>\n<ul>\n<li>La d\u00e9coupe de placard et de panneaux\u202f;<\/li>\n<\/ul>\n<ul>\n<li>Le montage de meubles en kit, etc.<\/li>\n<\/ul>\n<p>Au total, Lapeyre vous propose <strong>89 prestations accessibles<\/strong>, en fonction de vos projets.<\/p>\n<p style=\"text-align: center;\"><a class=\"bouton bleu\" id=\"btn-rdv-magazine\" href=\"https:\/\/www.lapeyre.fr\/prise-de-rdv\">Prendre RDV<\/a><\/p>\n","protected":false},"excerpt":{"rendered":"<p>Les fen\u00eatres sur mesure vous offrent la possibilit\u00e9 de dessiner et de penser l\u2019apport de lumi\u00e8re dans&#8230;<\/p>\n","protected":false},"author":1005,"featured_media":4143,"comment_status":"open","ping_status":"open","sticky":false,"template":"","format":"standard","meta":{"_acf_changed":false,"footnotes":""},"categories":[955,956],"tags":[902],"class_list":{"2":"type-post","6":"hentry"},"acf":[],"_links":{"self":[{"href":"https:\/\/www.lapeyre.fr\/c\/magazine\/wp-json\/wp\/v2\/posts\/273","targetHints":{"allow":["GET"]}}],"collection":[{"href":"https:\/\/www.lapeyre.fr\/c\/magazine\/wp-json\/wp\/v2\/posts"}],"about":[{"href":"https:\/\/www.lapeyre.fr\/c\/magazine\/wp-json\/wp\/v2\/types\/post"}],"author":[{"embeddable":true,"href":"https:\/\/www.lapeyre.fr\/c\/magazine\/wp-json\/wp\/v2\/users\/1005"}],"replies":[{"embeddable":true,"href":"https:\/\/www.lapeyre.fr\/c\/magazine\/wp-json\/wp\/v2\/comments?post=273"}],"version-history":[{"count":0,"href":"https:\/\/www.lapeyre.fr\/c\/magazine\/wp-json\/wp\/v2\/posts\/273\/revisions"}],"wp:featuredmedia":[{"embeddable":true,"href":"https:\/\/www.lapeyre.fr\/c\/magazine\/wp-json\/wp\/v2\/media\/4143"}],"wp:attachment":[{"href":"https:\/\/www.lapeyre.fr\/c\/magazine\/wp-json\/wp\/v2\/media?parent=273"}],"wp:term":[{"taxonomy":"category","embeddable":true,"href":"https:\/\/www.lapeyre.fr\/c\/magazine\/wp-json\/wp\/v2\/categories?post=273"},{"taxonomy":"post_tag","embeddable":true,"href":"https:\/\/www.lapeyre.fr\/c\/magazine\/wp-json\/wp\/v2\/tags?post=273"}],"curies":[{"name":"wp","href":"https:\/\/api.w.org\/{rel}","templated":true}]}}