{"id":2740,"date":"2021-06-25T14:07:22","date_gmt":"2021-06-25T12:07:22","guid":{"rendered":"https:\/\/magazine.lapeyre.fr\/c\/magazine\/?p=2740"},"modified":"2025-02-21T09:44:11","modified_gmt":"2025-02-21T08:44:11","slug":"amenager-petit-jardin","status":"publish","type":"post","link":"https:\/\/www.lapeyre.fr\/c\/magazine\/amenager-petit-jardin\/","title":{"rendered":"Comment am\u00e9nager un petit jardin ?"},"content":{"rendered":"\r\n<p>Avoir un petit ext\u00e9rieur n\u2019est pas une fatalit\u00e9 en soi. Essayez d\u2019avoir une approche constructive et positive. Durant les beaux jours, vous faites partie des privil\u00e9gi\u00e9s qui auront le loisir de profiter des rayons de soleil et de la douceur de l\u2019air frais. Il vous faudra seulement f<strong>aire preuve d\u2019un peu plus d&rsquo;ing\u00e9niosit\u00e9 pour am\u00e9nager votre petit jardin<\/strong>.\u00a0<\/p>\r\n\r\n\r\n\r\n<figure class=\"wp-block-image size-large is-style-default\"><img loading=\"lazy\" decoding=\"async\" width=\"869\" height=\"1024\" class=\"wp-image-2742\" src=\"https:\/\/magazine.lapeyre.fr\/wp-content\/uploads\/2021\/06\/terrasse-enfant-869x1024.jpg\" alt=\"Enfant allong\u00e9e sur les lames d'une terrasse\" srcset=\"https:\/\/www.lapeyre.fr\/wp-content\/uploads\/2021\/06\/terrasse-enfant-869x1024.jpg 869w, https:\/\/www.lapeyre.fr\/wp-content\/uploads\/2021\/06\/terrasse-enfant-254x300.jpg 254w, https:\/\/www.lapeyre.fr\/wp-content\/uploads\/2021\/06\/terrasse-enfant-768x905.jpg 768w, https:\/\/www.lapeyre.fr\/wp-content\/uploads\/2021\/06\/terrasse-enfant.jpg 1240w\" sizes=\"auto, (max-width: 869px) 100vw, 869px\" \/><\/figure>\r\n\r\n\r\n\r\n<h2 class=\"wp-block-heading\">D\u00e9finir le jardin secret de tous les membres de votre famille<\/h2>\r\n\r\n\r\n\r\n<p>Tout d&rsquo;abord, il vous faudra <strong>d\u00e9finir vos besoins. Vous aimez partager des moments conviviaux et organiser de nombreux moments d&rsquo;\u00e9changes<\/strong>.\u00a0<\/p>\r\n\r\n\r\n\r\n<p>Si vous \u00eates adepte de l\u2019ap\u00e9ritif, vous partirez sur un espace salon d\u2019ext\u00e9rieur. Pour un gain de place, pourquoi ne pas miser sur un comptoir. Il peut se pr\u00e9senter sous forme d\u2019une simple planche attenante \u00e0 la <a href=\"https:\/\/www.lapeyre.fr\/balustrades-exterieures-CCN0079\">balustrade<\/a> ou fixer au mur. \u00c9tant debout vous minimiser ainsi l\u2019espace de chacun, tout en am\u00e9liorant la proximit\u00e9.<\/p>\r\n\r\n\r\n\r\n<p>Vous aimez faire d\u00e9couvrir des nouvelles saveurs \u00e0 vos amis. Offrez leur le choix d\u2019un repas en int\u00e9rieur ou en ext\u00e9rieur. Pour plus de confort et d\u2019intimit\u00e9, am\u00e9nagez un coin repas \u00e0 l&rsquo;abri du soleil et des intemp\u00e9ries, sous une <a href=\"https:\/\/www.lapeyre.fr\/tonnelles-toits-terrasse-CCN0081\">tonnelle<\/a>, ou v\u00e9randa. Ils pourront ainsi appr\u00e9cier les mets concoct\u00e9s par vos soins.<\/p>\r\n\r\n\r\n\r\n<p>Pour canaliser les plus petits, d\u00e9limitez un espace de jeux pour enfants \u00e0 l\u2019aide de cloisons ou <a href=\"https:\/\/www.lapeyre.fr\/cloisons-verriere-en-acier-CCN2136207\">verri\u00e8res<\/a>. Cette aire de jeux leur permettra de se d\u00e9penser en ext\u00e9rieur et de d\u00e9barrasser leur chambre des objets trop volumineux ou non adapt\u00e9s \u00e0 l&rsquo;int\u00e9rieur.<\/p>\r\n\r\n\r\n\r\n<h2 class=\"wp-block-heading\">Repenser votre jardin dans l\u2019espace<\/h2>\r\n\r\n\r\n\r\n<p><strong>Exploiter chaque m\u00e8tre carr\u00e9 de votre petit jardin.\u00a0<\/strong><\/p>\r\n\r\n\r\n\r\n<p>Les murs et cloisons existantes vous permettront de <strong>faire pousser un jardin vertical<\/strong> et de donner de la hauteur. Les g\u00e9raniums, les delphiniums, les alch\u00e9milles, les achill\u00e9s, le rosier de France, les bleuets, la rose tr\u00e9mi\u00e8re et la lavande sont les vari\u00e9t\u00e9s de plantes \u00e0 favoriser pour un jardin vertical.<\/p>\r\n\r\n\r\n\r\n<p>La v\u00e9g\u00e9tation permet de d\u00e9limiter l\u2019espace et de cr\u00e9er du volume. Des bac de plantes, fleurs ou potager feront tr\u00e8s bien l\u2019affaire. Vous pourrez varier entre <strong>des bacs hauts ou jardini\u00e8res pour cr\u00e9er diff\u00e9rents niveaux<\/strong>. Vous opterez ainsi pour des aromatiques, ou plantes potag\u00e8res comme les betteraves, carottes, choux, poireaux, salades et encore biens d\u2019autres<\/p>\r\n\r\n\r\n\r\n<p><strong>Pr\u00e9voyez des \u00e9l\u00e9ments polyvalents<\/strong>, ainsi vous pourrez accrocher un hamac sous une pergola. Cela vous permettra aussi bien d\u2019y faire la sieste apr\u00e8s un bon repas ou de le transformer en balan\u00e7oire pour vos enfants.<\/p>\r\n\r\n\r\n\r\n<p>Laissez -vous porter par votre imagination, dissimuler un bac \u00e0 sable sous le sol de la\u00a0 terrasse, installer des tiroirs coulissants sous un banc pour r\u00e9pondre aux besoins d\u2019 assises et de stockage.<\/p>\r\n\r\n\r\n\r\n<p>Les \u00e9l\u00e9ments d\u00e9coratifs sont vos alli\u00e9s. <strong>L&rsquo;installation de miroirs en ext\u00e9rieur donnera une illusion de profondeur et agrandira votre jardin.\u00a0<\/strong><\/p>\r\n\r\n\r\n\r\n<p>Vous pouvez \u00e9galement faire appel \u00e0 un paysagiste, il vous apportera ses meilleurs\u00a0 conseils pour harmoniser et structurer votre jardin. Il vous aiguillera sur les derni\u00e8res tendances comme les plantes vivaces comme l\u2019absinthe, l\u2019ail, l\u2019arnica, le bambou, le bougainvillier, la capucine\u2026<\/p>\r\n\r\n\r\n\r\n<p>Il est conseill\u00e9 d&rsquo;accorder les tonalit\u00e9s de couleurs de votre habitat et de votre ext\u00e9rieur. A nouveau le choix de couleurs des diff\u00e9rents \u00e9l\u00e9ments, mobiliers de jardin, jardini\u00e8re, parasol\u2026 Et m\u00eame de votre v\u00e9g\u00e9tation tel que le rosier, la cl\u00e9matite, le liserons de Turquie, l&rsquo;Euphorbe de Martin, la griseline du littoral&#8230;<\/p>\r\n\n<p style=\"text-align: center;\"><a class=\"bouton bleu\" id=\"btn-rdv-magazine\" href=\"https:\/\/www.lapeyre.fr\/prise-de-rdv\">Prendre RDV<\/a><\/p>","protected":false},"excerpt":{"rendered":"<p>Avoir un petit ext\u00e9rieur n\u2019est pas une fatalit\u00e9 en soi. Essayez d\u2019avoir une approche constructive et positive&#8230;.<\/p>\n","protected":false},"author":1005,"featured_media":2742,"comment_status":"open","ping_status":"open","sticky":false,"template":"","format":"standard","meta":{"_acf_changed":false,"footnotes":""},"categories":[982,979],"tags":[26,27],"class_list":{"2":"type-post","6":"hentry"},"acf":[],"_links":{"self":[{"href":"https:\/\/www.lapeyre.fr\/c\/magazine\/wp-json\/wp\/v2\/posts\/2740","targetHints":{"allow":["GET"]}}],"collection":[{"href":"https:\/\/www.lapeyre.fr\/c\/magazine\/wp-json\/wp\/v2\/posts"}],"about":[{"href":"https:\/\/www.lapeyre.fr\/c\/magazine\/wp-json\/wp\/v2\/types\/post"}],"author":[{"embeddable":true,"href":"https:\/\/www.lapeyre.fr\/c\/magazine\/wp-json\/wp\/v2\/users\/1005"}],"replies":[{"embeddable":true,"href":"https:\/\/www.lapeyre.fr\/c\/magazine\/wp-json\/wp\/v2\/comments?post=2740"}],"version-history":[{"count":0,"href":"https:\/\/www.lapeyre.fr\/c\/magazine\/wp-json\/wp\/v2\/posts\/2740\/revisions"}],"wp:featuredmedia":[{"embeddable":true,"href":"https:\/\/www.lapeyre.fr\/c\/magazine\/wp-json\/wp\/v2\/media\/2742"}],"wp:attachment":[{"href":"https:\/\/www.lapeyre.fr\/c\/magazine\/wp-json\/wp\/v2\/media?parent=2740"}],"wp:term":[{"taxonomy":"category","embeddable":true,"href":"https:\/\/www.lapeyre.fr\/c\/magazine\/wp-json\/wp\/v2\/categories?post=2740"},{"taxonomy":"post_tag","embeddable":true,"href":"https:\/\/www.lapeyre.fr\/c\/magazine\/wp-json\/wp\/v2\/tags?post=2740"}],"curies":[{"name":"wp","href":"https:\/\/api.w.org\/{rel}","templated":true}]}}