{"id":2745,"date":"2021-06-25T14:14:05","date_gmt":"2021-06-25T12:14:05","guid":{"rendered":"https:\/\/magazine.lapeyre.fr\/c\/magazine\/?p=2745"},"modified":"2025-02-03T11:21:53","modified_gmt":"2025-02-03T10:21:53","slug":"isoler-combles-amenages","status":"publish","type":"post","link":"https:\/\/www.lapeyre.fr\/c\/magazine\/isoler-combles-amenages\/","title":{"rendered":"Comment bien isoler des combles am\u00e9nag\u00e9s ?"},"content":{"rendered":"\r\n<p>Vous avez augment\u00e9 la surface habitable de votre logement en exploitant l\u2019espace sous combles. La hauteur sous plafond permet la cr\u00e9ation d\u2019un espace de vie suppl\u00e9mentaire. Commencez par l\u2019isolation int\u00e9rieure. Veillez \u00e0 <strong>choisir les bons rev\u00eatements sols et murs pour minimiser les \u00e9changes thermique et phonique sous les toits<\/strong> ainsi qu\u2019une fen\u00eatre offrant de bonnes performances d\u2019isolation et confort d\u2019utilisation.<\/p>\r\n\r\n\r\n\r\n<figure class=\"wp-block-image size-large is-style-default\"><img loading=\"lazy\" decoding=\"async\" width=\"768\" height=\"1024\" class=\"wp-image-2746\" src=\"https:\/\/magazine.lapeyre.fr\/wp-content\/uploads\/2021\/06\/fenetre-toit-combles-768x1024.jpg\" alt=\"Fen\u00eatre de toit combles\" srcset=\"https:\/\/www.lapeyre.fr\/wp-content\/uploads\/2021\/06\/fenetre-toit-combles-768x1024.jpg 768w, https:\/\/www.lapeyre.fr\/wp-content\/uploads\/2021\/06\/fenetre-toit-combles-225x300.jpg 225w, https:\/\/www.lapeyre.fr\/wp-content\/uploads\/2021\/06\/fenetre-toit-combles.jpg 893w\" sizes=\"auto, (max-width: 768px) 100vw, 768px\" \/><\/figure>\r\n\r\n\r\n\r\n<h2 class=\"wp-block-heading\">Quand peut-on parler de combles am\u00e9nageables ?<\/h2>\r\n\r\n\r\n\r\n<p><strong>Trois points doivent \u00eatre respect\u00e9s pour consid\u00e9rer des combles comme \u00e9tant am\u00e9nageables :\u00a0<\/strong><\/p>\r\n\r\n\r\n\r\n<p><strong>\u2022<\/strong> <strong>La hauteur sous plafond doit \u00eatre de 1.80 m\u00e8tre minimum<\/strong><\/p>\r\n\r\n\r\n\r\n<p><strong>\u2022<\/strong> <strong>La pente du toit doit \u00eatre sup\u00e9rieure \u00e0 35 %\u00a0<\/strong><\/p>\r\n\r\n\r\n\r\n<p><strong>\u2022<\/strong> <strong>La charpente doit \u00eatre adapt\u00e9e afin de permettre un espace suffisant \u00e0 l\u2019am\u00e9nagement des combles<\/strong><\/p>\r\n\r\n\r\n\r\n<p>Si ces trois crit\u00e8res ne sont pas r\u00e9unis (notamment le point concernant la hauteur sous plafond), la surface habitable ne pourra pas \u00eatre suffisante et on parlera alors de combles perdus. La technique d\u2019isolation la plus r\u00e9pandue pour ces derniers est alors celle du soufflage de flocons isolants (ouate de cellulose, laine min\u00e9rale, etc.)<\/p>\r\n\r\n\r\n\r\n<h2 class=\"wp-block-heading\">Isolation des Sols<\/h2>\r\n\r\n\r\n\r\n<p>Prenez le soin de choisir les rev\u00eatements de sols qui correspondent \u00e0 votre style de vie, selon les \u00e9tages.\u00a0<\/p>\r\n\r\n\r\n\r\n<p>Vous avez \u00e0 votre disposition une multitude de solutions, <a href=\"https:\/\/www.lapeyre.fr\/sols-murs-CCU0007\">parquet, sols stratifi\u00e9s ou vinyle<\/a> qui vous permettront de maximiser un confort en temp\u00e9rature et nuisance sonores.<\/p>\r\n\r\n\r\n\r\n<p>Le parquet n\u00e9cessite un investissement plus important mais reste une valeur s\u00fbre qui a su s\u2019adapter \u00e0 toutes les modes. Il offre d\u2019excellentes propri\u00e9t\u00e9s d\u2019isolation et sa mati\u00e8re noble et naturelle apporte un cachet engag\u00e9 \u00e0 votre int\u00e9rieur.<\/p>\r\n\r\n\r\n\r\n<p>Les sols stratifi\u00e9s, pour des budgets plus mod\u00e9r\u00e9s et des techniques de mise en \u0153uvre moins lourdes, offrent une large palette de finitions. Ainsi vous aurez la possibilit\u00e9 de cr\u00e9er l\u2019univers d\u00e9co de votre choix.\u00a0 Pourquoi ne pas r\u00e9aliser une ambiance toute carrel\u00e9e \u00e0 l\u2019\u00e9tage sans impact sur le bruit.<\/p>\r\n\r\n\r\n\r\n<p>Les sols vinyles, \u00e9conomiques et faciles \u00e0 mettre en place. Il donne acc\u00e8s \u00e0 tous les styles \u00e0 moindre co\u00fbt.\u00a0 De plus, il poss\u00e8de d<strong>&lsquo;excellentes qualit\u00e9s isolantes<\/strong> et une bonne r\u00e9sistance au temps.\u00a0<\/p>\r\n\r\n\r\n\r\n<h2 class=\"wp-block-heading\">Isolation des murs<\/h2>\r\n\r\n\r\n\r\n<p>Vous souhaitez <strong>recouvrir vos murs pour apporter un couche de protection suppl\u00e9mentaire aux perturbations ext\u00e9rieures<\/strong> tout en conservant un esprit cozy et chaleureux.<\/p>\r\n\r\n\r\n\r\n<p>Le <a href=\"https:\/\/www.lapeyre.fr\/sols-murs-CCU0007\">lambris<\/a> permet d\u2019habiller les murs et de donner une touche conviviale \u00e0 votre int\u00e9rieur. Qu\u2019il soit en PVC, en bois ou rev\u00eatu, il permet de redessiner une pi\u00e8ce. <strong>Les lambris \u00e0 petites lames pos\u00e9es \u00e0 l&rsquo;horizontal sont id\u00e9ales pour les mansardes.\u00a0<\/strong><\/p>\r\n\r\n\r\n\r\n<p>Les parements d\u00e9coratifs s\u2019installent rapidement et permettent de cr\u00e9er des d\u00e9cors originaux et plein de charme.<\/p>\r\n\r\n\r\n\r\n<h2 class=\"wp-block-heading\">Fen\u00eatre de toit<\/h2>\r\n\r\n\r\n\r\n<p><strong>La ventilation ainsi que la lumi\u00e8re naturelle font partie des points incontournables pour am\u00e9nager les combles mais aussi pour pouvoir profiter d&rsquo;un certain confort<\/strong><strong>.\u00a0<\/strong><\/p>\r\n\r\n\r\n\r\n<p>Vos <a href=\"https:\/\/www.lapeyre.fr\/fenetre-toit-CCN0041\">fen\u00eatres<\/a> de toit ou lucarnes, que l\u2019on retrouve \u00e9galement sous le nom de chien assis permettent une a\u00e9ration de vos combles et garantissent un air sain, r\u00e9guli\u00e8rement renouvel\u00e9. Les velux vous apporteront un maximum de luminosit\u00e9 avec leur grande ouverture et beaucoup de confort d\u2019utilisation avec les versions motoris\u00e9es.<\/p>\r\n\r\n\r\n\r\n<p>Les fen\u00eatres de toit \u00e0 rotation en bois ou PVC, plus classiques restent une solution simple et \u00e9conomique.<\/p>\r\n\r\n\r\n\r\n<p>Le choix de l&rsquo;\u00e9quipement d\u00e9pendant de l\u2019usage des combles am\u00e9nag\u00e9s, on choisira davantage une lucarne pour une chambre. En revanche, une fen\u00eatre de toit pouvant apporter jusqu\u2019\u00e0 40 % de lumi\u00e8re en plus dans une pi\u00e8ce, elle sera id\u00e9ale pour l\u2019am\u00e9nagement d\u2019un bureau, d\u2019une salle de jeux, etc.\u00a0 Un usage mixte est bien entendu totalement possible suivant la configuration architecturale des pi\u00e8ces et pour davantage de confort, il est recommand\u00e9 d\u2019y installer des stores ou des volets. Par ailleurs, une grande majorit\u00e9 des mod\u00e8les de fen\u00eatres de toit en sont syst\u00e9matiquement \u00e9quip\u00e9s aujourd&rsquo;hui.<\/p>\r\n\n<p style=\"text-align: center;\"><a class=\"bouton bleu\" id=\"btn-rdv-magazine\" href=\"https:\/\/www.lapeyre.fr\/prise-de-rdv\">Prendre RDV<\/a><\/p>","protected":false},"excerpt":{"rendered":"<p>Vous avez augment\u00e9 la surface habitable de votre logement en exploitant l\u2019espace sous combles. La hauteur sous&#8230;<\/p>\n","protected":false},"author":1005,"featured_media":2746,"comment_status":"open","ping_status":"open","sticky":false,"template":"","format":"standard","meta":{"_acf_changed":false,"footnotes":""},"categories":[955,957],"tags":[17,945,925,918],"class_list":{"2":"type-post","6":"hentry"},"acf":[],"_links":{"self":[{"href":"https:\/\/www.lapeyre.fr\/c\/magazine\/wp-json\/wp\/v2\/posts\/2745","targetHints":{"allow":["GET"]}}],"collection":[{"href":"https:\/\/www.lapeyre.fr\/c\/magazine\/wp-json\/wp\/v2\/posts"}],"about":[{"href":"https:\/\/www.lapeyre.fr\/c\/magazine\/wp-json\/wp\/v2\/types\/post"}],"author":[{"embeddable":true,"href":"https:\/\/www.lapeyre.fr\/c\/magazine\/wp-json\/wp\/v2\/users\/1005"}],"replies":[{"embeddable":true,"href":"https:\/\/www.lapeyre.fr\/c\/magazine\/wp-json\/wp\/v2\/comments?post=2745"}],"version-history":[{"count":0,"href":"https:\/\/www.lapeyre.fr\/c\/magazine\/wp-json\/wp\/v2\/posts\/2745\/revisions"}],"wp:featuredmedia":[{"embeddable":true,"href":"https:\/\/www.lapeyre.fr\/c\/magazine\/wp-json\/wp\/v2\/media\/2746"}],"wp:attachment":[{"href":"https:\/\/www.lapeyre.fr\/c\/magazine\/wp-json\/wp\/v2\/media?parent=2745"}],"wp:term":[{"taxonomy":"category","embeddable":true,"href":"https:\/\/www.lapeyre.fr\/c\/magazine\/wp-json\/wp\/v2\/categories?post=2745"},{"taxonomy":"post_tag","embeddable":true,"href":"https:\/\/www.lapeyre.fr\/c\/magazine\/wp-json\/wp\/v2\/tags?post=2745"}],"curies":[{"name":"wp","href":"https:\/\/api.w.org\/{rel}","templated":true}]}}