{"id":2748,"date":"2021-06-25T14:17:21","date_gmt":"2021-06-25T12:17:21","guid":{"rendered":"https:\/\/magazine.lapeyre.fr\/c\/magazine\/?p=2748"},"modified":"2025-02-26T15:34:19","modified_gmt":"2025-02-26T14:34:19","slug":"toit-plat-terrasse","status":"publish","type":"post","link":"https:\/\/www.lapeyre.fr\/c\/magazine\/toit-plat-terrasse\/","title":{"rendered":"Comment faire un toit plat pour terrasse ?"},"content":{"rendered":"\r\n<p>On passe en <a href=\"https:\/\/www.lapeyre.fr\/toits-terrasse-CCN688024\">terrasse<\/a> de nombreuses heures en famille, entre amis et m\u00eame en solo pour profiter du soleil et des temp\u00e9ratures estivales. S&rsquo; il n\u2019existe pas de zone d\u2019ombrage ou de protection couvrante lorsque le soleil tape trop fort, ou pire encore, s&rsquo; il vente ou pleuve, cet espace de vie est d\u00e9laiss\u00e9 . Opter pour une pergola ou un toit de terrasse vitr\u00e9 donne la possibilit\u00e9 de cr\u00e9er un v\u00e9ritable espace de vie entre l\u2019int\u00e9rieur de la maison et l\u2019ext\u00e9rieur. Voici quelques pistes qui vous permettront de choisir <strong>la solution qui vous correspond le mieux afin de profiter de votre espace ext\u00e9rieur tout au long de l\u2019ann\u00e9e.\u00a0<\/strong><\/p>\r\n\r\n\r\n\r\n<figure class=\"wp-block-image size-large is-style-default\"><img loading=\"lazy\" decoding=\"async\" width=\"1024\" height=\"683\" class=\"wp-image-2741\" src=\"https:\/\/magazine.lapeyre.fr\/wp-content\/uploads\/2021\/06\/terrasse-jardin-1024x683.jpg\" alt=\"Terrasse ext\u00e9rieure\" srcset=\"https:\/\/www.lapeyre.fr\/wp-content\/uploads\/2021\/06\/terrasse-jardin-1024x683.jpg 1024w, https:\/\/www.lapeyre.fr\/wp-content\/uploads\/2021\/06\/terrasse-jardin-300x200.jpg 300w, https:\/\/www.lapeyre.fr\/wp-content\/uploads\/2021\/06\/terrasse-jardin-768x512.jpg 768w, https:\/\/www.lapeyre.fr\/wp-content\/uploads\/2021\/06\/terrasse-jardin.jpg 1382w\" sizes=\"auto, (max-width: 1024px) 100vw, 1024px\" \/><\/figure>\r\n\r\n\r\n\r\n<h2 class=\"wp-block-heading\">Pergola ou toit vitr\u00e9 pour le toit plat de la terrasse ?<\/h2>\r\n\r\n\r\n\r\n<p>Lors de <strong>votre choix de toit plat pour habiller votre terrasse<\/strong>, il vous faudra prendre en compte l\u2019orientation de cette derni\u00e8re, la r\u00e9gion dans laquelle vous vivez, vos habitudes, mais aussi vos go\u00fbts. Un toit plat vitr\u00e9 vous correspondra parfaitement si vous souhaitez profiter de la vue quel que soit le temps. Une pergola vous permettra quant \u00e0 elle de cr\u00e9er une zone d\u2019ombrage.\u00a0<\/p>\r\n\r\n\r\n\r\n<h2 class=\"wp-block-heading\">Les avantages de la pergola pour un toit terrasse<\/h2>\r\n\r\n\r\n\r\n<p><strong>Utilis\u00e9e pour cr\u00e9er une zone ombrag\u00e9e au-dessus de la terrasse, la pergola est une construction ouverte adjacente \u00e0 la maison qui permet d\u2019offrir un espace de d\u00e9tente sur la terrasse toute l&rsquo;ann\u00e9e. <\/strong>Pouvant \u00eatre en aluminium, en bois, ou en tout autre mat\u00e9riau, elle peut \u00e9galement servir de support aux plantes grimpantes pour donner une touche exotique suppl\u00e9mentaire tout en prot\u00e9geant du soleil et des intemp\u00e9ries.\u00a0\u00a0<\/p>\r\n\r\n\r\n\r\n<p>V\u00e9ritable alternative \u00e0 la v\u00e9randa, on retrouve aujourd\u2019hui un large \u00e9ventail de mod\u00e8les de pergolas toutes aussi fonctionnelles et esth\u00e9tiques les unes des autres. Cette versatilit\u00e9 vous permettra de r\u00e9pondre aux go\u00fbts et aux envies de chacun.\u00a0<\/p>\r\n\r\n\r\n\r\n<p>Concernant les avantages de cette solution, ils sont nombreux ! En voici une liste non exhaustive :<\/p>\r\n\r\n\r\n\r\n<p>\u2022 Un confort suppl\u00e9mentaire en \u00e9t\u00e9<\/p>\r\n\r\n\r\n\r\n<p>\u2022 Une pleine jouissance\u00a0 du\u00a0 jardin et de la terrasse<\/p>\r\n\r\n\r\n\r\n<p>\u2022 Une protection contre les rayons UV (surtout les mod\u00e8les bioclimatiques)<\/p>\r\n\r\n\r\n\r\n<p>\u2022 Une possibilit\u00e9 de\u00a0 personnalisation facile \u00e0 mettre en \u0153uvre\u00a0 (plantes, toile, store, etc.)<\/p>\r\n\r\n\r\n\r\n<p>\u2022 Une ouverture qui garantie un espace a\u00e9r\u00e9 et respirant<\/p>\r\n\r\n\r\n\r\n<p>\u2022 Une plus-value \u00e0 la maison suivant le mod\u00e8le choisi<\/p>\r\n\r\n\r\n\r\n<p>\u2022 Une \u00e9conomie, avec un prix sensiblement inf\u00e9rieur \u00e0 celui d\u2019une v\u00e9randa<\/p>\r\n\r\n\r\n\r\n<p>\u2022 Une simplicit\u00e9\u00a0 d\u2019entretien (surtout les mod\u00e8les en aluminium)<\/p>\r\n\r\n\r\n\r\n<p>Adaptable \u00e0 vos envies, la possibilit\u00e9 d\u2019y ajouter des plantes grimpantes vous permettra non seulement de l\u2019embellir et de b\u00e9n\u00e9ficier d\u2019un ombrage plus rapide en \u00e9t\u00e9 mais \u00e9galement de profiter d\u2019exquises senteurs si vous optez pour y faire grimper du ch\u00e8vrefeuille, un jasmin odorant ou encore de d\u00e9licieux fruits en y pla\u00e7ant des fraisiers, des framboisiers, des kiwis ou une vigne.<\/p>\r\n\r\n\r\n\r\n<p>De plus, toute la famille pouvant profiter de la pergola, elle pourra vous servir d\u2019espace de lecture ou de repos ou pourquoi pas de sas d\u2019entr\u00e9e.\u00a0\u00a0<\/p>\r\n\r\n\r\n\r\n<h2 class=\"wp-block-heading\">Le toit terrasse vitr\u00e9<\/h2>\r\n\r\n\r\n\r\n<p>Comme vu plus haut, \u00e9quiper sa terrasse d\u2019un toit plat permet de prot\u00e9ger des rayons UV, de la chaleur et des intemp\u00e9ries, mais c\u2019est \u00e9galement la possibilit\u00e9 de la sublimer en l\u2019habillant avec une protection qui vous ressemble et qui s\u2019adapte au style de la maison et des ext\u00e9rieurs.\u00a0<\/p>\r\n\r\n\r\n\r\n<p><strong>Le toit vitr\u00e9 pour terrasse, tout comme la v\u00e9randa et la <\/strong><a href=\"https:\/\/www.lapeyre.fr\/tonnelles-toits-terrasse-CCN0081\"><strong>tonnelle<\/strong><\/a><strong>, permet de profiter de l\u2019ext\u00e9rieur quelle que soit la saison.<\/strong> Un toit plat en verre est parfaitement herm\u00e9tique et \u00e9tanche.\u00a0 Il est reconnu comme \u00e9tant une excellente solution contre la pluie mais aussi contre la neige.\u00a0<\/p>\r\n\r\n\r\n\r\n<p>Diff\u00e9rent de la pergola qui apporte une zone ombrag\u00e9e au-dessus de la terrasse, le toit vitr\u00e9 est quant \u00e0 lui davantage utilis\u00e9 pour un \u2019apport de lumi\u00e8re naturelle tout au long de l\u2019ann\u00e9e. On lui trouve \u00e9galement d\u2019autres avantages :<\/p>\r\n\r\n\r\n\r\n<p>\u2022 Une pose facile<\/p>\r\n\r\n\r\n\r\n<p>\u2022 Une performances en termes d\u2019isolation thermique et phonique<\/p>\r\n\r\n\r\n\r\n<p>\u2022 Un mat\u00e9riau tr\u00e8s esth\u00e9tique qui valorise la valeur d\u2019une habitation\u00a0<\/p>\r\n\r\n\r\n\r\n<p>\u2022 Un espace suppl\u00e9mentaire \u00e0 l\u2019ext\u00e9rieur tout en abritant les occupants<\/p>\r\n\r\n\r\n\r\n<p>\u2022 Un mat\u00e9riau tr\u00e8s r\u00e9sistant aux vents violents, aux intemp\u00e9ries et au soleil br\u00fblant<\/p>\r\n\r\n\r\n\r\n<p>\u2022 Une propri\u00e9t\u00e9 anti-rouille<\/p>\r\n\r\n\r\n\r\n<p>\u2022 Une bonne tenue de l&rsquo;aspect esth\u00e9tique car ne d\u00e9colore pas et ne se d\u00e9tache pas de ses rev\u00eatements<\/p>\r\n\r\n\r\n\r\n<p>\u2022 Un mat\u00e9riau \u00e9co-responsable, le verre \u00e9tant recyclable \u00e0 100 %<\/p>\r\n\r\n\r\n\r\n<p>En plus d\u2019\u00eatre particuli\u00e8rement esth\u00e9tique et moderne, il est \u00e9galement personnalisable. Vous aurez en effet la possibilit\u00e9 de s\u00e9lectionner sa teinte mais aussi son degr\u00e9 de transparence et vous pourrez \u00e9galement l\u2019adapter \u00e0 votre toiture, quelle que soit sa forme et sa taille afin de parfaitement correspondre \u00e0 vos envies et vos besoins.<\/p>\r\n\n<p style=\"text-align: center;\"><a class=\"bouton bleu\" id=\"btn-rdv-magazine\" href=\"https:\/\/www.lapeyre.fr\/prise-de-rdv\">Prendre RDV<\/a><\/p>","protected":false},"excerpt":{"rendered":"<p>On passe en terrasse de nombreuses heures en famille, entre amis et m\u00eame en solo pour profiter&#8230;<\/p>\n","protected":false},"author":1005,"featured_media":2741,"comment_status":"open","ping_status":"open","sticky":false,"template":"","format":"standard","meta":{"_acf_changed":false,"footnotes":""},"categories":[982,979],"tags":[26,27],"class_list":{"2":"type-post","6":"hentry"},"acf":[],"_links":{"self":[{"href":"https:\/\/www.lapeyre.fr\/c\/magazine\/wp-json\/wp\/v2\/posts\/2748","targetHints":{"allow":["GET"]}}],"collection":[{"href":"https:\/\/www.lapeyre.fr\/c\/magazine\/wp-json\/wp\/v2\/posts"}],"about":[{"href":"https:\/\/www.lapeyre.fr\/c\/magazine\/wp-json\/wp\/v2\/types\/post"}],"author":[{"embeddable":true,"href":"https:\/\/www.lapeyre.fr\/c\/magazine\/wp-json\/wp\/v2\/users\/1005"}],"replies":[{"embeddable":true,"href":"https:\/\/www.lapeyre.fr\/c\/magazine\/wp-json\/wp\/v2\/comments?post=2748"}],"version-history":[{"count":0,"href":"https:\/\/www.lapeyre.fr\/c\/magazine\/wp-json\/wp\/v2\/posts\/2748\/revisions"}],"wp:featuredmedia":[{"embeddable":true,"href":"https:\/\/www.lapeyre.fr\/c\/magazine\/wp-json\/wp\/v2\/media\/2741"}],"wp:attachment":[{"href":"https:\/\/www.lapeyre.fr\/c\/magazine\/wp-json\/wp\/v2\/media?parent=2748"}],"wp:term":[{"taxonomy":"category","embeddable":true,"href":"https:\/\/www.lapeyre.fr\/c\/magazine\/wp-json\/wp\/v2\/categories?post=2748"},{"taxonomy":"post_tag","embeddable":true,"href":"https:\/\/www.lapeyre.fr\/c\/magazine\/wp-json\/wp\/v2\/tags?post=2748"}],"curies":[{"name":"wp","href":"https:\/\/api.w.org\/{rel}","templated":true}]}}