{"id":2824,"date":"2021-07-16T15:37:53","date_gmt":"2021-07-16T13:37:53","guid":{"rendered":"https:\/\/magazine.lapeyre.fr\/c\/magazine\/?p=2824"},"modified":"2025-02-17T12:09:44","modified_gmt":"2025-02-17T11:09:44","slug":"prix-faience-salle-bains","status":"publish","type":"post","link":"https:\/\/www.lapeyre.fr\/c\/magazine\/prix-faience-salle-bains\/","title":{"rendered":"Comment calculer le prix de la fa\u00efence d&rsquo;une salle de bain ?"},"content":{"rendered":"\r\n<p>Le calcul du prix de la fa\u00efence dans une salle de bain d\u00e9pend de plusieurs param\u00e8tres. La surface des murs \u00e0 recouvrir constitue le premier facteur \u00e0 prendre en compte. Elle d\u00e9termine la quantit\u00e9 de carrelage n\u00e9cessaire pour l\u2019am\u00e9nagement de votre salle de bain. Il permet de d\u00e9terminer le budget n\u00e9cessaire pour son achat, car le carrelage est vendu au m\u00e8tre carr\u00e9.<\/p>\r\n\r\n\r\n\r\n<p><strong>Le prix varie en fonction de la qualit\u00e9, du format, du motif et de la hauteur de fa\u00efence. Il est \u00e9galement n\u00e9cessaire de tenir compte du co\u00fbt de la main-d\u2019\u0153uvre de l\u2019artisan carreleur. Le prix d\u00e9pend principalement de la technique de pose utilis\u00e9e.<\/strong><\/p>\r\n\r\n\r\n\r\n<figure class=\"wp-block-image size-large is-style-default\"><img loading=\"lazy\" decoding=\"async\" class=\"aligncenter wp-image-3879 size-full\" src=\"https:\/\/uat-magazine.lapeyre.fr\/wp-content\/uploads\/2024\/03\/202029519_HD-1.jpg\" alt=\"prix faience carrelage\" width=\"511\" height=\"362\" \/><\/figure>\r\n\r\n\r\n\r\n<h2 class=\"wp-block-heading\"><strong>Quel est le prix de la fa\u00efence ?<\/strong><\/h2>\r\n\r\n\r\n\r\n<p>Vous avez un large choix de carrelage sur le march\u00e9, dont la fa\u00efence. <strong>Le prix au m\u00e8tre carr\u00e9 est plus \u00e9lev\u00e9 par rapport aux mod\u00e8les plus classiques<\/strong>. La fa\u00efence est une c\u00e9ramique en argile et en terre cuite, qui est simple \u00e0 nettoyer. Elle est relativement fragile. De ce fait, elle est principalement utilis\u00e9e comme carrelage mural. Ce type de carreau se caract\u00e9rise par la gla\u00e7ure \u00e0 base d\u2019\u00e9tain. Ce produit est \u00e0 l\u2019origine de son aspect lisse et brillant.\u00a0<\/p>\r\n\r\n\r\n\r\n<p>Les mod\u00e8les artisanaux sont peints un par un \u00e0 la main. Quant \u00e0 la fa\u00efence moderne, elle est d\u00e9cor\u00e9e \u00e0 l\u2019aide d\u2019un syst\u00e8me de d\u00e9calcomanie. Gr\u00e2ce \u00e0 cette technique, les motifs et les peintures de la fa\u00efence moderne ont une dur\u00e9e de vie plus longue. Toutes ces caract\u00e9ristiques ont une incidence sur le prix de la fa\u00efence.\u00a0<\/p>\r\n\r\n\r\n\r\n<p>D\u2019autres crit\u00e8res entrent \u00e9galement en consid\u00e9ration quand vous calculez le devis du carrelage mural de votre salle de bain. La dimension de la fa\u00efence en fait partie. Vous avez des mod\u00e8les aux petits formats d\u2019un centim\u00e8tre carr\u00e9. Ces derniers sont principalement utilis\u00e9s pour r\u00e9aliser une belle <a href=\"https:\/\/www.lapeyre.fr\/decors-et-mosaiques-CCN401823\">mosa\u00efque<\/a>. Vous pouvez aussi opter pour des fa\u00efences plus grandes pour cr\u00e9er une jolie frise. La hauteur de fa\u00efence est tr\u00e8s vari\u00e9e. Sinon, vous avez un large choix de formes. Vous trouverez des fa\u00efences rondes, octogonales, carr\u00e9es ou rectangles.<\/p>\r\n\r\n\r\n\r\n<h2 class=\"wp-block-heading\"><strong>Comment poser de la fa\u00efence ?<\/strong><\/h2>\r\n\r\n\r\n\r\n<p>La pose de la fa\u00efence requiert un savoir-faire particulier. Les artisans sp\u00e9cialis\u00e9s ont \u00e9galement de nombreuses ann\u00e9es d&rsquo;exp\u00e9rience \u00e0 leur actif. Ils disposent, notamment, des outils et du mat\u00e9riel n\u00e9cessaire pour garantir des travaux de qualit\u00e9. Vous pouvez \u00eatre certain que la pose de fa\u00efence en mosa\u00efque est faite dans les r\u00e8gles de l\u2019art.\u00a0<\/p>\r\n\r\n\r\n\r\n<p>Il existe d\u2019ailleurs plusieurs techniques de pose de fa\u00efence. Elles d\u00e9pendent du r\u00e9sultat final que vous souhaitez obtenir. Les carreleurs professionnels utilisent en cons\u00e9quence les bons <a href=\"https:\/\/www.lapeyre.fr\/produits-pose-CCN0187\">produits pose et entretien<\/a>. <strong>Il est important de s\u2019assurer que le mur est parfaitement plat<\/strong>. <strong>Il faut effectivement pouvoir placer le carrelage bien droit pour recouvrir le mur.<\/strong> Les carreleurs doivent \u00e9galement utiliser des colles de qualit\u00e9. Elle garantit une bonne fixation au fil des ann\u00e9es, \u00e9vitant au carrelage de se d\u00e9coller.\u00a0<\/p>\r\n\r\n\r\n\r\n<p>Les produits pose et entretien incluent aussi les croisillons \u00e0 placer entre les fa\u00efences lors de son installation. Ils permettent, en effet, d\u2019avoir un intervalle r\u00e9gulier. Il est \u00e9galement plus simple de d\u00e9couper les fa\u00efences \u00e0 placer en bordure. Cette technique requiert beaucoup d\u2019adresse, car les bords de la fa\u00efence doivent \u00eatre parfaitement droits et lisses. Vous obtenez ainsi une belle esth\u00e9tique. De cette mani\u00e8re, il est plus facile d\u2019appliquer le joint entre les fa\u00efences lors de la finition. Les carreleurs n\u2019auront pas besoin d\u2019en mettre beaucoup pour combler les intervalles trop grands. Il humidifie une \u00e9ponge pour enlever l\u2019exc\u00e9dent et nettoyer le carrelage. Tous ces \u00e9l\u00e9ments sont pris en compte par l\u2019artisan lors de l\u2019\u00e9tablissement du devis. Il faut toujours en comparer plusieurs avant de faire votre choix.<\/p>\r\n\n<p style=\"text-align: center;\"><a class=\"bouton bleu\" id=\"btn-rdv-magazine\" href=\"https:\/\/www.lapeyre.fr\/prise-de-rdv\">Prendre RDV<\/a><\/p>","protected":false},"excerpt":{"rendered":"<p>Le calcul du prix de la fa\u00efence dans une salle de bain d\u00e9pend de plusieurs param\u00e8tres. La&#8230;<\/p>\n","protected":false},"author":1005,"featured_media":4182,"comment_status":"open","ping_status":"open","sticky":false,"template":"","format":"standard","meta":{"_acf_changed":false,"footnotes":""},"categories":[976,975],"tags":[8,906],"class_list":{"2":"type-post","6":"hentry"},"acf":[],"_links":{"self":[{"href":"https:\/\/www.lapeyre.fr\/c\/magazine\/wp-json\/wp\/v2\/posts\/2824","targetHints":{"allow":["GET"]}}],"collection":[{"href":"https:\/\/www.lapeyre.fr\/c\/magazine\/wp-json\/wp\/v2\/posts"}],"about":[{"href":"https:\/\/www.lapeyre.fr\/c\/magazine\/wp-json\/wp\/v2\/types\/post"}],"author":[{"embeddable":true,"href":"https:\/\/www.lapeyre.fr\/c\/magazine\/wp-json\/wp\/v2\/users\/1005"}],"replies":[{"embeddable":true,"href":"https:\/\/www.lapeyre.fr\/c\/magazine\/wp-json\/wp\/v2\/comments?post=2824"}],"version-history":[{"count":0,"href":"https:\/\/www.lapeyre.fr\/c\/magazine\/wp-json\/wp\/v2\/posts\/2824\/revisions"}],"wp:featuredmedia":[{"embeddable":true,"href":"https:\/\/www.lapeyre.fr\/c\/magazine\/wp-json\/wp\/v2\/media\/4182"}],"wp:attachment":[{"href":"https:\/\/www.lapeyre.fr\/c\/magazine\/wp-json\/wp\/v2\/media?parent=2824"}],"wp:term":[{"taxonomy":"category","embeddable":true,"href":"https:\/\/www.lapeyre.fr\/c\/magazine\/wp-json\/wp\/v2\/categories?post=2824"},{"taxonomy":"post_tag","embeddable":true,"href":"https:\/\/www.lapeyre.fr\/c\/magazine\/wp-json\/wp\/v2\/tags?post=2824"}],"curies":[{"name":"wp","href":"https:\/\/api.w.org\/{rel}","templated":true}]}}