{"id":2854,"date":"2021-07-19T14:36:43","date_gmt":"2021-07-19T12:36:43","guid":{"rendered":"https:\/\/magazine.lapeyre.fr\/c\/magazine\/?p=2854"},"modified":"2025-02-05T17:40:28","modified_gmt":"2025-02-05T16:40:28","slug":"porte-vitree-cuisine","status":"publish","type":"post","link":"https:\/\/www.lapeyre.fr\/c\/magazine\/porte-vitree-cuisine\/","title":{"rendered":"Pourquoi une porte vitr\u00e9e en cuisine ?"},"content":{"rendered":"\r\n<p>Vous avez pr\u00e9vu de r\u00e9aliser des travaux pour gagner en confort et en design mais avez-vous pens\u00e9 \u00e0 tout ? La <a href=\"https:\/\/www.lapeyre.fr\/portes-CCU0004\">porte<\/a> est un \u00e9l\u00e9ment essentiel dans la cuisine. Elle m\u00e9rite donc d\u2019\u00eatre s\u00e9lectionn\u00e9e avec beaucoup de soin. <strong>Sa version vitr\u00e9e est plus tendance que jamais puisqu\u2019elle s\u2019accorde ais\u00e9ment \u00e0 tout projet r\u00e9novation.<\/strong><\/p>\r\n\r\n\r\n\r\n<figure class=\"wp-block-image size-large is-style-default\"><img loading=\"lazy\" decoding=\"async\" width=\"880\" height=\"880\" class=\"wp-image-2855\" src=\"https:\/\/magazine.lapeyre.fr\/wp-content\/uploads\/2021\/07\/verriere-cuisine.jpg\" alt=\"Porte vitr\u00e9e cuisine\" srcset=\"https:\/\/www.lapeyre.fr\/wp-content\/uploads\/2021\/07\/verriere-cuisine.jpg 880w, https:\/\/www.lapeyre.fr\/wp-content\/uploads\/2021\/07\/verriere-cuisine-300x300.jpg 300w, https:\/\/www.lapeyre.fr\/wp-content\/uploads\/2021\/07\/verriere-cuisine-150x150.jpg 150w, https:\/\/www.lapeyre.fr\/wp-content\/uploads\/2021\/07\/verriere-cuisine-768x768.jpg 768w\" sizes=\"auto, (max-width: 880px) 100vw, 880px\" \/><\/figure>\r\n\r\n\r\n\r\n<h2 class=\"wp-block-heading\"><strong>La porte vitr\u00e9e pour une luminosit\u00e9 accrue<\/strong><\/h2>\r\n\r\n\r\n\r\n<p><strong>Le vitrage a toujours \u00e9t\u00e9 la solution la plus simple pour assurer un apport de luminosit\u00e9 naturelle dans les diff\u00e9rentes pi\u00e8ces de la maison<\/strong>. La porte de la cuisine contribuera donc \u00e0 un meilleur \u00e9clairage, ce qui permet de cloisonner la pi\u00e8ce sans donner l\u2019impression d\u2019y \u00eatre excessivement \u00e0 l\u2019\u00e9troit.\u00a0<\/p>\r\n\r\n\r\n\r\n<p>Une porte vitr\u00e9e cuisine qui donne sur le salon ou la salle \u00e0 manger vous offre la possibilit\u00e9 de rester connect\u00e9 \u00e0 la pi\u00e8ce adjacente dans la mesure o\u00f9 vous avez une vue sur ce qui s\u2019y passe. Une porte vitr\u00e9e cuisine qui donne sur l\u2019ext\u00e9rieur sera quant \u00e0 elle un atout pour que vous puissiez profiter de la vue lorsque vous serez aux fourneaux.\u00a0<\/p>\r\n\r\n\r\n\r\n<p>Pour votre projet r\u00e9novation, vous pouvez choisir une porte enti\u00e8rement vitr\u00e9e pour augmenter significativement la luminosit\u00e9 naturelle et\/ou faire b\u00e9n\u00e9ficier la cuisine de l\u2019\u00e9clairage des pi\u00e8ces voisines (ou inversement). Il est \u00e9galement envisageable de r\u00e9aliser des travaux en misant sur une porte semi-vitr\u00e9e. Cette option fait entrer plus de lumi\u00e8re dans la pi\u00e8ce tout en conservant une certaine intimit\u00e9.<\/p>\r\n\r\n\r\n\r\n<p>En cuisine, la porte vitr\u00e9e ne concerne pas seulement les acc\u00e8s \u00e0 la pi\u00e8ce. Elle s\u2019invite aussi sur les meubles de rangement ! Les objets dispos\u00e9s dans vos placards et sur vos \u00e9tag\u00e8res seront parfaitement pr\u00e9serv\u00e9s de la poussi\u00e8re sans que les meubles ne paraissent aust\u00e8res. De plus, vous pouvez facilement visualiser vos ustensiles qui deviennent alors des \u00e9l\u00e9ments d\u00e9coratifs en plus de conserver leur aspect fonctionnel.<\/p>\r\n\r\n\r\n\r\n<h2 class=\"wp-block-heading\"><strong>La porte vitr\u00e9e pour un design d\u2019exception<\/strong><\/h2>\r\n\r\n\r\n\r\n<p>Cela fait quelques ann\u00e9es que la cuisine est sortie de son statut purement fonctionnel pour s\u2019int\u00e9grer aux espaces \u00e0 vivre de la maison. A cet effet, il est primordial de penser au confort et au bien-\u00eatre ressentis \u00e0 chaque fois que vous y passez du temps et le design a son r\u00f4le \u00e0 jouer. <strong>La porte vitr\u00e9e cuisine a justement l\u2019avantage d\u2019exister dans de tr\u00e8s nombreuses variantes qui lui conf\u00e8rent un grand esth\u00e9tisme.<\/strong><\/p>\r\n\r\n\r\n\r\n<p>La palette de personnalisation commence par le\u00a0 choix des mat\u00e9riaux qui s\u2019offrent \u00e0 vous. Optez pour du bois, du fer forg\u00e9, de l\u2019aluminium\u2026 Ce qui compte c\u2019est de choisir un mat\u00e9riau en accord avec le style de la cuisine et qui reste harmonieux par rapport \u00e0 vos menuiseries existantes.<\/p>\r\n\r\n\r\n\r\n<p>Vous avez aussi la possibilit\u00e9 de s\u00e9lectionner le style de porte vitr\u00e9e en fonction de vos go\u00fbts. Les vitres peuvent en effet \u00eatre taill\u00e9es dans les formes et dimensions de votre choix. Cela vous permet de miser sur un vitrage en bloc qui peut rappeler la baie vitr\u00e9e du salon, des carreaux de verre comme on en trouve sur vos fen\u00eatres ou un design tout \u00e0 fait diff\u00e9rent que vous adapterez \u00e0 vos pr\u00e9f\u00e9rences.\u00a0<\/p>\r\n\r\n\r\n\r\n<p>Le verre utilis\u00e9 pour votre porte de cuisine peut aussi pr\u00e9senter des caract\u00e9ristiques hautement d\u00e9coratives. Les motifs et textures font partie des options les plus courantes. Vous avez \u00e9galement le choix entre du verre classique ou teint\u00e9, ce qui est loin de limiter le champ des possibilit\u00e9s. Informez-vous aupr\u00e8s de l\u2019entreprise charg\u00e9e de vos travaux pour identifier le type de porte vitr\u00e9e qui s\u2019adapte le mieux \u00e0 votre cuisine.<\/p>\r\n\r\n\r\n\r\n<p>Pour cr\u00e9er une harmonie parfaite, vous pouvez choisir le m\u00eame design de base pour la porte d\u2019entr\u00e9e et les portes qui habillent vos meubles de cuisine. Reprenez par exemple les m\u00eames motifs ou les m\u00eames teintes, cr\u00e9ez un rappel des formes choisies\u2026 l\u2019ensemble n\u2019en sera que plus \u00e9l\u00e9gant.<\/p>\r\n\r\n\r\n\r\n<h2 class=\"wp-block-heading\"><strong>Une porte vitr\u00e9e facile \u00e0 entretenir<\/strong><\/h2>\r\n\r\n\r\n\r\n<p>Aucun d\u00e9tail ne doit \u00eatre n\u00e9glig\u00e9 dans un projet r\u00e9novation puisqu\u2019il est essentiel que les travaux r\u00e9alis\u00e9s conservent durablement leurs effets.<strong> L\u2019entretien est donc un point sur lequel vous devrez \u00eatre vigilant et la porte vitr\u00e9e \u00e0 ce qu\u2019il faut pour vous s\u00e9duire. Vous pouvez utiliser un lave-vitre ou recourir \u00e0 un peu d\u2019eau savonneuse pour \u00e9liminer les taches d\u2019huile, la poussi\u00e8re et autres salissures qui se d\u00e9posent en surface. En privil\u00e9giant des chiffons et produits non abrasifs, vous conservez les atouts de votre porte vitr\u00e9e sur le long terme.<\/strong><\/p>\r\n\r\n\r\n\r\n<p>Les portes vitr\u00e9es qui \u00e9quipent votre mobilier sont aussi peu contraignantes. En cas de projection d\u2019aliments et notamment de mati\u00e8res graisseuses, un petit nettoyage suffit pour \u00e9viter que les salissures s\u2019accumulent en surface. Votre cuisine peut ainsi rester nickel en permanence.<\/p>\r\n\r\n\r\n\r\n<p>La porte vitr\u00e9e est une source de confort qui vous permet d\u2019avoir une cuisine esth\u00e9tique<\/p>\r\n\n<p style=\"text-align: center;\"><a class=\"bouton bleu\" id=\"btn-rdv-magazine\" href=\"https:\/\/www.lapeyre.fr\/prise-de-rdv\">Prendre RDV<\/a><\/p>","protected":false},"excerpt":{"rendered":"<p>Vous avez pr\u00e9vu de r\u00e9aliser des travaux pour gagner en confort et en design mais avez-vous pens\u00e9&#8230;<\/p>\n","protected":false},"author":1005,"featured_media":2855,"comment_status":"open","ping_status":"open","sticky":false,"template":"","format":"standard","meta":{"_acf_changed":false,"footnotes":""},"categories":[955,956],"tags":[22,28,5],"class_list":{"2":"type-post","6":"hentry"},"acf":[],"_links":{"self":[{"href":"https:\/\/www.lapeyre.fr\/c\/magazine\/wp-json\/wp\/v2\/posts\/2854","targetHints":{"allow":["GET"]}}],"collection":[{"href":"https:\/\/www.lapeyre.fr\/c\/magazine\/wp-json\/wp\/v2\/posts"}],"about":[{"href":"https:\/\/www.lapeyre.fr\/c\/magazine\/wp-json\/wp\/v2\/types\/post"}],"author":[{"embeddable":true,"href":"https:\/\/www.lapeyre.fr\/c\/magazine\/wp-json\/wp\/v2\/users\/1005"}],"replies":[{"embeddable":true,"href":"https:\/\/www.lapeyre.fr\/c\/magazine\/wp-json\/wp\/v2\/comments?post=2854"}],"version-history":[{"count":0,"href":"https:\/\/www.lapeyre.fr\/c\/magazine\/wp-json\/wp\/v2\/posts\/2854\/revisions"}],"wp:featuredmedia":[{"embeddable":true,"href":"https:\/\/www.lapeyre.fr\/c\/magazine\/wp-json\/wp\/v2\/media\/2855"}],"wp:attachment":[{"href":"https:\/\/www.lapeyre.fr\/c\/magazine\/wp-json\/wp\/v2\/media?parent=2854"}],"wp:term":[{"taxonomy":"category","embeddable":true,"href":"https:\/\/www.lapeyre.fr\/c\/magazine\/wp-json\/wp\/v2\/categories?post=2854"},{"taxonomy":"post_tag","embeddable":true,"href":"https:\/\/www.lapeyre.fr\/c\/magazine\/wp-json\/wp\/v2\/tags?post=2854"}],"curies":[{"name":"wp","href":"https:\/\/api.w.org\/{rel}","templated":true}]}}