{"id":2878,"date":"2021-07-19T15:31:20","date_gmt":"2021-07-19T13:31:20","guid":{"rendered":"https:\/\/magazine.lapeyre.fr\/c\/magazine\/?p=2878"},"modified":"2025-02-05T17:39:18","modified_gmt":"2025-02-05T16:39:18","slug":"tout-sur-beton-cire","status":"publish","type":"post","link":"https:\/\/www.lapeyre.fr\/c\/magazine\/tout-sur-beton-cire\/","title":{"rendered":"Tout sur le b\u00e9ton cir\u00e9 pour sol"},"content":{"rendered":"\r\n<p>Auparavant laiss\u00e9 \u00e0 l\u2019exclusivit\u00e9 des b\u00e2timents industriels, le b\u00e9ton cir\u00e9 est actuellement d\u00e9mocratis\u00e9 dans toutes constructions.\u00a0 <strong>On le retrouve d\u00e9sormais dans toutes les pi\u00e8ces de maisons ou locaux professionnels. Il est particuli\u00e8rement appr\u00e9ci\u00e9 pour la finition de sol de douche italienne, de cuisine ouverte ou m\u00eame de salon contemporain. <\/strong>De nos jours, bon nombre de sols de logements priv\u00e9s, commerciaux et ceux recevant du public en sont habill\u00e9s. Par ailleurs, si le b\u00e9ton cir\u00e9 offre un bon niveau de r\u00e9sistance. Il prouve ainsi sa robustesse et sa durabilit\u00e9 surtout pour un usage int\u00e9rieur.\u00a0<\/p>\r\n\r\n\r\n\r\n<p>\u00c0 part cela, que doit-on savoir sur le b\u00e9ton cir\u00e9\u2009? D\u00e9couvrez toutes les r\u00e9ponses \u00e0 vos questions sur cette mati\u00e8re dans cet article.\u00a0<\/p>\r\n\r\n\r\n\r\n<figure class=\"wp-block-image size-large is-style-default\"><img loading=\"lazy\" decoding=\"async\" width=\"798\" height=\"942\" class=\"wp-image-2879\" src=\"https:\/\/magazine.lapeyre.fr\/wp-content\/uploads\/2021\/07\/sol-effet-beton-cire.jpg\" alt=\"Sol effet b\u00e9ton cir\u00e9\" srcset=\"https:\/\/www.lapeyre.fr\/wp-content\/uploads\/2021\/07\/sol-effet-beton-cire.jpg 798w, https:\/\/www.lapeyre.fr\/wp-content\/uploads\/2021\/07\/sol-effet-beton-cire-254x300.jpg 254w, https:\/\/www.lapeyre.fr\/wp-content\/uploads\/2021\/07\/sol-effet-beton-cire-768x907.jpg 768w\" sizes=\"auto, (max-width: 798px) 100vw, 798px\" \/><\/figure>\r\n\r\n\r\n\r\n<h2 class=\"wp-block-heading\"><strong>Qu\u2019est-ce que le b\u00e9ton cir\u00e9\u2009?<\/strong><\/h2>\r\n\r\n\r\n\r\n<p><strong>Il est compos\u00e9 de sable, de chaux, d\u2019argile et d\u2019eau, c\u2019est ainsi un mortier \u00e0 couler.<\/strong> Il est aussi connu sous le nom de b\u00e9ton millim\u00e9trique. En trois paragraphes, voici les r\u00e9ponses \u00e0 vos questions primordiales sur le b\u00e9ton cir\u00e9.<\/p>\r\n\r\n\r\n\r\n<h3 class=\"wp-block-heading\"><strong>Quels sont les diff\u00e9rents types de b\u00e9ton cir\u00e9\u2009?<\/strong><\/h3>\r\n\r\n\r\n\r\n<p>Selon la finition, on en d\u00e9nombre<strong> deux cat\u00e9gories majeures : le b\u00e9ton cir\u00e9 coul\u00e9 et le b\u00e9ton cir\u00e9 taloch\u00e9.<\/strong> Le premier offre un aspect lisse et un rendu uniforme. La finition taloch\u00e9e, quant \u00e0 elle, propose un rev\u00eatement d\u00e9coratif avec des figures de marbrures et de nuages.\u00a0<\/p>\r\n\r\n\r\n\r\n<h3 class=\"wp-block-heading\"><strong>Pourquoi est-il plus sollicit\u00e9 en r\u00e9novation\u2009?<\/strong><\/h3>\r\n\r\n\r\n\r\n<p>C\u2019est l\u2019alternative id\u00e9ale pour une r\u00e9novation de sol rapide, car il adh\u00e8re parfaitement \u00e0 de nombreux rev\u00eatements existants. Parmi les plus courants, il y a le carrelage, la chape classique et \u00e9ventuellement le parquet. Aucun travail majeur n\u2019est ainsi \u00e0 entreprendre, ce qui constitue aussi son principal atout. Sa pose est toutefois tr\u00e8s d\u00e9licate, car elle implique plusieurs temps de s\u00e9chage intercal\u00e9s de pon\u00e7age. L&rsquo;intervention d&rsquo;un professionnel est ainsi requise.<\/p>\r\n\r\n\r\n\r\n<h3 class=\"wp-block-heading\"><strong>Quels sont les domaines d\u2019applications du b\u00e9ton cir\u00e9\u2009?<\/strong><\/h3>\r\n\r\n\r\n\r\n<p>Il devient actuellement le rev\u00eatement d\u00e9coratif tendance pour apporter un style loft new-yorkais ou un design industriel chez soi. Il se conjugue aussi \u00e0 tous les styles d\u2019architectures : traditionnel, contemporain, campagne ou urbain. \u00c0 cause de sa t\u00e9nacit\u00e9 aux chocs et aux compressions, il s\u2019approprie \u00e9galement des locaux commerciaux et des b\u00e2timents publics, en dehors des logements priv\u00e9s. Au sein de ce dernier, il devient un sol design pour la confection d\u2019une douche italienne, du sol cuisine ou m\u00eame d\u2019un plan de travail excluant ainsi les chambres \u00e0 coucher.\u00a0<\/p>\r\n\r\n\r\n\r\n<p>De nombreux particuliers s\u2019interrogent sur les possibilit\u00e9s de le composer avec du <a href=\"https:\/\/www.lapeyre.fr\/parquets-CCN0071\">parquet<\/a> ou du <a href=\"https:\/\/www.lapeyre.fr\/produits\/revetement-sol-mur\/carrelage-interieur\">carrelage<\/a>. Alors quels sont les supports les mieux adapt\u00e9s \u00e0 son application\u2009?<\/p>\r\n\r\n\r\n\r\n<h2 class=\"wp-block-heading\"><strong>Comment composer un int\u00e9rieur parquet b\u00e9ton cir\u00e9\u2009?<\/strong><\/h2>\r\n\r\n\r\n\r\n<p>La question b\u00e9ton cir\u00e9 et parquet rel\u00e8ve de trois probl\u00e9matiques diff\u00e9rentes. \u00c0 savoir, la possibilit\u00e9 d\u2019habiller un sol en parquet existant, l\u2019existence d\u2019un b\u00e9ton cir\u00e9 imitation parquet et celle de composer une mixture sol parquet b\u00e9ton cir\u00e9 sur une m\u00eame surface.\u00a0<\/p>\r\n\r\n\r\n\r\n<p>M\u00eame si peu abord\u00e9, il existe un type de b\u00e9ton cir\u00e9 pour parquet. Toutefois, l\u2019application du b\u00e9ton cir\u00e9 sur un sol parquet bois existant est d\u00e9licate. En effet, la pose d\u2019un b\u00e9ton cir\u00e9 s\u2019effectue sur un sol rigide, or le bois est un mat\u00e9riau souple. Comme alternative, le b\u00e9ton cir\u00e9 imitation parquet existe. Parmi les mod\u00e8les connus, il y a le b\u00e9ton cir\u00e9 parquet flottant. Sa confection consiste \u00e0 couler du b\u00e9ton sur un support en bois rainur\u00e9 \u00e0 la taille d\u2019une lame ou en format XXL. On le d\u00e9coffre ensuite pour l&rsquo;installer sur une dalle en collant les joints avec du silicone. Cette alternative reste peu populaire. Aussi, pour concilier votre amour du parquet et du b\u00e9ton cir\u00e9, il est conseill\u00e9 d\u2019opter pour une mixture parquet b\u00e9ton cir\u00e9. C\u2019est-\u00e0-dire l\u2019exemple d\u2019une cuisine en b\u00e9ton cir\u00e9 ouverte \u00e0 un salon avec un sol parquet. On en d\u00e9duit que le parquet se montre moins accueillant au b\u00e9ton cir\u00e9. Un autre rev\u00eatement prouve toutefois le contraire : il s\u2019agit du carrelage.\u00a0<\/p>\r\n\n<p style=\"text-align: center;\"><a class=\"bouton bleu\" id=\"btn-rdv-magazine\" href=\"https:\/\/www.lapeyre.fr\/prise-de-rdv\">Prendre RDV<\/a><\/p>","protected":false},"excerpt":{"rendered":"<p>Auparavant laiss\u00e9 \u00e0 l\u2019exclusivit\u00e9 des b\u00e2timents industriels, le b\u00e9ton cir\u00e9 est actuellement d\u00e9mocratis\u00e9 dans toutes constructions.\u00a0 On&#8230;<\/p>\n","protected":false},"author":1005,"featured_media":2879,"comment_status":"open","ping_status":"open","sticky":false,"template":"","format":"standard","meta":{"_acf_changed":false,"footnotes":""},"categories":[977,975],"tags":[8,17,25],"class_list":{"2":"type-post","6":"hentry"},"acf":[],"_links":{"self":[{"href":"https:\/\/www.lapeyre.fr\/c\/magazine\/wp-json\/wp\/v2\/posts\/2878","targetHints":{"allow":["GET"]}}],"collection":[{"href":"https:\/\/www.lapeyre.fr\/c\/magazine\/wp-json\/wp\/v2\/posts"}],"about":[{"href":"https:\/\/www.lapeyre.fr\/c\/magazine\/wp-json\/wp\/v2\/types\/post"}],"author":[{"embeddable":true,"href":"https:\/\/www.lapeyre.fr\/c\/magazine\/wp-json\/wp\/v2\/users\/1005"}],"replies":[{"embeddable":true,"href":"https:\/\/www.lapeyre.fr\/c\/magazine\/wp-json\/wp\/v2\/comments?post=2878"}],"version-history":[{"count":0,"href":"https:\/\/www.lapeyre.fr\/c\/magazine\/wp-json\/wp\/v2\/posts\/2878\/revisions"}],"wp:featuredmedia":[{"embeddable":true,"href":"https:\/\/www.lapeyre.fr\/c\/magazine\/wp-json\/wp\/v2\/media\/2879"}],"wp:attachment":[{"href":"https:\/\/www.lapeyre.fr\/c\/magazine\/wp-json\/wp\/v2\/media?parent=2878"}],"wp:term":[{"taxonomy":"category","embeddable":true,"href":"https:\/\/www.lapeyre.fr\/c\/magazine\/wp-json\/wp\/v2\/categories?post=2878"},{"taxonomy":"post_tag","embeddable":true,"href":"https:\/\/www.lapeyre.fr\/c\/magazine\/wp-json\/wp\/v2\/tags?post=2878"}],"curies":[{"name":"wp","href":"https:\/\/api.w.org\/{rel}","templated":true}]}}