{"id":2908,"date":"2021-07-20T12:22:32","date_gmt":"2021-07-20T10:22:32","guid":{"rendered":"https:\/\/magazine.lapeyre.fr\/c\/magazine\/?p=2908"},"modified":"2025-02-17T13:50:21","modified_gmt":"2025-02-17T12:50:21","slug":"amenager-terrasse","status":"publish","type":"post","link":"https:\/\/www.lapeyre.fr\/c\/magazine\/amenager-terrasse\/","title":{"rendered":"Am\u00e9nager sa terrasse : conseils et astuces pour pr\u00e9parer son projet"},"content":{"rendered":"\r\n<p>Vous avez la chance d\u2019avoir une terrasse mais vous ne savez pas comment l\u2019am\u00e9nager ? Un espace ext\u00e9rieur devient une pi\u00e8ce centrale \u00e0 l\u2019arriv\u00e9e du printemps. Pour s\u2019y sentir bien, \u00e0 l\u2019abri des regards indiscrets, il faut penser \u00e0 tous les am\u00e9nagements possibles. Avant de se lancer, il est utile de faire le point sur ses besoins, les contraintes et l\u2019espace \u00e0 disposition. D\u00e9couvrez nos conseils pour r\u00e9ussir votre projet et bien am\u00e9nager sa terrasse.\u00a0<\/p>\r\n\r\n\r\n\r\n<figure class=\"wp-block-embed-youtube wp-block-embed is-type-video is-provider-youtube wp-embed-aspect-16-9 wp-has-aspect-ratio\">\r\n<div class=\"wp-block-embed__wrapper\">https:\/\/www.youtube.com\/watch?v=T9jAvIANk5c<\/div>\r\n<\/figure>\r\n\r\n\r\n\r\n<h2 class=\"wp-block-heading\"><strong>Habiller une terrasse<\/strong>\u00a0<\/h2>\r\n\r\n\r\n\r\n<p><a href=\"https:\/\/www.lapeyre.fr\/c\/magazine\/preparer-mon-projet\/revetement-terasse-idee-cloture-jardin\/\" target=\"_blank\" rel=\"noreferrer noopener\"><strong>Choisir le rev\u00eatement de sol<\/strong><\/a>\u00a0de votre terrasse est la premi\u00e8re \u00e9tape de votre projet d\u2019am\u00e9nagement.\u00a0<strong>Carrelages<\/strong>,\u00a0<strong>dalles<\/strong>\u00a0; lames de terrasse en\u00a0<strong>bois massif\u00a0<\/strong>ou\u00a0<strong>bois composite<\/strong>, choisissez le\u00a0<strong>mat\u00e9riau<\/strong>\u00a0qui correspond\u00a0a\u0300 vos go\u00fbts, vos usages<strong>\u00a0<\/strong>et votre budget<strong>\u00a0<\/strong>pour l\u2019am\u00e9nagement de votre terrasse ext\u00e9rieure.\u00a0<\/p>\r\n\r\n\r\n\r\n<h3 class=\"wp-block-heading\"><strong>Des lames de terrasse en bois massifs\u202f<\/strong>\u00a0<\/h3>\r\n\r\n\r\n\r\n<p>Le\u00a0<strong>bois naturel<\/strong>\u00a0apporte \u00e9l\u00e9gance et chaleur \u00e0 la terrasse. Il se d\u00e9cline chez Lapeyre en deux essences et se r\u00e9partit en cinq classes distinctes \u00e0 choisir en fonction de l\u2019exposition de la terrasse<strong>\u00a0<\/strong>aux intemp\u00e9ries. Le pin\u00a0<strong>Sylvestre<\/strong>\u00a0est un bois clair qui est disponible en classe IV et permet d\u2019\u00eatre pos\u00e9 en contact direct avec le sol. L\u2019eau peut \u00e9ventuellement stagner sur la terrasse en bois sans souci. Le\u00a0<strong>Douglas<\/strong>\u00a0est une essence qui ne n\u00e9cessite pas de traitement. Elle contient naturellement de la r\u00e9sine qui \u00e9loigne les insectes et les champignons. Ces\u00a0<strong>bois massifs<\/strong>\u00a0sont\u00a0<strong>durables<\/strong>\u00a0dans le temps.\u00a0<\/p>\r\n\r\n\r\n\r\n<h3 class=\"wp-block-heading\"><strong>Des lames de terrasse en bois composite<\/strong>\u00a0<\/h3>\r\n\r\n\r\n\r\n<p>Issu d\u2019un m\u00e9lange de farine de bois recycl\u00e9 ou d\u2019anas de lin et de PVC ou de poly\u00e9thyl\u00e8ne, le\u00a0<a href=\"https:\/\/www.lapeyre.fr\/lames-en-bois-composite-CCN688031\" target=\"_blank\" rel=\"noreferrer noopener\"><strong>bois composite<\/strong><\/a>\u00a0est\u00a0<strong>r\u00e9sistant aux chocs<\/strong>\u00a0et aux\u00a0<strong>intemp\u00e9ries<\/strong>. C\u2019est une bonne solution pour am\u00e9nager sa terrasse. Ce mat\u00e9riau poss\u00e8de aussi une tr\u00e8s bonne\u00a0<strong>adh\u00e9rence<\/strong>\u00a0et est\u00a0<strong>antid\u00e9rapant<\/strong>. Les UV peuvent modifier la\u00a0<strong>teinte de la terrasse<\/strong>\u00a0en bois au d\u00e9but. Celle-ci se stabilise apr\u00e8s quelque temps pour se conserver pendant de longues ann\u00e9es.\u00a0<\/p>\r\n\r\n\r\n\r\n<h3 class=\"wp-block-heading\"><strong>Du gr\u00e8s c\u00e9rame sur la terrasse<\/strong>\u00a0<\/h3>\r\n\r\n\r\n\r\n<p>Le\u00a0<a href=\"https:\/\/www.lapeyre.fr\/carrelage-terrasse-CCN0219\" target=\"_blank\" rel=\"noreferrer noopener\"><strong>gr\u00e8s c\u00e9rame<\/strong><\/a>\u00a0des\u00a0<strong>dalles<\/strong>\u00a0et\u00a0<strong>carrelage<\/strong>\u00a0est le mat\u00e9riau le plus durable pour am\u00e9nager sa\u00a0<strong>terrasse ext\u00e9rieure<\/strong>\u00a0et ne bougera pas dans le temps. Les diff\u00e9rents carrelages sont class\u00e9s du plus glissant ou moins glissant. Ils peuvent \u00eatre recouverts\u00a0d\u2019une surface rugueuse suppl\u00e9mentaire. Une fois par an, un nettoyage des mousses et des joints est \u00e0 r\u00e9aliser. Petit plus : les dalles et carrelage de terrasse Lapeyre\u00a0sont\u00a0anti glissants !\u202f\u00a0<\/p>\r\n\r\n\r\n\r\n<h2 class=\"wp-block-heading\"><strong>S\u00e9curiser une terrasse<\/strong>\u00a0<\/h2>\r\n\r\n\r\n\r\n<p>S\u00e9curiser l\u2019espace ext\u00e9rieur avec une\u00a0<strong>balustrade<\/strong>\u00a0est un conseil d\u2019am\u00e9nagement de terrasse \u00e0 suivre imp\u00e9rativement. Elle \u00e9vite les chutes et permet aussi de d\u00e9limiter les diff\u00e9rents espaces qui composent l\u2019ext\u00e9rieur : repas, jeux, potager&#8230; Elle permet aussi de faciliter les installations pour se cacher du\u00a0<strong>vis-\u00e0-vis<\/strong>\u00a0et conserver ainsi son intimit\u00e9.\u00a0<\/p>\r\n\r\n\r\n\r\n<p>Diff\u00e9rents mat\u00e9riaux de balustrades sont disponibles pour am\u00e9nager sa terrasse. Qu\u2019elle soit en\u00a0<strong>acier<\/strong>, en\u00a0<strong>bois<\/strong>, en\u00a0<strong>aluminium<\/strong>\u00a0ou en\u00a0<strong>inox<\/strong>, les styles et les compositions varient. A choisir selon vos go\u00fbts et vos envies !\u202f\u00a0<\/p>\r\n\r\n\r\n\r\n<p>A noter : la balustrade d\u2019une terrasse sur\u00e9lev\u00e9e \u00e0 plus de 90 cm de hauteur doit\u00a0\u00eatre\u00a0obligatoirement \u00e9quip\u00e9e d\u2019un panneau de soubassement en verre acrylique.\u00a0<\/p>\r\n\r\n\r\n\r\n<h2 class=\"wp-block-heading\"><strong>Am\u00e9nager une terrasse pour s\u2019abriter<\/strong>\u00a0<\/h2>\r\n\r\n\r\n\r\n<p>Pour faire de sa terrasse un petit coin de paradis au sec, il suffit d\u2019installer une\u00a0<strong>tonnelle<\/strong>, un\u00a0<a href=\"https:\/\/www.lapeyre.fr\/c\/magazine\/inspirations-tendances\/avantages-stores-bannes\/\" target=\"_blank\" rel=\"noreferrer noopener\"><strong>store banne<\/strong><\/a>\u00a0ou une\u00a0<strong>pergola<\/strong>. L\u2019id\u00e9al pour profiter de son ext\u00e9rieur tout en \u00e9tant abrit\u00e9 s\u2019il se met\u00a0a\u0300 pleuvoir pendant le d\u00e9jeuner dominical !\u202f\u00a0<\/p>\r\n\r\n\r\n\r\n<p>La\u00a0<a href=\"https:\/\/www.lapeyre.fr\/tonnelles-toits-terrasse-CCN0081\" target=\"_blank\" rel=\"noreferrer noopener\"><strong>tonnelle de terrasse<\/strong><\/a>\u00a0est compos\u00e9e d\u2019une structure avec des pieds et des tubes qui viennent soutenir un toit. Selon vos pr\u00e9f\u00e9rences et vos envies, le\u00a0<strong>syst\u00e8me d\u2019ombrage<\/strong>\u00a0sera en toile, en polyester ou r\u00e9alis\u00e9 avec des stores. De diff\u00e9rentes formes, les tonnelles sont faciles \u00e0 monter et d\u2019un bon rapport qualit\u00e9 prix pour l\u2019am\u00e9nagement d\u2019une terrasse de jardin.\u00a0<\/p>\r\n\r\n\r\n\r\n<p>Les\u00a0<strong>stores bannes<\/strong>\u00a0existent sous trois formes : monobloc, \u00e0 semi-coffre ou \u00e0 coffre int\u00e9gral. Le premier n\u2019a pas de\u00a0<a href=\"https:\/\/www.lapeyre.fr\/c\/magazine\/inspirations-tendances\/store-banne-exterieur\/\" target=\"_blank\" rel=\"noreferrer noopener\"><strong>coffre protecteur<\/strong><\/a>\u00a0et le dernier poss\u00e8de un syst\u00e8me qui prot\u00e8ge le syst\u00e8me entier, toile et armature. Ils se d\u00e9clinent en version manuelle, semi-\u00e9lectrique ou \u00e9lectrique.\u00a0<\/p>\r\n\r\n\r\n\r\n<p>La\u00a0<a href=\"https:\/\/www.lapeyre.fr\/toits-terrasse-CCN688024\" target=\"_blank\" rel=\"noreferrer noopener\"><strong>pergola<\/strong><\/a>\u00a0est une autre id\u00e9e d\u2019am\u00e9nagement pour\u00a0<strong>couvrir sa terrasse<\/strong>. Avec une structure durable et fixe, elle est parfaitement \u00e9tanche, r\u00e9sistante, \u00e9vacue l\u2019eau facilement. Elle demande cependant un budget plus important.\u00a0<\/p>\r\n\r\n\r\n\r\n<p>Afin de cr\u00e9er un univers de d\u00e9tente\u00a0<strong>cosy<\/strong>, le\u00a0<strong>mobilier<\/strong>\u00a0est aussi important. Un\u00a0<strong>salon de jardin<\/strong>, un\u00a0<strong>\u00e9clairage<\/strong>\u00a0adapt\u00e9 avec des luminaires par exemple, des \u00e9l\u00e9ments de d\u00e9coration et de la\u00a0<strong>v\u00e9g\u00e9tation<\/strong>\u00a0sont d\u2019autres id\u00e9es d\u2019am\u00e9nagement terrasse. Il peut \u00eatre agr\u00e9able de mettre en place un\u00a0<strong>potager<\/strong>\u00a0qui \u00e9gayera votre terrasse d\u2019ext\u00e9rieur et qui vous offrira de belles r\u00e9coltes si vous y pr\u00eatez de l\u2019attention. Sa proximit\u00e9 avec la cuisine a aussi son c\u00f4t\u00e9 pratique. Et pourquoi pas installer un barbecue pour profiter entre amis ou en famille d\u2019un moment privil\u00e9gi\u00e9 et convivial ?\u00a0<\/p>\r\n\r\n\r\n\r\n<p>Pour des conseils personnalis\u00e9s, nos experts vous attendent en magasin Lapeyre ou sur\u00a0<a href=\"http:\/\/lapeyre.fr\/\" target=\"_blank\" rel=\"noreferrer noopener\">lapeyre.fr<\/a>.\u00a0<\/p>\r\n\n<p style=\"text-align: center;\"><a class=\"bouton bleu\" id=\"btn-rdv-magazine\" href=\"https:\/\/www.lapeyre.fr\/prise-de-rdv\">Prendre RDV<\/a><\/p>","protected":false},"excerpt":{"rendered":"<p>Vous avez la chance d\u2019avoir une terrasse mais vous ne savez pas comment l\u2019am\u00e9nager ? Un espace&#8230;<\/p>\n","protected":false},"author":1005,"featured_media":2910,"comment_status":"open","ping_status":"open","sticky":false,"template":"","format":"standard","meta":{"_acf_changed":false,"footnotes":""},"categories":[980,979],"tags":[26,27,908],"class_list":{"2":"type-post","6":"hentry"},"acf":[],"_links":{"self":[{"href":"https:\/\/www.lapeyre.fr\/c\/magazine\/wp-json\/wp\/v2\/posts\/2908","targetHints":{"allow":["GET"]}}],"collection":[{"href":"https:\/\/www.lapeyre.fr\/c\/magazine\/wp-json\/wp\/v2\/posts"}],"about":[{"href":"https:\/\/www.lapeyre.fr\/c\/magazine\/wp-json\/wp\/v2\/types\/post"}],"author":[{"embeddable":true,"href":"https:\/\/www.lapeyre.fr\/c\/magazine\/wp-json\/wp\/v2\/users\/1005"}],"replies":[{"embeddable":true,"href":"https:\/\/www.lapeyre.fr\/c\/magazine\/wp-json\/wp\/v2\/comments?post=2908"}],"version-history":[{"count":0,"href":"https:\/\/www.lapeyre.fr\/c\/magazine\/wp-json\/wp\/v2\/posts\/2908\/revisions"}],"wp:featuredmedia":[{"embeddable":true,"href":"https:\/\/www.lapeyre.fr\/c\/magazine\/wp-json\/wp\/v2\/media\/2910"}],"wp:attachment":[{"href":"https:\/\/www.lapeyre.fr\/c\/magazine\/wp-json\/wp\/v2\/media?parent=2908"}],"wp:term":[{"taxonomy":"category","embeddable":true,"href":"https:\/\/www.lapeyre.fr\/c\/magazine\/wp-json\/wp\/v2\/categories?post=2908"},{"taxonomy":"post_tag","embeddable":true,"href":"https:\/\/www.lapeyre.fr\/c\/magazine\/wp-json\/wp\/v2\/tags?post=2908"}],"curies":[{"name":"wp","href":"https:\/\/api.w.org\/{rel}","templated":true}]}}